{"id":67023,"date":"2025-02-13T09:00:45","date_gmt":"2025-02-13T07:00:45","guid":{"rendered":"https:\/\/orheifm.live\/index.php\/2025\/02\/13\/cer-senin-si-temperaturi-scazute-in-chisinau-detalii-despre-vremea-de-astazi\/"},"modified":"2025-02-13T09:00:45","modified_gmt":"2025-02-13T07:00:45","slug":"cer-senin-si-temperaturi-scazute-in-chisinau-detalii-despre-vremea-de-astazi","status":"publish","type":"post","link":"https:\/\/orheifm.live\/index.php\/2025\/02\/13\/cer-senin-si-temperaturi-scazute-in-chisinau-detalii-despre-vremea-de-astazi\/","title":{"rendered":"Cer senin \u0219i temperaturi sc\u0103zute \u00een Chi\u0219in\u0103u: Detalii despre vremea de ast\u0103zi"},"content":{"rendered":"<div>\n<p><strong>Ast\u0103zi, vremea \u00een Republica Moldova va fi predominant stabil\u0103, cu cer senin \u0219i f\u0103r\u0103 precipita\u021bii semnificative, conform Serviciului Hidrometeorologic de Stat. \u00cen Chi\u0219in\u0103u, temperaturile diminea\u021ba vor fi sub zero grade, pornind de la -8,7\u00b0C \u0219i ating\u00e2nd un maxim de aproximativ 2,9\u00b0C. Cerul va fi acoperit de cea\u021b\u0103 dens\u0103 diminea\u021ba, dar va deveni mai clar pe parcursul zilei, f\u0103r\u0103 precipita\u021bii.<\/strong><\/p>\n<p>M\u00e2ine, temperaturile vor cre\u0219te u\u0219or, cu o maxim\u0103 de 6,8\u00b0C \u0219i o minim\u0103 de -4,4\u00b0C. Diminea\u021ba va fi cea\u021b\u0103, dar nu se vor \u00eenregistra ploi sau z\u0103pad\u0103.<\/p>\n<p>Poim\u00e2ine, vremea se va schimba, cu ninsori u\u0219oare pe parcursul zilei. Temperatura maxim\u0103 va fi de 1,5\u00b0C, iar minima de -5,3\u00b0C, cu ninsoare de p\u00e2n\u0103 la opt ore \u0219i o probabilitate de precipita\u021bii de 73%.<\/p>\n<\/div>\n","protected":false},"excerpt":{"rendered":"<div><img loading=\"lazy\" decoding=\"async\" width=\"696\" height=\"466\" src=\"https:\/\/canal5.md\/wp-content\/uploads\/2025\/02\/grauer-himmel-ueber-neuss-2b8f6437-782d-4150-bd8e-d557c1d8c173-optimized.jpg\" class=\"attachment-large size-large wp-post-image\" alt=\"\" srcset=\"https:\/\/canal5.md\/wp-content\/uploads\/2025\/02\/grauer-himmel-ueber-neuss-2b8f6437-782d-4150-bd8e-d557c1d8c173-optimized.jpg 1024w, https:\/\/canal5.md\/wp-content\/uploads\/2025\/02\/grauer-himmel-ueber-neuss-2b8f6437-782d-4150-bd8e-d557c1d8c173-300x201-optimized.jpg 300w, https:\/\/canal5.md\/wp-content\/uploads\/2025\/02\/grauer-himmel-ueber-neuss-2b8f6437-782d-4150-bd8e-d557c1d8c173-768x514-optimized.jpg 768w, https:\/\/canal5.md\/wp-content\/uploads\/2025\/02\/grauer-himmel-ueber-neuss-2b8f6437-782d-4150-bd8e-d557c1d8c173-696x466-optimized.jpg 696w\">Ast\u0103zi, vremea \u00een Republica Moldova va fi predominant stabil\u0103, cu cer senin \u0219i f\u0103r\u0103 precipita\u021bii semnificative, conform Serviciului Hidrometeorologic de Stat. \u00cen Chi\u0219in\u0103u, temperaturile diminea\u021ba vor fi sub zero grade, pornind de la -8,7\u00b0C \u0219i ating\u00e2nd un maxim de aproximativ 2,9\u00b0C. Cerul va fi acoperit de cea\u021b\u0103 dens\u0103 diminea\u021ba, dar va deveni mai clar pe [\u2026]<\/div>\n","protected":false},"author":1,"featured_media":67024,"comment_status":"closed","ping_status":"closed","sticky":false,"template":"","format":"standard","meta":{"jnews-multi-image_gallery":[],"jnews_single_post":[],"jnews_primary_category":[],"jnews_social_meta":[],"jnews_override_counter":[],"footnotes":""},"categories":[30],"tags":[],"class_list":["post-67023","post","type-post","status-publish","format-standard","has-post-thumbnail","hentry","category-social_ro"],"_links":{"self":[{"href":"https:\/\/orheifm.live\/index.php\/wp-json\/wp\/v2\/posts\/67023","targetHints":{"allow":["GET"]}}],"collection":[{"href":"https:\/\/orheifm.live\/index.php\/wp-json\/wp\/v2\/posts"}],"about":[{"href":"https:\/\/orheifm.live\/index.php\/wp-json\/wp\/v2\/types\/post"}],"author":[{"embeddable":true,"href":"https:\/\/orheifm.live\/index.php\/wp-json\/wp\/v2\/users\/1"}],"replies":[{"embeddable":true,"href":"https:\/\/orheifm.live\/index.php\/wp-json\/wp\/v2\/comments?post=67023"}],"version-history":[{"count":0,"href":"https:\/\/orheifm.live\/index.php\/wp-json\/wp\/v2\/posts\/67023\/revisions"}],"wp:featuredmedia":[{"embeddable":true,"href":"https:\/\/orheifm.live\/index.php\/wp-json\/wp\/v2\/media\/67024"}],"wp:attachment":[{"href":"https:\/\/orheifm.live\/index.php\/wp-json\/wp\/v2\/media?parent=67023"}],"wp:term":[{"taxonomy":"category","embeddable":true,"href":"https:\/\/orheifm.live\/index.php\/wp-json\/wp\/v2\/categories?post=67023"},{"taxonomy":"post_tag","embeddable":true,"href":"https:\/\/orheifm.live\/index.php\/wp-json\/wp\/v2\/tags?post=67023"}],"curies":[{"name":"wp","href":"https:\/\/api.w.org\/{rel}","templated":true}]}}