{"id":67021,"date":"2025-02-12T22:17:17","date_gmt":"2025-02-12T20:17:17","guid":{"rendered":"https:\/\/orheifm.live\/index.php\/2025\/02\/12\/dupa-ce-a-vorbit-90-de-minute-cu-putin-trump-l-a-sunat-si-pe-zelenski\/"},"modified":"2025-02-12T22:17:17","modified_gmt":"2025-02-12T20:17:17","slug":"dupa-ce-a-vorbit-90-de-minute-cu-putin-trump-l-a-sunat-si-pe-zelenski","status":"publish","type":"post","link":"https:\/\/orheifm.live\/index.php\/2025\/02\/12\/dupa-ce-a-vorbit-90-de-minute-cu-putin-trump-l-a-sunat-si-pe-zelenski\/","title":{"rendered":"Dup\u0103 ce a vorbit 90 de minute cu Putin, Trump l-a sunat \u0219i pe Zelenski"},"content":{"rendered":"<div>\n<p><strong>Pre\u0219edintele american Donald Trump a avut o convorbire telefonic\u0103, miercuri, cu pre\u0219edintele rus Vladimir Putin. \u201eTocmai am avut o convorbire telefonic\u0103 lung\u0103 \u0219i foarte productiv\u0103 cu pre\u0219edintele Rusiei, Vladimir Putin\u201d, a scris Trump, pe re\u021beaua sa social\u0103. <\/strong><\/p>\n<p>Purt\u0103torul de cuv\u00e2nt al Kremlinului, Dmitri Peskov, a transmis c\u0103 a fost o convorbire \u201efoarte lung\u0103\u201d care a durat \u201eaproape o or\u0103 \u0219i jum\u0103tate\u201d. Dup\u0103 discu\u021bia cu Putin, Trump l-a sunat pe pre\u0219edintele ucrainean Volodimir Zelenski.<\/p>\n<p>UPDATE 19:50 Potrivit CNN, pre\u0219edintele SUA Donald Trump a avut o discu\u021bie telefonic\u0103 cu pre\u0219edintele ucrainean Volodimir Zelenski.<\/p>\n<p class=\"p1\"><span class=\"s1\">\u00centr-o postare pe re\u021belele sociale, Volodimir Zelenski a spus c\u0103 a vorbit cu Trump despre \u201eoportunit\u0103\u021bile de a realiza pacea\u201d \u0219i c\u0103 lucreaz\u0103 cu SUA \u201epentru a stabili urm\u0103torii pa\u0219i pentru a opri agresiunea rus\u0103 \u0219i pentru a asigura o pace durabil\u0103 \u0219i de \u00eencredere\u201d.<\/span><\/p>\n<p class=\"p1\"><span class=\"s1\">Cei doi au convenit s\u0103 r\u0103m\u00e2n\u0103 \u00een leg\u0103tur\u0103 \u0219i s\u0103 planifice noi \u00eent\u00e2lniri.<\/span><\/p>\n<p class=\"p1\"><span class=\"s1\">\u201eAm avut o conversa\u021bie bun\u0103 cu @POTUS.<\/span><\/p>\n<p class=\"p1\"><span class=\"s1\">Am vorbit mult timp despre oportunit\u0103\u021bile de a atinge pacea, am discutat despre disponibilitatea noastr\u0103 de a lucra \u00eempreun\u0103 la nivel de echip\u0103 \u0219i despre capacit\u0103\u021bile tehnologice ale Ucrainei, inclusiv drone \u0219i alte industrii avansate. \u00cei sunt recunosc\u0103tor pre\u0219edintelui Trump pentru interesul s\u0103u fa\u021b\u0103 de ceea ce putem realiza \u00eempreun\u0103.<\/span><\/p>\n<p class=\"p1\"><span class=\"s1\">Am vorbit, de asemenea, despre discu\u021bia mea cu @SecScottBessent \u0219i despre preg\u0103tirea unui nou document privind securitatea, cooperarea economic\u0103 \u0219i parteneriatul pe resurse. Pre\u0219edintele Trump a \u00eemp\u0103rt\u0103\u0219it detalii despre conversa\u021bia sa cu Putin.<\/span><\/p>\n<p class=\"p1\"><span class=\"s1\">Nimeni nu \u00ee\u0219i dore\u0219te pacea mai mult dec\u00e2t Ucraina. \u00cempreun\u0103 cu SUA, stabilim urm\u0103torii pa\u0219i pentru a opri agresiunea rus\u0103 \u0219i pentru a asigura o pace durabil\u0103 \u0219i de \u00eencredere. Dup\u0103 cum a spus pre\u0219edintele Trump, haide\u021bi s\u0103 o facem. Am convenit s\u0103 men\u021binem un contact str\u00e2ns \u0219i s\u0103 planific\u0103m \u00eent\u00e2lnirile viitoare\u201d, a scris Zelenski.<\/span><\/p>\n<h2>Ce a discutat Trump cu Putin<\/h2>\n<p>Discu\u021bia dintre Trump \u0219i Putin are loc la o zi distan\u021b\u0103 de la\u00a0<a href=\"https:\/\/www.antena3.ro\/externe\/s-a-aflat-pentru-cine-a-fost-trimis-avionul-misterios-la-moscova-sua-au-purtat-negocieri-secrete-cu-rusia-pentru-un-detinut-american-736083.html\">eliberarea unui ostatic american<\/a>, dup\u0103 vizita neanun\u021bat\u0103 la Moscova a trimisului special al lui Donald Trump \u00een Orientul Mjlociu.<\/p>\n<p>Trump a scris pe re\u021beaua sa social\u0103 Truth Social: \u201eAm discutat despre Ucraina, Orientul Mijlociu, energie, inteligen\u021b\u0103 artificial\u0103, puterea dolarului \u0219i diverse alte subiecte\u201d.<\/p>\n<p>Trump \u0219i-a semnalat de s\u0103pt\u0103m\u00e2ni \u00eentregi dorin\u021ba de a vorbi cu Putin \u00een timp ce lucreaz\u0103 pentru a rezolva conflictul din Ucraina.<\/p>\n<p>\u201eAm fost de acord s\u0103 lucr\u0103m \u00eempreun\u0103, foarte str\u00e2ns, inclusiv s\u0103 ne vizit\u0103m. De asemenea, am convenit ca echipele noastre s\u0103 \u00eenceap\u0103 imediat negocierile \u0219i vom \u00eencepe prin a-l suna pe pre\u0219edintele Zelenski pentru a-l informa despre conversa\u021bie, lucru pe care \u00eel voi face chiar acum\u201d, a scris Trump.<\/p>\n<p>Mesajul lui Donald Trump:<\/p>\n<p>\u201eTocmai am avut o convorbire telefonic\u0103 lung\u0103 \u0219i foarte productiv\u0103 cu pre\u0219edintele Rusiei, Vladimir Putin. Am discutat despre Ucraina, Orientul Mijlociu, energie, inteligen\u021b\u0103 artificial\u0103, puterea dolarului \u0219i diverse alte subiecte. Am\u00e2ndoi am reflectat asupra marii istorii a na\u021biunilor noastre \u0219i asupra faptului c\u0103 am luptat \u00eempreun\u0103 cu at\u00e2t de mult succes \u00een cel de-al Doilea R\u0103zboi Mondial, amintindu-ne c\u0103 Rusia a pierdut zeci de milioane de oameni, iar noi, la fel, am pierdut la fel de mul\u021bi oameni!<\/p>\n<p>Fiecare dintre noi a vorbit despre punctele forte ale na\u021biunilor noastre respective \u0219i despre marele beneficiu pe care \u00eel vom avea \u00eentr-o zi lucr\u00e2nd \u00eempreun\u0103. Dar mai \u00eent\u00e2i, a\u0219a cum am convenit am\u00e2ndoi, vrem s\u0103 oprim milioanele de mor\u021bi care au loc \u00een r\u0103zboiul cu Rusia\/Ucraina.<\/p>\n<p>Pre\u0219edintele Putin chiar a folosit motto-ul meu foarte puternic de campanie, \u201eBunul Sim\u021b\u201d. Am\u00e2ndoi credem foarte mult \u00een el. Am convenit s\u0103 lucr\u0103m \u00eempreun\u0103, foarte str\u00e2ns, inclusiv s\u0103 ne vizit\u0103m reciproc na\u021biunile. De asemenea, am convenit ca echipele noastre s\u0103 \u00eenceap\u0103 imediat negocierile \u0219i vom \u00eencepe prin a-l suna pe pre\u0219edintele Ucrainei, Zelenski, pentru a-l informa cu privire la conversa\u021bie, lucru pe care \u00eel voi face chiar acum.<\/p>\n<p>I-am rugat pe secretarul de stat Marco Rubio, pe directorul CIA John Ratcliffe, pe consilierul pentru securitate na\u021bional\u0103 Michael Waltz \u0219i pe ambasadorul \u0219i trimisul special Steve Witkoff s\u0103 conduc\u0103 negocierile care, sunt convins, vor avea succes.<\/p>\n<p>Milioane de oameni au murit \u00eentr-un r\u0103zboi care nu ar fi avut loc dac\u0103 a\u0219 fi fost eu pre\u0219edinte, dar a avut loc, a\u0219a c\u0103 trebuie s\u0103 se \u00eencheie. Nu ar trebui s\u0103 se mai piard\u0103 alte vie\u021bi! Doresc s\u0103 \u00eei mul\u021bumesc pre\u0219edintelui Putin pentru timpul \u0219i eforturile sale \u00een leg\u0103tur\u0103 cu acest apel \u0219i pentru eliberarea, ieri, a lui Marc Fogel, un om minunat pe care l-am salutat personal asear\u0103 la Casa Alb\u0103. Cred c\u0103 acest efort va duce la o concluzie de succes, sper\u0103m \u00een cur\u00e2nd!\u201d<\/p>\n<p>Predecesorul s\u0103u, pre\u0219edintele Joe Biden, nu a vorbit cu omologul s\u0103u rus de aproape trei ani.<\/p>\n<h2>Trump a vorbit cu Putin \u00een ziua \u00een care americanii anun\u021b\u0103 la NATO c\u0103 nu \u00eei mai preocup\u0103 securitatea Europei<\/h2>\n<p>Discu\u021bia cu Putin are loc \u0219i \u00een contextul \u00een care, tot miercuri, secretarul american al Ap\u0103r\u0103rii,\u00a0<a href=\"https:\/\/www.antena3.ro\/externe\/pete-hegseth-arunca-bomba-la-prima-lui-sedinta-la-nato-intoarcerea-la-granitele-ucrainei-de-dinainte-de-2014-e-nerealista-736189.html\">Pete Hegseth a anun\u021bat la NATO<\/a>\u00a0c\u0103 \u201erealit\u0103\u021bile strategice severe \u00eempiedic\u0103 Statele Unite s\u0103 se concentreze \u00een primul r\u00e2nd pe securitatea Europei\u201d, deoarece SUA se concentreaz\u0103 pe \u201esecurizarea propriilor grani\u021be\u201d \u0219i \u201edescurajarea r\u0103zboiului cu China \u00een Pacific\u201d.<\/p>\n<p>\u201ePre\u0219edintele Trump a fost clar cu poporul american \u2013 \u0219i cu mul\u021bi dintre liderii vo\u0219tri \u2013 c\u0103 oprirea r\u0103zboiului \u0219i atingerea unei p\u0103ci durabile este o prioritate de v\u00e2rf\u201d, a spus Hegseth despre Ucraina.<\/p>\n<p>\u201eInten\u021bioneaz\u0103 s\u0103 pun\u0103 cap\u0103t acestui r\u0103zboi prin diploma\u021bie \u0219i aduc\u00e2nd at\u00e2t Rusia, c\u00e2t \u0219i Ucraina la mas\u0103. Iar Departamentul Ap\u0103r\u0103rii al SUA va ajuta la atingerea acestui obiectiv\u201d, a continuat Hegseth.<\/p>\n<p>\u201eVrem o Ucraina suveran\u0103 \u0219i prosper\u0103. Dar trebuie s\u0103 \u00eencepem prin a recunoa\u0219te c\u0103 \u00eentoarcerea la grani\u021bele Ucrainei de dinainte de 2014 este un obiectiv nerealist. Urm\u0103rirea acestui obiectiv iluzionar nu va face dec\u00e2t s\u0103 prelungeasc\u0103 r\u0103zboiul \u0219i s\u0103 provoace mai mult\u0103 suferin\u021b\u0103\u201d, spune \u0219eful Pentagonului.<\/p>\n<p>Recent, Donald Trump\u00a0a declarat c\u0103 Ucraina \u201ear putea fi rus\u0103\u201d\u00a0\u00eentr-o zi, ceea ce a transmis semnale de \u00eengrijorare la Kiev.<\/p>\n<\/div>\n","protected":false},"excerpt":{"rendered":"<div><img loading=\"lazy\" decoding=\"async\" width=\"696\" height=\"392\" src=\"https:\/\/canal5.md\/wp-content\/uploads\/2025\/02\/trump-a-avut-o-lunga-conversatie-cu-putin-despre-ucraina-il-sun-acum-pe-zelenski-951839-1024x576-optimized.jpg\" class=\"attachment-large size-large wp-post-image\" alt=\"\" srcset=\"https:\/\/canal5.md\/wp-content\/uploads\/2025\/02\/trump-a-avut-o-lunga-conversatie-cu-putin-despre-ucraina-il-sun-acum-pe-zelenski-951839-1024x576-optimized.jpg 1024w, https:\/\/canal5.md\/wp-content\/uploads\/2025\/02\/trump-a-avut-o-lunga-conversatie-cu-putin-despre-ucraina-il-sun-acum-pe-zelenski-951839-300x169-optimized.jpg 300w, https:\/\/canal5.md\/wp-content\/uploads\/2025\/02\/trump-a-avut-o-lunga-conversatie-cu-putin-despre-ucraina-il-sun-acum-pe-zelenski-951839-768x432-optimized.jpg 768w, https:\/\/canal5.md\/wp-content\/uploads\/2025\/02\/trump-a-avut-o-lunga-conversatie-cu-putin-despre-ucraina-il-sun-acum-pe-zelenski-951839-696x392-optimized.jpg 696w, https:\/\/canal5.md\/wp-content\/uploads\/2025\/02\/trump-a-avut-o-lunga-conversatie-cu-putin-despre-ucraina-il-sun-acum-pe-zelenski-951839-1068x601-optimized.jpg 1068w, https:\/\/canal5.md\/wp-content\/uploads\/2025\/02\/trump-a-avut-o-lunga-conversatie-cu-putin-despre-ucraina-il-sun-acum-pe-zelenski-951839-optimized.jpg 1200w\">Pre\u0219edintele american Donald Trump a avut o convorbire telefonic\u0103, miercuri, cu pre\u0219edintele rus Vladimir Putin. \u201eTocmai am avut o convorbire telefonic\u0103 lung\u0103 \u0219i foarte productiv\u0103 cu pre\u0219edintele Rusiei, Vladimir Putin\u201d, a scris Trump, pe re\u021beaua sa social\u0103. Purt\u0103torul de cuv\u00e2nt al Kremlinului, Dmitri Peskov, a transmis c\u0103 a fost o convorbire \u201efoarte lung\u0103\u201d care a [\u2026]<\/div>\n","protected":false},"author":1,"featured_media":67022,"comment_status":"closed","ping_status":"closed","sticky":false,"template":"","format":"standard","meta":{"jnews-multi-image_gallery":[],"jnews_single_post":[],"jnews_primary_category":[],"jnews_social_meta":[],"jnews_override_counter":[],"footnotes":""},"categories":[29],"tags":[],"class_list":["post-67021","post","type-post","status-publish","format-standard","has-post-thumbnail","hentry","category-externe_ro"],"_links":{"self":[{"href":"https:\/\/orheifm.live\/index.php\/wp-json\/wp\/v2\/posts\/67021","targetHints":{"allow":["GET"]}}],"collection":[{"href":"https:\/\/orheifm.live\/index.php\/wp-json\/wp\/v2\/posts"}],"about":[{"href":"https:\/\/orheifm.live\/index.php\/wp-json\/wp\/v2\/types\/post"}],"author":[{"embeddable":true,"href":"https:\/\/orheifm.live\/index.php\/wp-json\/wp\/v2\/users\/1"}],"replies":[{"embeddable":true,"href":"https:\/\/orheifm.live\/index.php\/wp-json\/wp\/v2\/comments?post=67021"}],"version-history":[{"count":0,"href":"https:\/\/orheifm.live\/index.php\/wp-json\/wp\/v2\/posts\/67021\/revisions"}],"wp:featuredmedia":[{"embeddable":true,"href":"https:\/\/orheifm.live\/index.php\/wp-json\/wp\/v2\/media\/67022"}],"wp:attachment":[{"href":"https:\/\/orheifm.live\/index.php\/wp-json\/wp\/v2\/media?parent=67021"}],"wp:term":[{"taxonomy":"category","embeddable":true,"href":"https:\/\/orheifm.live\/index.php\/wp-json\/wp\/v2\/categories?post=67021"},{"taxonomy":"post_tag","embeddable":true,"href":"https:\/\/orheifm.live\/index.php\/wp-json\/wp\/v2\/tags?post=67021"}],"curies":[{"name":"wp","href":"https:\/\/api.w.org\/{rel}","templated":true}]}}