{"id":67017,"date":"2025-02-12T21:49:25","date_gmt":"2025-02-12T19:49:25","guid":{"rendered":"https:\/\/orheifm.live\/index.php\/2025\/02\/12\/trei-turisti-straini-blocati-pe-un-traseu-din-muntii-bucegi-salvati-cu-elicopterul\/"},"modified":"2025-02-12T21:49:25","modified_gmt":"2025-02-12T19:49:25","slug":"trei-turisti-straini-blocati-pe-un-traseu-din-muntii-bucegi-salvati-cu-elicopterul","status":"publish","type":"post","link":"https:\/\/orheifm.live\/index.php\/2025\/02\/12\/trei-turisti-straini-blocati-pe-un-traseu-din-muntii-bucegi-salvati-cu-elicopterul\/","title":{"rendered":"Trei turi\u015fti str\u0103ini bloca\u0163i pe un traseu din mun\u0163ii Bucegi, salva\u0163i cu elicopterul"},"content":{"rendered":"<div>\n<p><strong>Trei turi\u015fti str\u0103ini care au r\u0103mas bloca\u0163i pe un traseu din mun\u0163ii Bucegi, \u00eentr-o zon\u0103 extrem de dificil\u0103, au fost salva\u0163i de salvamonti\u015ftii din Prahova, fiind prelua\u0163i cu un elicopter. Salvatorii s-au lansat cu troliul \u015fi i-au preluat pe cei trei, care intraser\u0103 \u00een hipotermie.<\/strong><\/p>\n<p>Potrivit datelor f\u0103cute publice, miercuri sear\u0103, de Salvamont Prahova, misiunea de salvare s-a desf\u0103\u015furat sub cascada Caraiman, \u00eentr-o zon\u0103 dificil\u0103, \u00een care \u00een ultima perioad\u0103 mai mul\u0163i turi\u015fti au r\u0103mas bloca\u0163i, fiind nevoi\u0163i s\u0103 solicite sprijinul Salvamont.<\/p>\n<p>\u201eProfit\u00e2nd de lumina zilei, am solicitat ajutorul elicopterul IGAv-SMURD. A fost vorba de trei turi\u015fti str\u0103ini, care orient\u00e2ndu-se dup\u0103 Google maps, au r\u0103mas bloca\u0163i pe Jepii Mici, fiind panica\u0163i \u015fi \u00een u\u015foar\u0103 stare de hipotermie.<\/p>\n<p>Doi salvatori montani au fost insera\u0163i prin troliere \u015fi i-au recuperat pe cei trei\u201d, informeaz\u0103 Salvamont Prahova.<\/p>\n<p>Turi\u015ftii au fost du\u015fi la baza Salvamont Prahova situat\u0103 la Cota 1400 din Bucegi. O echip\u0103 de salvatori montani a fost preg\u0103tit\u0103 s\u0103 intervin\u0103 terestru, \u00een situa\u0163ia \u00een care interven\u0163ia elicopterului nu s-ar fi putut realiza.<\/p>\n<\/div>\n","protected":false},"excerpt":{"rendered":"<div><img loading=\"lazy\" decoding=\"async\" width=\"696\" height=\"393\" src=\"https:\/\/canal5.md\/wp-content\/uploads\/2025\/02\/y2fhmwmwmzllyjixmgq0n2i0zdqyodg0n2my.thumb_-optimized.jpg\" class=\"attachment-large size-large wp-post-image\" alt=\"\" srcset=\"https:\/\/canal5.md\/wp-content\/uploads\/2025\/02\/y2fhmwmwmzllyjixmgq0n2i0zdqyodg0n2my.thumb_-optimized.jpg 780w, https:\/\/canal5.md\/wp-content\/uploads\/2025\/02\/y2fhmwmwmzllyjixmgq0n2i0zdqyodg0n2my.thumb_-300x169-optimized.jpg 300w, https:\/\/canal5.md\/wp-content\/uploads\/2025\/02\/y2fhmwmwmzllyjixmgq0n2i0zdqyodg0n2my.thumb_-768x433-optimized.jpg 768w, https:\/\/canal5.md\/wp-content\/uploads\/2025\/02\/y2fhmwmwmzllyjixmgq0n2i0zdqyodg0n2my.thumb_-696x393-optimized.jpg 696w\">Trei turi\u015fti str\u0103ini care au r\u0103mas bloca\u0163i pe un traseu din mun\u0163ii Bucegi, \u00eentr-o zon\u0103 extrem de dificil\u0103, au fost salva\u0163i de salvamonti\u015ftii din Prahova, fiind prelua\u0163i cu un elicopter. Salvatorii s-au lansat cu troliul \u015fi i-au preluat pe cei trei, care intraser\u0103 \u00een hipotermie. Potrivit datelor f\u0103cute publice, miercuri sear\u0103, de Salvamont Prahova, misiunea [\u2026]<\/div>\n","protected":false},"author":1,"featured_media":67018,"comment_status":"closed","ping_status":"closed","sticky":false,"template":"","format":"standard","meta":{"jnews-multi-image_gallery":[],"jnews_single_post":[],"jnews_primary_category":[],"jnews_social_meta":[],"jnews_override_counter":[],"footnotes":""},"categories":[29],"tags":[],"class_list":["post-67017","post","type-post","status-publish","format-standard","has-post-thumbnail","hentry","category-externe_ro"],"_links":{"self":[{"href":"https:\/\/orheifm.live\/index.php\/wp-json\/wp\/v2\/posts\/67017","targetHints":{"allow":["GET"]}}],"collection":[{"href":"https:\/\/orheifm.live\/index.php\/wp-json\/wp\/v2\/posts"}],"about":[{"href":"https:\/\/orheifm.live\/index.php\/wp-json\/wp\/v2\/types\/post"}],"author":[{"embeddable":true,"href":"https:\/\/orheifm.live\/index.php\/wp-json\/wp\/v2\/users\/1"}],"replies":[{"embeddable":true,"href":"https:\/\/orheifm.live\/index.php\/wp-json\/wp\/v2\/comments?post=67017"}],"version-history":[{"count":0,"href":"https:\/\/orheifm.live\/index.php\/wp-json\/wp\/v2\/posts\/67017\/revisions"}],"wp:featuredmedia":[{"embeddable":true,"href":"https:\/\/orheifm.live\/index.php\/wp-json\/wp\/v2\/media\/67018"}],"wp:attachment":[{"href":"https:\/\/orheifm.live\/index.php\/wp-json\/wp\/v2\/media?parent=67017"}],"wp:term":[{"taxonomy":"category","embeddable":true,"href":"https:\/\/orheifm.live\/index.php\/wp-json\/wp\/v2\/categories?post=67017"},{"taxonomy":"post_tag","embeddable":true,"href":"https:\/\/orheifm.live\/index.php\/wp-json\/wp\/v2\/tags?post=67017"}],"curies":[{"name":"wp","href":"https:\/\/api.w.org\/{rel}","templated":true}]}}