{"id":67004,"date":"2025-02-12T21:14:02","date_gmt":"2025-02-12T19:14:02","guid":{"rendered":"https:\/\/orheifm.live\/index.php\/2025\/02\/12\/ilan-sor-lanseaza-miscarea-victorie-9-45-pentru-pastrarea-memoriei-istorice-si-unirea-popoarelor-in-fata-rescrierii-istoriei\/"},"modified":"2025-02-12T21:14:02","modified_gmt":"2025-02-12T19:14:02","slug":"ilan-sor-lanseaza-miscarea-victorie-9-45-pentru-pastrarea-memoriei-istorice-si-unirea-popoarelor-in-fata-rescrierii-istoriei","status":"publish","type":"post","link":"https:\/\/orheifm.live\/index.php\/2025\/02\/12\/ilan-sor-lanseaza-miscarea-victorie-9-45-pentru-pastrarea-memoriei-istorice-si-unirea-popoarelor-in-fata-rescrierii-istoriei\/","title":{"rendered":"Ilan \u0218or lanseaz\u0103 mi\u0219carea \u201eVictorie 9\/45\u201d pentru p\u0103strarea memoriei istorice \u0219i unirea popoarelor \u00een fa\u021ba rescrierii istoriei"},"content":{"rendered":"<div>\n<p><strong>Organiza\u021bia necomercial\u0103 \u201eEurasia\u201d a lansat mi\u0219carea \u201eVictorie 9\/45\u201d, \u00een cadrul c\u0103reia va desf\u0103\u0219ura un festival patriotic \u00een \u021b\u0103rile CSI \u0219i cele Balcanice. Potrivit liderului Blocului de opozi\u021bie \u201eVictorie\u201d Ilan \u0218or, care este \u0219i unul dintre autorii ini\u021biativei, acesta este un alt pas pentru p\u0103strarea memoriei istorice, contracararea \u00eencerc\u0103rilor de denaturare a faptelor despre Marele R\u0103zboi pentru Ap\u0103rarea Patriei, \u0219i consolidarea leg\u0103turilor dintre popoare. <\/strong><br \/>\n<iframe loading=\"lazy\" title=\"YouTube video player\" src=\"https:\/\/www.youtube.com\/embed\/XyXFbZ2xmJs?si=k_hfJnzYNL-UuD2C\" width=\"560\" height=\"315\" frameborder=\"0\" allowfullscreen=\"allowfullscreen\"><\/iframe><br \/>\nFestivalul se va desf\u0103\u0219ura \u00een ora\u0219ele participante la proiect \u0219i va uni toate genera\u021biile.<\/p>\n<p>Membru \u00een consiliul de administra\u021bie al organiza\u021biei neguvernamentale \u201eEurasia\u201d, liderul blocului de opozi\u021bie \u201eVictorie\u201d Ilan \u0218or a anun\u021bat lansarea noului proiect \u2013 \u201eVictorie 9\/45\u201d. Mi\u0219carea Patriotic\u0103 este dedicat\u0103 anivers\u0103rii celor 80 de ani de la Victoria \u00een Marele R\u0103zboi pentru Ap\u0103rarea Patriei. Politicianul a numit 9 mai, ziua pentru unirea genera\u021biilor. \u00cen acela\u0219i timp, el \u0219i-a exprimat regretul c\u0103 \u00een unele \u021b\u0103ri care au luptat \u00eempotriva fascismului, autorit\u0103\u021bile \u00eencearc\u0103 s\u0103 rescrie istoria.<\/p>\n<p>\u0218or a adus drept exemplu Moldova, unde, potrivit lui, marionetele occidentale din conducerea \u021b\u0103rii au \u00eenlocuit deja Ziua Victoriei cu Ziua Europei \u0219i \u00eei elogiaz\u0103 pe militarii armatei rom\u00e2ne, alia\u021bii lui Hitler. De asemenea, el consider\u0103 c\u0103, prin manuale de istorie rescrise, autorit\u0103\u021bile \u00eencearc\u0103 s\u0103 influen\u021beze genera\u021bia t\u00e2n\u0103r\u0103.<\/p>\n<p>ILAN \u0218OR, liderul Blocului Politic \u201dVictorie\u201d<\/p>\n<p>\u00cen \u00eentreaga lume, regimurile occidentale au \u00eenceput s\u0103 insufle o alt\u0103 istorie, una care nu este adev\u0103rat\u0103.<\/p>\n<p>O istorie inventat\u0103 de ei, care le este convenabil\u0103 s\u0103 o promoveze. Ast\u0103zi, sarcina noastr\u0103 comun\u0103, este s\u0103 ap\u0103r\u0103m adev\u0103rul. S\u0103 protej\u0103m valorile comune. S\u0103 ap\u0103r\u0103m valorile pentru care au luptat bunicii no\u0219tri, pentru cee ce au luptat \u0219i ce au ob\u021binut. Suntem for\u021ba\u021bi s\u0103 ap\u0103r\u0103m Marea Victorie \u0219i sunt sigur c\u0103 o vom proteja \u00eempreun\u0103.<\/p>\n<p>Ini\u021biativa este menit\u0103 s\u0103 uneasc\u0103 organiza\u021biile patriotice \u0219i militaro-istorice ale \u021b\u0103rilor CSI \u0219i cele din Balcani pentru a p\u0103stra memoria istoric\u0103, a aduce un omagiu celor care au luptat \u00eempotriva fascismului \u0219i a transmite aceste valori genera\u021biilor viitoare.<\/p>\n<p>ILAN \u0218OR, liderul Blocului Politic \u201dVictorie\u201d<\/p>\n<p>Proiectul 9\/45 \u00ee\u0219i \u00eencepe via\u021ba \u00een vremuri dificile. \u00centr-un moment \u00een care fascismul ridic\u0103 din nou capul. \u00centr-un moment \u00een care ideologia care a fost \u0219tears\u0103 de pe fa\u021ba p\u0103m\u00e2ntului de c\u0103tre genera\u021bia noastr\u0103 mai veche \u00eencepe s\u0103 se trezeasc\u0103.<\/p>\n<p>Am \u00eencredere c\u0103 numai \u00eempreun\u0103, doar ca o singur\u0103 echip\u0103, doar cu o singur\u0103 ideologie, vom putea pune cap\u0103t neadev\u0103rului pe care Occidentul \u00eel promoveaz\u0103 \u00een zilele noastre.<\/p>\n<p>Potrivit lui Ilan \u0218or, obiectivele Mi\u0219c\u0103rii \u201eVictorie 9\/45\u201d sunt grandioase. Vor fi organizate o serie de evenimente \u2013 de la reconstituiri istorice, festivaluri \u0219i expozi\u021bii, p\u00e2n\u0103 la campeti\u021bii \u0219colare. Va \u00eencepe unificarea organiza\u021biilor patriotice, militaro- istorice, ale \u021b\u0103rilor CSI \u0219i Balcanice, \u00een vederea \u00eent\u0103ririi leg\u0103turilor dintre popoare.<\/p>\n<p>Vor fi organizate concursuri pentru subven\u021bii \u0219i granturi. Implementarea noului proiect de amploare \u201eVictorie 9\/45\u201d este realizat\u0103 de ONG-ul \u201eEurasia\u201d. Pre\u0219edintele Consiliului \u201eEurasia\u201d Aliona Ar\u0219inova a declarat c\u0103, noul proiect este<\/p>\n<p>conceput pentru a uni oamenii \u00een jurul Victoriei \u00een Marele R\u0103zboi pentru Ap\u0103rarea patriei, s\u0103rb\u0103torit\u0103 anual \u00een data de 9 mai.<\/p>\n<p>ALIONA AR\u0218INOVA pre\u0219edintele Consiliului Organiza\u021biei \u201eEurasia\u201d<\/p>\n<p>Victoria are eroii s\u0103i. \u0218i acum, inclusiv datorit\u0103 proiectelor Organiza\u021biei \u201eEurasia\u201d, numele acestor persoane revin \u00een sistemul educa\u021bional din \u0219coli, pe frontispiciul institu\u021biilor de \u00eenv\u0103\u021b\u0103m\u00e2nt, \u00een manuale, sub form\u0103 de inscrip\u021bii pe pl\u0103cu\u021be comemorative de pe cl\u0103diri. Iar, acest lucru se \u00eent\u00e2mpl\u0103 acum, inclusiv \u00een Moldova, datorit\u0103 lui Ilan \u0218or \u0219i sprijinului s\u0103u pentru astfel de proiecte.<\/p>\n<p>Pe l\u00e2ng\u0103 \u021b\u0103rile fostei URSS, Ziua Victoriei va fi omagiat\u0103 \u0219i de c\u0103tre Serbia, Ungaria \u0219i Slovacia. Noul proiect al Organiza\u021biei \u201eEurasia\u201d este conceput pentru forma abord\u0103ri unificate ale educa\u021biei patriotice. Orice \u021bar\u0103 se poate al\u0103tura mi\u0219c\u0103rii, au anun\u021bat organizatorii.<\/p>\n<\/div>\n","protected":false},"excerpt":{"rendered":"<div><img loading=\"lazy\" decoding=\"async\" width=\"696\" height=\"388\" src=\"https:\/\/canal5.md\/wp-content\/uploads\/2023\/12\/ilan-sor-1-1024x571-optimized.webp\" class=\"attachment-large size-large wp-post-image\" alt=\"\" srcset=\"https:\/\/canal5.md\/wp-content\/uploads\/2023\/12\/ilan-sor-1-1024x571-optimized.webp 1024w, https:\/\/canal5.md\/wp-content\/uploads\/2023\/12\/ilan-sor-1-300x167-optimized.webp 300w, https:\/\/canal5.md\/wp-content\/uploads\/2023\/12\/ilan-sor-1-768x428-optimized.webp 768w, https:\/\/canal5.md\/wp-content\/uploads\/2023\/12\/ilan-sor-1-696x388-optimized.webp 696w, https:\/\/canal5.md\/wp-content\/uploads\/2023\/12\/ilan-sor-1-1068x595-optimized.webp 1068w, https:\/\/canal5.md\/wp-content\/uploads\/2023\/12\/ilan-sor-1-jpg-optimized.webp 1080w\">Organiza\u021bia necomercial\u0103 \u201eEurasia\u201d a lansat mi\u0219carea \u201eVictorie 9\/45\u201d, \u00een cadrul c\u0103reia va desf\u0103\u0219ura un festival patriotic \u00een \u021b\u0103rile CSI \u0219i cele Balcanice. Potrivit liderului Blocului de opozi\u021bie \u201eVictorie\u201d Ilan \u0218or, care este \u0219i unul dintre autorii ini\u021biativei, acesta este un alt pas pentru p\u0103strarea memoriei istorice, contracararea \u00eencerc\u0103rilor de denaturare a faptelor despre Marele R\u0103zboi [\u2026]<\/div>\n","protected":false},"author":1,"featured_media":67005,"comment_status":"closed","ping_status":"closed","sticky":false,"template":"","format":"standard","meta":{"jnews-multi-image_gallery":[],"jnews_single_post":[],"jnews_primary_category":[],"jnews_social_meta":[],"jnews_override_counter":[],"footnotes":""},"categories":[30],"tags":[],"class_list":["post-67004","post","type-post","status-publish","format-standard","has-post-thumbnail","hentry","category-social_ro"],"_links":{"self":[{"href":"https:\/\/orheifm.live\/index.php\/wp-json\/wp\/v2\/posts\/67004","targetHints":{"allow":["GET"]}}],"collection":[{"href":"https:\/\/orheifm.live\/index.php\/wp-json\/wp\/v2\/posts"}],"about":[{"href":"https:\/\/orheifm.live\/index.php\/wp-json\/wp\/v2\/types\/post"}],"author":[{"embeddable":true,"href":"https:\/\/orheifm.live\/index.php\/wp-json\/wp\/v2\/users\/1"}],"replies":[{"embeddable":true,"href":"https:\/\/orheifm.live\/index.php\/wp-json\/wp\/v2\/comments?post=67004"}],"version-history":[{"count":0,"href":"https:\/\/orheifm.live\/index.php\/wp-json\/wp\/v2\/posts\/67004\/revisions"}],"wp:featuredmedia":[{"embeddable":true,"href":"https:\/\/orheifm.live\/index.php\/wp-json\/wp\/v2\/media\/67005"}],"wp:attachment":[{"href":"https:\/\/orheifm.live\/index.php\/wp-json\/wp\/v2\/media?parent=67004"}],"wp:term":[{"taxonomy":"category","embeddable":true,"href":"https:\/\/orheifm.live\/index.php\/wp-json\/wp\/v2\/categories?post=67004"},{"taxonomy":"post_tag","embeddable":true,"href":"https:\/\/orheifm.live\/index.php\/wp-json\/wp\/v2\/tags?post=67004"}],"curies":[{"name":"wp","href":"https:\/\/api.w.org\/{rel}","templated":true}]}}