{"id":67002,"date":"2025-02-12T21:06:51","date_gmt":"2025-02-12T19:06:51","guid":{"rendered":"https:\/\/orheifm.live\/index.php\/2025\/02\/12\/46-de-kg-de-neintelegere-maia-sandu-criticata-dur-de-cetateni-dupa-vizita-in-raionul-leova-video\/"},"modified":"2025-02-12T21:06:51","modified_gmt":"2025-02-12T19:06:51","slug":"46-de-kg-de-neintelegere-maia-sandu-criticata-dur-de-cetateni-dupa-vizita-in-raionul-leova-video","status":"publish","type":"post","link":"https:\/\/orheifm.live\/index.php\/2025\/02\/12\/46-de-kg-de-neintelegere-maia-sandu-criticata-dur-de-cetateni-dupa-vizita-in-raionul-leova-video\/","title":{"rendered":"\u201e46 de kg de ne\u00een\u021belegere\u201d: Maia Sandu, criticat\u0103 dur de cet\u0103\u021beni dup\u0103 vizita \u00een raionul Leova |VIDEO"},"content":{"rendered":"<div>\n<p><strong>\u00a0Pre\u0219edinta Maia Sandu a efectuat o vizit\u0103 \u00een raionul Leova. Potrivit informa\u021biei din comunicatele oficiale despre aceast\u0103 vizit\u0103, totul a decurs perfect \u2013 \u0219efa statului a discutat cu localnicii \u0219i a analizat \u00eempreun\u0103 cu primarii \u0219i autorit\u0103\u021bile raionale proiectele implementate \u0219i m\u0103surile care trebuie luate pentru \u00eembun\u0103t\u0103\u021birea condi\u021biilor de via\u021b\u0103 ale oamenilor. <\/strong><br \/>\n<iframe loading=\"lazy\" title=\"YouTube video player\" src=\"https:\/\/www.youtube.com\/embed\/XlfmHccfsi4?si=um7ezLURfpNX9hB4\" width=\"560\" height=\"315\" frameborder=\"0\" allowfullscreen=\"allowfullscreen\"><\/iframe><br \/>\nTotu\u0219i, imaginea real\u0103 a vizitei poate fi descoperit\u0103 \u00een materialele video postate pe re\u021belele de socializare: \u00eentreb\u0103rile incomode din partea cet\u0103\u021benilor au surprins-o pe Maia Sandu, \u00eencerc\u00e2nd s\u0103 evite r\u0103spunsurile.<\/p>\n<p>\u201eMaia Sandu a subliniat c\u0103, \u00een cadrul programului \u201eSatul European\u201d, \u00een raionul Leova au fost implementate 29 de proiecte. \u0218efa statului a declarat c\u0103 autorit\u0103\u021bile vor continua s\u0103 sus\u021bin\u0103 primarii care lucreaz\u0103 \u00een favoarea comunit\u0103\u021bilor lor \u0219i aduc mai multe investi\u021bii \u00een fiecare raion\u201d, a raportat serviciul de pres\u0103 al pre\u0219edintelui despre vizita Maiei Sandu \u00een raionul Leova.<\/p>\n<p>\u00cen comunicatul pre\u0219edin\u021biei nu sunt men\u021bionate \u00eentreb\u0103rile incomode care au surprins-o pe \u0219efa statului, nici \u00eencerc\u0103rile Maiei Sandu de a evita r\u0103spunsurile la acestea, cu at\u00e2t mai pu\u021bin problemele de care s-au pl\u00e2ns oamenii. Astfel, \u00een Iargara, pre\u0219edinta a fost \u00eentrebat\u0103 despre datoriile legate de plata salariilor feroviarilor, o \u00eentrebare care evident, i-a stricat dispozi\u021bia.<\/p>\n<p>MAIA SANDU, pre\u0219edinte<\/p>\n<p>\u201e- Cum s\u0103 tr\u0103im cu un salariu de 4000 de lei, pe care nu ni-l dau de jum\u0103tate de an? Explica\u021bi-le oamenilor. -Unde lucra\u021bi? -La calea ferat\u0103\u2026<br \/>\nEste o problem\u0103 mare, avem acum un ministru nou \u0219i a\u0219tept\u0103m de la el o solu\u021bie la aceast\u0103 problem\u0103.<\/p>\n<p>Ministrul nou ne-a spus c\u0103 nu \u021bine de el. Dar cum s\u0103 nu \u021bin\u0103 de el, dac\u0103 este ministru al infrastructurii? Ast\u0103zi, oamenii no\u0219tri au plecat la munc\u0103 \u2013 muncitori la cale ferat\u0103 \u2013 nimeni nu i-a \u00eentrebat ce au pus \u00een geant\u0103. De jum\u0103tate de an nu au salariu, iar fiecare are o familie\u2026<\/p>\n<p>Da, sunt de acord cu dumneavoastr\u0103. Este o problem\u0103 mare. Cu ce s\u0103 pl\u0103tim serviciile comunale? Iar ei ne taie curentul \u2013 dac\u0103 nu pl\u0103te\u0219ti, imediat \u00ee\u021bi taie totul. A\u0219a nu se poate, trebuie s\u0103 te g\u00e2nde\u0219ti pu\u021bin \u0219i la oameni.\u201d<\/p>\n<p>R\u0103spunsurile neclare \u0219i evazive ale Maiei Sandu au generat o serie de comentarii dure pe re\u021belele de socializare.<\/p>\n<p>\u201eMaia Sandu nu are nici cea mai mic\u0103 idee despre cum tr\u0103iesc oamenii din \u021bar\u0103. Ea st\u0103 \u00een biroul ei, prime\u0219te un salariu gras \u0219i nu \u0219tie ce \u00eenseamn\u0103 foamea \u0219i facturile nepl\u0103tite. Iar noi, cet\u0103\u021benii de r\u00e2nd, trebuie s\u0103 ne bucur\u0103m c\u0103 avem un nou ministru, care, ca \u0219i predecesorii s\u0103i, nu face nimic pentru a rezolva problemele.\u201d \u201ePatru ani de scuze, iar salariile lor sunt de 100.000. Totul este \u201eok\u201d doar pentru ei\u201d.\u00a0 \u2013 \u0218I<\/p>\n<p>MERGEM LA COMENTARII: \u201e\u0218i \u00eenainte nu \u0219tia despre asta? Abia acum este o mare problem\u0103?\u201d\u2026 \u201eSandu, ia exemplu de la Iohannis\u201d\u2026 \u201eProblem\u0103? Dar cine, dac\u0103 nu Sandu, ar trebui s\u0103 rezolve toate aceste probleme? Ce infantilism!\u201d \u201eDac\u0103 a\u0219 fi \u00een locul acestei femei, nu a\u0219 fi pus o astfel de \u00eentrebare, pentru c\u0103 aceste 46 de kilograme de ne\u00een\u021belegere oricum nu vor primi r\u0103spuns, a\u0219 fi mers pur \u0219i simplu \u0219i i-a\u0219 fi scuipat \u00een fa\u021b\u0103\u201d\u201eOameni, pe cine am ales? Cea mai mare problem\u0103 a Moldovei este Sandu.\u201d<\/p>\n<p>Acestea sunt doar c\u00e2teva dintre comentariile utilizatorilor re\u021belelor sociale. Noul ministru al infrastructurii, despre care vorbe\u0219te Maia Sandu, este Vladimir Bolea. Aceast\u0103 func\u021bie, \u00een care a fost transferat din Ministerul Agriculturii, o ocup\u0103 deja de aproape trei luni.<\/p>\n<p>Prezent\u00e2nd noul \u0219ef al Ministerului Infrastructurii \u00een noiembrie anul trecut, prim-ministrul Dorin Recean a declarat c\u0103 \u00een fa\u021ba lui Bolea se afl\u0103 o serie de sarcini complexe, inclusiv restructurarea c\u0103ii ferate. Cu toate acestea, de atunci, nici noul ministru, nici al\u021bi reprezentan\u021bi ai autorit\u0103\u021bilor nu au propus niciun pas real pentru rezolvarea problemelor feroviarilor.<\/p>\n<p>Dup\u0103 cum spun ace\u0219tia, Bolea nu s-a \u00eent\u00e2lnit niciodat\u0103 cu ei. \u201ePentru a pl\u0103ti salariile, trebuie s\u0103 ai bani, iar pentru a avea bani, trebuie s\u0103 \u00eei c\u00e2\u0219tigi\u201d, a declarat Vladimir Bolea recent.<\/p>\n<p>Dar, neav\u00e2nd posibilitatea nici s\u0103 munceasc\u0103, nici s\u0103 c\u00e2\u0219tige, \u0219i nemaifiind pl\u0103ti\u021bi din iulie anul trecut, angaja\u021bii \u00eentreprinderii de stat \u201eCalea Ferat\u0103 a Moldovei\u201d au \u00eenceput s\u0103 demisioneze masiv. P\u00e2n\u0103 \u00een prezent, aproximativ 900 de persoane au demisionat.<\/p>\n<p>Federa\u021bia Sindicatelor Feroviarilor din Moldova a anun\u021bat c\u0103 vineri, 14 februarie, angaja\u021bii c\u0103ii ferate vor organiza un protest l\u00e2ng\u0103 cl\u0103dirile Guvernului, Parlamentului \u0219i Administra\u021biei Preziden\u021biale. \u00cen aceea\u0219i zi, proteste vor avea loc \u0219i \u00een ora\u0219ele Ocni\u021ba, B\u0103l\u021bi, Ungheni, Bender, Basarabeasca \u0219i Giurgiule\u0219ti.<\/p>\n<\/div>\n","protected":false},"excerpt":{"rendered":"<div><img loading=\"lazy\" decoding=\"async\" width=\"300\" height=\"168\" src=\"https:\/\/canal5.md\/wp-content\/uploads\/2024\/12\/maia-sandu-republica-moldova-scaled-e1699104804756-1200x673-1-300x168-1-optimized.webp\" class=\"attachment-large size-large wp-post-image\" alt=\"\">\u00a0Pre\u0219edinta Maia Sandu a efectuat o vizit\u0103 \u00een raionul Leova. Potrivit informa\u021biei din comunicatele oficiale despre aceast\u0103 vizit\u0103, totul a decurs perfect \u2013 \u0219efa statului a discutat cu localnicii \u0219i a analizat \u00eempreun\u0103 cu primarii \u0219i autorit\u0103\u021bile raionale proiectele implementate \u0219i m\u0103surile care trebuie luate pentru \u00eembun\u0103t\u0103\u021birea condi\u021biilor de via\u021b\u0103 ale oamenilor. Totu\u0219i, imaginea real\u0103 [\u2026]<\/div>\n","protected":false},"author":1,"featured_media":67003,"comment_status":"closed","ping_status":"closed","sticky":false,"template":"","format":"standard","meta":{"jnews-multi-image_gallery":[],"jnews_single_post":[],"jnews_primary_category":[],"jnews_social_meta":[],"jnews_override_counter":[],"footnotes":""},"categories":[23],"tags":[],"class_list":["post-67002","post","type-post","status-publish","format-standard","has-post-thumbnail","hentry","category-politica_ro"],"_links":{"self":[{"href":"https:\/\/orheifm.live\/index.php\/wp-json\/wp\/v2\/posts\/67002","targetHints":{"allow":["GET"]}}],"collection":[{"href":"https:\/\/orheifm.live\/index.php\/wp-json\/wp\/v2\/posts"}],"about":[{"href":"https:\/\/orheifm.live\/index.php\/wp-json\/wp\/v2\/types\/post"}],"author":[{"embeddable":true,"href":"https:\/\/orheifm.live\/index.php\/wp-json\/wp\/v2\/users\/1"}],"replies":[{"embeddable":true,"href":"https:\/\/orheifm.live\/index.php\/wp-json\/wp\/v2\/comments?post=67002"}],"version-history":[{"count":0,"href":"https:\/\/orheifm.live\/index.php\/wp-json\/wp\/v2\/posts\/67002\/revisions"}],"wp:featuredmedia":[{"embeddable":true,"href":"https:\/\/orheifm.live\/index.php\/wp-json\/wp\/v2\/media\/67003"}],"wp:attachment":[{"href":"https:\/\/orheifm.live\/index.php\/wp-json\/wp\/v2\/media?parent=67002"}],"wp:term":[{"taxonomy":"category","embeddable":true,"href":"https:\/\/orheifm.live\/index.php\/wp-json\/wp\/v2\/categories?post=67002"},{"taxonomy":"post_tag","embeddable":true,"href":"https:\/\/orheifm.live\/index.php\/wp-json\/wp\/v2\/tags?post=67002"}],"curies":[{"name":"wp","href":"https:\/\/api.w.org\/{rel}","templated":true}]}}