{"id":67000,"date":"2025-02-12T21:04:09","date_gmt":"2025-02-12T19:04:09","guid":{"rendered":"https:\/\/orheifm.live\/index.php\/2025\/02\/12\/sedinta-de-judecata-in-dosarul-evghenia-gutul-si-svetlana-popan-amanata-video\/"},"modified":"2025-02-12T21:04:09","modified_gmt":"2025-02-12T19:04:09","slug":"sedinta-de-judecata-in-dosarul-evghenia-gutul-si-svetlana-popan-amanata-video","status":"publish","type":"post","link":"https:\/\/orheifm.live\/index.php\/2025\/02\/12\/sedinta-de-judecata-in-dosarul-evghenia-gutul-si-svetlana-popan-amanata-video\/","title":{"rendered":"\u0218edin\u021ba de judecat\u0103 \u00een dosarul Evghenia Gu\u021bul \u0219i Svetlana Popan am\u00e2nat\u0103 |VIDEO"},"content":{"rendered":"<div>\n<p><strong>\u0218edin\u021ba de judecat\u0103 \u00een dosarul ba\u0219canului G\u0103g\u0103uziei, Evghenia Gu\u021bul, \u0219i activistei Svetlana Popan, programat\u0103 pentru ziua de ast\u0103zi, a fost am\u00e2nat\u0103 pentru vineri, 14 februarie. Potrivit lui Gu\u021bul, motivul este c\u0103, colega sa, Svetlana Popan a fost internat\u0103 \u00een spital.\u00a0<\/strong><br \/>\n<iframe loading=\"lazy\" title=\"YouTube video player\" src=\"https:\/\/www.youtube.com\/embed\/4zQoUAb_nqU?si=5CP7QzGfzHHYa869\" width=\"560\" height=\"315\" frameborder=\"0\" allowfullscreen=\"allowfullscreen\"><\/iframe><br \/>\n\u00centr-o postare pe pagina sa de Telegram, Guvernatorul G\u0103g\u0103uziei a scris c\u0103, citez: \u201dstarea ei de s\u0103n\u0103tate s-a \u00eenr\u0103ut\u0103\u021bit din cauza \u0219edin\u021belor de judecat\u0103 nesf\u00e2r\u0219ite, care au devenit un instrument de presiune asupra opozi\u021biei.<\/p>\n<p>\u00cens\u0103, mai exist\u0103 \u0219i o alt\u0103 veste. Ma\u0219ina represiv\u0103 construit\u0103 de Maia Sandu \u0219i de curatorii s\u0103i din str\u0103in\u0103tate \u00eencepe s\u0103 aib\u0103 defec\u021biuni. Acest lucru se poate observa \u00een comportamentul \u0219efei anticorup\u021biei, careia ia fost dat\u0103 sarcina s\u0103 distrug\u0103 opozi\u021bia.<\/p>\n<p>Doamna Dragalin a \u00eendr\u0103znit pentru prima dat\u0103 s\u0103 vorbeasc\u0103 despre presiunea pe care autorit\u0103\u021bile o exercit\u0103 asupra justi\u021biei. Timid, dar totu\u0219i a vorbit. Despre acest subiect noi vorbim de ani de zile, \u0219i tocmai din acest motiv suntem judeca\u021bi\u201d, a scris Evghenia Gu\u021bul.<\/p>\n<p>Totodat\u0103, ba\u0219canul a precizat c\u0103 este convins\u0103 c\u0103 \u00eentr-o zi \u00een locul lor vor ajunge cei care dau ordinele criminale judec\u0103torilor \u0219i procurorilor. Preciz\u0103m c\u0103, \u00een ultima perioad\u0103 \u0219edin\u021bele de judecat\u0103 \u00een dosarul ba\u0219canului G\u0103g\u0103uziei, Evghenia Gu\u021bul, \u0219i activistei Svetlana Popan se \u021bin lan\u021b. Cele vizate sus\u021bin c\u0103 acest lucru se face cu scopul de a executa presiuni asupra lor.<\/p>\n<\/div>\n","protected":false},"excerpt":{"rendered":"<div><img loading=\"lazy\" decoding=\"async\" width=\"696\" height=\"557\" src=\"https:\/\/canal5.md\/wp-content\/uploads\/2024\/03\/photo_2024-02-26_12-15-43-1024x819-optimized.webp\" class=\"attachment-large size-large wp-post-image\" alt=\"\" srcset=\"https:\/\/canal5.md\/wp-content\/uploads\/2024\/03\/photo_2024-02-26_12-15-43-1024x819-optimized.webp 1024w, https:\/\/canal5.md\/wp-content\/uploads\/2024\/03\/photo_2024-02-26_12-15-43-300x240-optimized.webp 300w, https:\/\/canal5.md\/wp-content\/uploads\/2024\/03\/photo_2024-02-26_12-15-43-768x614-optimized.webp 768w, https:\/\/canal5.md\/wp-content\/uploads\/2024\/03\/photo_2024-02-26_12-15-43-696x557-optimized.webp 696w, https:\/\/canal5.md\/wp-content\/uploads\/2024\/03\/photo_2024-02-26_12-15-43-1068x854-optimized.webp 1068w, https:\/\/canal5.md\/wp-content\/uploads\/2024\/03\/photo_2024-02-26_12-15-43-jpg-optimized.webp 1280w\">\u0218edin\u021ba de judecat\u0103 \u00een dosarul ba\u0219canului G\u0103g\u0103uziei, Evghenia Gu\u021bul, \u0219i activistei Svetlana Popan, programat\u0103 pentru ziua de ast\u0103zi, a fost am\u00e2nat\u0103 pentru vineri, 14 februarie. Potrivit lui Gu\u021bul, motivul este c\u0103, colega sa, Svetlana Popan a fost internat\u0103 \u00een spital.\u00a0 \u00centr-o postare pe pagina sa de Telegram, Guvernatorul G\u0103g\u0103uziei a scris c\u0103, citez: \u201dstarea ei [\u2026]<\/div>\n","protected":false},"author":1,"featured_media":67001,"comment_status":"closed","ping_status":"closed","sticky":false,"template":"","format":"standard","meta":{"jnews-multi-image_gallery":[],"jnews_single_post":[],"jnews_primary_category":[],"jnews_social_meta":[],"jnews_override_counter":[],"footnotes":""},"categories":[30],"tags":[],"class_list":["post-67000","post","type-post","status-publish","format-standard","has-post-thumbnail","hentry","category-social_ro"],"_links":{"self":[{"href":"https:\/\/orheifm.live\/index.php\/wp-json\/wp\/v2\/posts\/67000","targetHints":{"allow":["GET"]}}],"collection":[{"href":"https:\/\/orheifm.live\/index.php\/wp-json\/wp\/v2\/posts"}],"about":[{"href":"https:\/\/orheifm.live\/index.php\/wp-json\/wp\/v2\/types\/post"}],"author":[{"embeddable":true,"href":"https:\/\/orheifm.live\/index.php\/wp-json\/wp\/v2\/users\/1"}],"replies":[{"embeddable":true,"href":"https:\/\/orheifm.live\/index.php\/wp-json\/wp\/v2\/comments?post=67000"}],"version-history":[{"count":0,"href":"https:\/\/orheifm.live\/index.php\/wp-json\/wp\/v2\/posts\/67000\/revisions"}],"wp:featuredmedia":[{"embeddable":true,"href":"https:\/\/orheifm.live\/index.php\/wp-json\/wp\/v2\/media\/67001"}],"wp:attachment":[{"href":"https:\/\/orheifm.live\/index.php\/wp-json\/wp\/v2\/media?parent=67000"}],"wp:term":[{"taxonomy":"category","embeddable":true,"href":"https:\/\/orheifm.live\/index.php\/wp-json\/wp\/v2\/categories?post=67000"},{"taxonomy":"post_tag","embeddable":true,"href":"https:\/\/orheifm.live\/index.php\/wp-json\/wp\/v2\/tags?post=67000"}],"curies":[{"name":"wp","href":"https:\/\/api.w.org\/{rel}","templated":true}]}}