{"id":66998,"date":"2025-02-12T21:02:22","date_gmt":"2025-02-12T19:02:22","guid":{"rendered":"https:\/\/orheifm.live\/index.php\/2025\/02\/12\/canal-5-insista-asupra-accesului-in-guvern-si-contesta-restrictiile-impuse-suntem-convinsi-ca-dreptatea-ne-apartine-video\/"},"modified":"2025-02-12T21:02:22","modified_gmt":"2025-02-12T19:02:22","slug":"canal-5-insista-asupra-accesului-in-guvern-si-contesta-restrictiile-impuse-suntem-convinsi-ca-dreptatea-ne-apartine-video","status":"publish","type":"post","link":"https:\/\/orheifm.live\/index.php\/2025\/02\/12\/canal-5-insista-asupra-accesului-in-guvern-si-contesta-restrictiile-impuse-suntem-convinsi-ca-dreptatea-ne-apartine-video\/","title":{"rendered":"Canal 5 insist\u0103 asupra accesului \u00een Guvern \u0219i contest\u0103 restric\u021biile impuse: \u201eSuntem convin\u0219i c\u0103 dreptatea ne apar\u021bine\u201d |VIDEO"},"content":{"rendered":"<div>\n<p><strong>Guvernul continu\u0103 s\u0103-\u0219i \u021bin\u0103 u\u0219ile \u00eenchise pentru Canal 5. O echip\u0103 de filmare a postului nostru de televiziune a \u00eencercat s\u0103 participe la \u0219edin\u021ba public\u0103 a Executivului, dar, ca \u0219i \u00een alte d\u0103\u021bi, paza nu ne-a permis accesul, pentru c\u0103 noi consider\u0103m c\u0103 restric\u021biile impuse sunt ilegale \u0219i nejustificate. Am cerut l\u0103muriri de la purt\u0103torul de cuv\u00e2nt al Guvernului, dar Daniel Vod\u0103 nu a f\u0103cut dec\u00e2t s\u0103 repete replica despre un regulament al institu\u021biei, alc\u0103tuit peste noapte.<\/strong><br \/>\n<iframe loading=\"lazy\" title=\"YouTube video player\" src=\"https:\/\/www.youtube.com\/embed\/HB4cY3qii7Q?si=sMibcug0TEeSEmFN\" width=\"560\" height=\"315\" frameborder=\"0\" allowfullscreen=\"allowfullscreen\"><\/iframe><br \/>\nGuvernul continu\u0103 s\u0103-\u0219i \u021bin\u0103 u\u0219ile \u00eenchise pentru Canal 5. O echip\u0103 de filmare a postului nostru de televiziune a \u00eencercat s\u0103 participe la \u0219edin\u021ba public\u0103 a Executivului, dar, ca \u0219i \u00een alte d\u0103\u021bi, paza nu ne-a permis accesul, pentru c\u0103 noi consider\u0103m c\u0103 restric\u021biile impuse sunt ilegale \u0219i nejustificate. Am cerut l\u0103muriri de la purt\u0103torul de cuv\u00e2nt al Guvernului, dar Daniel Vod\u0103 nu a f\u0103cut dec\u00e2t s\u0103 repete replica despre un regulament al institu\u021biei, alc\u0103tuit peste noapte.<\/p>\n<p>Pentru Canal 5 a fost ridicat\u0103 licen\u021ba dup\u0103 cum \u0219tim nu ave\u021bi acces.<br \/>\nNu avem acces? Din ce cauz\u0103? Dar ave\u021bi un ordin c\u0103 nou\u0103 nu ni se permite \u00een Guvern pentru c\u0103 nu mai \u00een\u021belegem, venim a treia oar\u0103.<\/p>\n<p>Suntem curio\u0219i de c\u00e2nd \u00een Guvernul Republicii Moldova trebuie acredit\u0103ri, pentru c\u0103 de la independen\u021b\u0103 \u00eencoace nu au fost acredit\u0103ri. Ce, mini\u0219trii no\u0219tri se tem de \u00eentreb\u0103rile<br \/>\nnoastre incomode. Vrem o list\u0103, vrem un document.<\/p>\n<p>\u2013 Da, nou\u0103 ni s-a suspendat licen\u021ba, dar noi suntem \u00een proces de judecat\u0103. Noi lucr\u0103m \u00een online ca \u0219i alt\u0103 pres\u0103, ca Ziarul de Gard\u0103, Agora, NewsMaker, adic\u0103 noi avem dreptul s\u0103 lucr\u0103m \u00een online, voi nu ave\u021bi cum nou\u0103 s\u0103 ne interzice\u021bi s\u0103 intr\u0103m \u00een Guvern.<\/p>\n<p>Am solicitat purt\u0103torului de cuv\u00e2nt al Executivului, Daniel Vod\u0103, s\u0103 ne explice motivele pentru care nu ni se permite accesul \u00een cl\u0103dire, \u00eens\u0103 acesta a f\u0103cut din nou referire la un regulament impus pe nea\u0219teptate de institu\u021bie.<\/p>\n<p>Se \u00eent\u00e2mpl\u0103, de\u0219i niciodat\u0103 \u00een istoria post-independen\u021b\u0103 nu au existat restric\u021bii sau acredit\u0103ri pentru jurnali\u0219ti pentru a intra \u00een cl\u0103direa Guvernului. Cu toate acestea, guvernarea PAS a introdus un regulament care, iat\u0103 c\u0103, \u00eemparte presa \u00een \u201eai no\u0219tri\u201d \u0219i \u201eai vo\u0219tri\u201d.<\/p>\n<p>DANIEL VOD\u0102, purt\u0103torul de cuv\u00e2nt al Guvernului<\/p>\n<p>Posturile TV, radio, institu\u021biile media online, cum sunt portalurile sau jurnali\u0219ti liberi profesioni\u0219ti urmeaz\u0103 s\u0103 respecte ni\u0219te condi\u021bii de baz\u0103 \u0219i aceste condi\u021bii sunt: semnarea Codului deontologic al jurnalistului \u0219i s\u0103 se reg\u0103seasc\u0103 \u00een cazul televiziunilor \u0219i posturilor radio \u00een lista furnizorilor de servicii de media a Consiliului Audiovizual \u0219i s\u0103 aib\u0103 actele permisive \u00een regul\u0103.<\/p>\n<p>Ceea ce Daniel Vod\u0103 ne cere s\u0103 semn\u0103m este o inven\u021bie a unui ONG numit Consiliul de Pres\u0103, nu un document oficial de stat sau o lege, \u0219i nu are nicio putere juridic\u0103. Nu este mai presus dec\u00e2t Constitu\u021bia, care garanteaz\u0103 libertatea presei \u0219i accesul la informa\u021bii.<\/p>\n<p>De asemenea, printre condi\u021biile impuse de acest regulament se afl\u0103 cerin\u021ba ca furnizorii media s\u0103 fie inclu\u0219i \u00een lista Consiliului Audiovizualului. Aceast\u0103 cerin\u021b\u0103 nu se aplic\u0103 postului nostru de televiziune, Canal 5, care difuzeaz\u0103 doar online, la fel ca \u0219i alte portaluri de \u0219tiri \u0219i publica\u021bii apropiate puterii, precum Ziarul de Gard\u0103, NewsMaker, Agora.md, Anticorup\u021bie \u0219i altele, care emit doar pe internet, \u0219i totu\u0219i, nu sunt \u00een responsabilitatea CA.<\/p>\n<p>Dar spre deosebire de Canal 5, aceste institu\u021bii au acces \u00een Guvern. \u00cen ceea ce prive\u0219te actele permisive, chiar dac\u0103 postul nostru este \u00een prezent \u00eentr-un proces de judecat\u0103, de\u021bine toate documentele necesare, precum un SRL func\u021bional.<\/p>\n<p>Canal 5 consider\u0103 c\u0103 \u00eentr-un stat de drept, un ONG, cum ar fi Consiliul de Pres\u0103, finan\u021bat din granturi externe \u0219i care deserveste \u00een mod deschis interesele partidului aflat la putere, nu poate stabili legi la care jurnali\u0219tii s\u0103 fie obliga\u021bi s\u0103 se supun\u0103. Canal 5 va contesta \u00een instan\u021b\u0103 reglement\u0103rile impuse de institu\u021biile de stat care restric\u021bioneaz\u0103 accesul jurnali\u0219tilor \u00een institu\u021biile publice, precum Guvernul, Parlamentul \u0219i Pre\u0219edin\u021bia.<\/p>\n<\/div>\n","protected":false},"excerpt":{"rendered":"<div><img decoding=\"async\" width=\"320\" height=\"320\" src=\"https:\/\/canal5.md\/wp-content\/uploads\/2025\/02\/@canal5ru-optimized.jpg\" class=\"attachment-large size-large wp-post-image\" alt=\"\" loading=\"lazy\" srcset=\"https:\/\/canal5.md\/wp-content\/uploads\/2025\/02\/@canal5ru-optimized.jpg 320w, https:\/\/canal5.md\/wp-content\/uploads\/2025\/02\/@canal5ru-300x300-optimized.jpg 300w, https:\/\/canal5.md\/wp-content\/uploads\/2025\/02\/@canal5ru-150x150-optimized.jpg 150w\">Guvernul continu\u0103 s\u0103-\u0219i \u021bin\u0103 u\u0219ile \u00eenchise pentru Canal 5. O echip\u0103 de filmare a postului nostru de televiziune a \u00eencercat s\u0103 participe la \u0219edin\u021ba public\u0103 a Executivului, dar, ca \u0219i \u00een alte d\u0103\u021bi, paza nu ne-a permis accesul, pentru c\u0103 noi consider\u0103m c\u0103 restric\u021biile impuse sunt ilegale \u0219i nejustificate. Am cerut l\u0103muriri de la purt\u0103torul [\u2026]<\/div>\n","protected":false},"author":1,"featured_media":66999,"comment_status":"closed","ping_status":"closed","sticky":false,"template":"","format":"standard","meta":{"jnews-multi-image_gallery":[],"jnews_single_post":[],"jnews_primary_category":[],"jnews_social_meta":[],"jnews_override_counter":[],"footnotes":""},"categories":[30],"tags":[],"class_list":["post-66998","post","type-post","status-publish","format-standard","has-post-thumbnail","hentry","category-social_ro"],"_links":{"self":[{"href":"https:\/\/orheifm.live\/index.php\/wp-json\/wp\/v2\/posts\/66998","targetHints":{"allow":["GET"]}}],"collection":[{"href":"https:\/\/orheifm.live\/index.php\/wp-json\/wp\/v2\/posts"}],"about":[{"href":"https:\/\/orheifm.live\/index.php\/wp-json\/wp\/v2\/types\/post"}],"author":[{"embeddable":true,"href":"https:\/\/orheifm.live\/index.php\/wp-json\/wp\/v2\/users\/1"}],"replies":[{"embeddable":true,"href":"https:\/\/orheifm.live\/index.php\/wp-json\/wp\/v2\/comments?post=66998"}],"version-history":[{"count":0,"href":"https:\/\/orheifm.live\/index.php\/wp-json\/wp\/v2\/posts\/66998\/revisions"}],"wp:featuredmedia":[{"embeddable":true,"href":"https:\/\/orheifm.live\/index.php\/wp-json\/wp\/v2\/media\/66999"}],"wp:attachment":[{"href":"https:\/\/orheifm.live\/index.php\/wp-json\/wp\/v2\/media?parent=66998"}],"wp:term":[{"taxonomy":"category","embeddable":true,"href":"https:\/\/orheifm.live\/index.php\/wp-json\/wp\/v2\/categories?post=66998"},{"taxonomy":"post_tag","embeddable":true,"href":"https:\/\/orheifm.live\/index.php\/wp-json\/wp\/v2\/tags?post=66998"}],"curies":[{"name":"wp","href":"https:\/\/api.w.org\/{rel}","templated":true}]}}