{"id":66996,"date":"2025-02-12T20:57:19","date_gmt":"2025-02-12T18:57:19","guid":{"rendered":"https:\/\/orheifm.live\/index.php\/2025\/02\/12\/cum-a-raspuns-presedintele-consiliului-europei-la-intrebarea-canal5-despre-cenzura-instituita-de-pas-in-moldova-si-inchiderea-canalelor-de-televiziune-video\/"},"modified":"2025-02-12T20:57:19","modified_gmt":"2025-02-12T18:57:19","slug":"cum-a-raspuns-presedintele-consiliului-europei-la-intrebarea-canal5-despre-cenzura-instituita-de-pas-in-moldova-si-inchiderea-canalelor-de-televiziune-video","status":"publish","type":"post","link":"https:\/\/orheifm.live\/index.php\/2025\/02\/12\/cum-a-raspuns-presedintele-consiliului-europei-la-intrebarea-canal5-despre-cenzura-instituita-de-pas-in-moldova-si-inchiderea-canalelor-de-televiziune-video\/","title":{"rendered":"Cum a r\u0103spuns pre\u0219edintele Consiliului Europei la \u00eentrebarea CANAL5 despre cenzura instituit\u0103 de PAS \u00een Moldova \u0219i \u00eenchiderea canalelor de televiziune |VIDEO"},"content":{"rendered":"<div>\n<p><strong>\u201ePentru mine \u0219i organiza\u021bia mea, valorile fundamentale sunt libertatea de exprimare \u0219i independen\u021ba presei! Dar \u00een ceea ce prive\u0219te cazul dumneavoastr\u0103, nu pot s\u0103 spun nimic!\u201d. Astfel a r\u0103spuns, \u00een exclusivitate, reporterului Canal 5, SECRETARUL GENERAL AL CONSILIULUI EUROPEI, aflat \u00een vizit\u0103 de dou\u0103 zile \u00een Moldova, la \u00eentrebarea privind sprijinul Uniunii Europene acordat autorit\u0103\u021bilor PAS care practic\u0103 cenzura, \u00eenchid posturi de televiziune \u0219i limiteaz\u0103 accesul la informa\u021bie.\u00a0<\/strong><br \/>\n<iframe loading=\"lazy\" title=\"YouTube video player\" src=\"https:\/\/www.youtube.com\/embed\/r_wd9mufyhQ?si=DxrtLIrHLyUHePk-\" width=\"560\" height=\"315\" frameborder=\"0\" allowfullscreen=\"allowfullscreen\"><\/iframe><br \/>\nSe pare c\u0103 fie \u0219eful Consiliului Europei nu este la curent cu ce se \u00eent\u00e2mpl\u0103 \u00een statele membre, fie SE face c\u0103 nu \u0219tie. Autorit\u0103\u021bile noastre repet\u0103 lozinci frumoase despre democra\u021bie, dar ac\u021bioneaz\u0103 ca ni\u0219te dictatori, iar cet\u0103\u021benii \u021b\u0103rii, \u00eentre timp, \u00ee\u0219i pierd \u00eencrederea \u00een aceast\u0103 democra\u021bie promovat\u0103 de PAS.<\/p>\n<p>O confirm\u0103 \u0219i datele celui mai recent sondaj de opinie care arat\u0103 c\u0103 la viitoare alegeri parlamentare, partidul puterii ar ob\u021bine doar 25,9% din voturi, fa\u021b\u0103 de 52,37 la sut\u0103 c\u00e2t a avut \u00een 2021.<\/p>\n<p>ALAIN BERSET, secretarul general al Consiliului Europei<\/p>\n<p>\u2013 De ce Uniunea European\u0103 sus\u021bine regimul PAS care a \u00eenchis mai multe televiziuni, inclusiv postul nostru de televiziune, f\u0103r\u0103 un proces de judecat\u0103 \u0219i a instaurat cenzura. Noi, ca jurnali\u0219ti nu avem dreptul s\u0103 intram \u00een Parlament, \u00een Guvern, \u00een Pre\u0219edin\u021bie, iar la conferin\u021bele de pres\u0103 cu oficiali europeni suntem interzi\u0219i \u0219i intra doar presa loial\u0103 puterii?<\/p>\n<p>\u2013 Pentru mine \u0219i pentru organiza\u021bia mea este esen\u021bial s\u0103 ne angaj\u0103m pentru libertatea de exprimare \u0219i pentru mass-media independent\u0103.<\/p>\n<p>\u2013 Este ceva normal \u00een Uniunea European\u0103 s\u0103 \u00eenchizi o televiziune f\u0103r\u0103 motive?<\/p>\n<p>\u2013 Nu sunt capabil s\u0103 dau un r\u0103spuns concret la \u00eentrebarea dumneavoastr\u0103. Pot doar s\u0103 repet acest lucru: este foarte important s\u0103 avem libertatea de exprimare, s\u0103 putem s\u0103 ne exprim\u0103m opiniile posibile, dar trebuie s\u0103 fie corecte. Asta vreau s\u0103 spun.<\/p>\n<\/div>\n","protected":false},"excerpt":{"rendered":"<div><img loading=\"lazy\" decoding=\"async\" width=\"696\" height=\"392\" src=\"https:\/\/canal5.md\/wp-content\/uploads\/2025\/02\/923dff020bc57dc38468b546a88117ac-optimized.jpg\" class=\"attachment-large size-large wp-post-image\" alt=\"\" srcset=\"https:\/\/canal5.md\/wp-content\/uploads\/2025\/02\/923dff020bc57dc38468b546a88117ac-optimized.jpg 747w, https:\/\/canal5.md\/wp-content\/uploads\/2025\/02\/923dff020bc57dc38468b546a88117ac-300x169-optimized.jpg 300w, https:\/\/canal5.md\/wp-content\/uploads\/2025\/02\/923dff020bc57dc38468b546a88117ac-696x392-optimized.jpg 696w\">\u201ePentru mine \u0219i organiza\u021bia mea, valorile fundamentale sunt libertatea de exprimare \u0219i independen\u021ba presei! Dar \u00een ceea ce prive\u0219te cazul dumneavoastr\u0103, nu pot s\u0103 spun nimic!\u201d. Astfel a r\u0103spuns, \u00een exclusivitate, reporterului Canal 5, SECRETARUL GENERAL AL CONSILIULUI EUROPEI, aflat \u00een vizit\u0103 de dou\u0103 zile \u00een Moldova, la \u00eentrebarea privind sprijinul Uniunii Europene acordat autorit\u0103\u021bilor [\u2026]<\/div>\n","protected":false},"author":1,"featured_media":66997,"comment_status":"closed","ping_status":"closed","sticky":false,"template":"","format":"standard","meta":{"jnews-multi-image_gallery":[],"jnews_single_post":[],"jnews_primary_category":[],"jnews_social_meta":[],"jnews_override_counter":[],"footnotes":""},"categories":[29],"tags":[],"class_list":["post-66996","post","type-post","status-publish","format-standard","has-post-thumbnail","hentry","category-externe_ro"],"_links":{"self":[{"href":"https:\/\/orheifm.live\/index.php\/wp-json\/wp\/v2\/posts\/66996","targetHints":{"allow":["GET"]}}],"collection":[{"href":"https:\/\/orheifm.live\/index.php\/wp-json\/wp\/v2\/posts"}],"about":[{"href":"https:\/\/orheifm.live\/index.php\/wp-json\/wp\/v2\/types\/post"}],"author":[{"embeddable":true,"href":"https:\/\/orheifm.live\/index.php\/wp-json\/wp\/v2\/users\/1"}],"replies":[{"embeddable":true,"href":"https:\/\/orheifm.live\/index.php\/wp-json\/wp\/v2\/comments?post=66996"}],"version-history":[{"count":0,"href":"https:\/\/orheifm.live\/index.php\/wp-json\/wp\/v2\/posts\/66996\/revisions"}],"wp:featuredmedia":[{"embeddable":true,"href":"https:\/\/orheifm.live\/index.php\/wp-json\/wp\/v2\/media\/66997"}],"wp:attachment":[{"href":"https:\/\/orheifm.live\/index.php\/wp-json\/wp\/v2\/media?parent=66996"}],"wp:term":[{"taxonomy":"category","embeddable":true,"href":"https:\/\/orheifm.live\/index.php\/wp-json\/wp\/v2\/categories?post=66996"},{"taxonomy":"post_tag","embeddable":true,"href":"https:\/\/orheifm.live\/index.php\/wp-json\/wp\/v2\/tags?post=66996"}],"curies":[{"name":"wp","href":"https:\/\/api.w.org\/{rel}","templated":true}]}}