{"id":66994,"date":"2025-02-12T20:55:33","date_gmt":"2025-02-12T18:55:33","guid":{"rendered":"https:\/\/orheifm.live\/index.php\/2025\/02\/12\/anton-malisev-eliberat-de-autoritatile-din-tiraspol-si-retinut-de-cele-moldovenesti-detinut-politic-sau-traficant-de-droguri-video\/"},"modified":"2025-02-12T20:55:33","modified_gmt":"2025-02-12T18:55:33","slug":"anton-malisev-eliberat-de-autoritatile-din-tiraspol-si-retinut-de-cele-moldovenesti-detinut-politic-sau-traficant-de-droguri-video","status":"publish","type":"post","link":"https:\/\/orheifm.live\/index.php\/2025\/02\/12\/anton-malisev-eliberat-de-autoritatile-din-tiraspol-si-retinut-de-cele-moldovenesti-detinut-politic-sau-traficant-de-droguri-video\/","title":{"rendered":"Anton Mal\u00ee\u0219ev, eliberat de autorit\u0103\u021bile din Tiraspol \u0219i re\u021binut de cele moldovene\u0219ti: De\u021binut politic sau traficant de droguri? |VIDEO"},"content":{"rendered":"<div>\n<p><strong>\u00a0Anton Mal\u00ee\u0219ev, de\u021binutul politic, despre care s-a anun\u021bat cu mare fast c\u0103 a fost eliberat de autorit\u0103\u021bile de la Tiraspol cu ajutorul mai multor institu\u021bii ale statului moldovean, ca r\u0103spuns la condi\u021biile impuse de Chi\u0219in\u0103u pentru tranzitarea gazului, se pare c\u0103 nu a fost chiar de\u021binut politic, ci traficant de droguri, condamnat la 8 ani de \u00eenchisoare. <\/strong><br \/>\n<iframe loading=\"lazy\" title=\"YouTube video player\" src=\"https:\/\/www.youtube.com\/embed\/DXpK0cIGnpQ?si=LNlk-GPmXyVDoIcS\" width=\"560\" height=\"315\" frameborder=\"0\" allowfullscreen=\"allowfullscreen\"><\/iframe><br \/>\nInforma\u021bia a fost constatat\u0103 jurnali\u0219tii portalului Telegraph, care au publicat documente ce confirm\u0103 sentin\u021ba acestuia.<\/p>\n<p>Mai mult de at\u00e2t, dup\u0103 ce a fost eliberat, Mal\u00ee\u0219ev a fost imediat re\u021binut de poli\u021bi\u0219tii moldoveni pentru o infrac\u021biune similar\u0103. \u00cen plus, \u0219i avocatul Promo-LEX, Vadim Vieru a recunoscut c\u0103 ceea ce s-a \u00eent\u00e2mplat \u00een acest caz a fost o criz\u0103 de comunicare, iar acest lucru trebuie recunoscut, a ad\u0103ugat ONG-istul.<\/p>\n<p>Mar\u021bi, 11 februarie, asocia\u021bia Promo-Lex a anun\u021bat eliberarea lui Anton Mal\u00ee\u0219ev, dup\u0103 ce Chi\u0219in\u0103ul a cerut Tiraspolului s\u0103 elibereze mai mul\u021bi de\u021binu\u021bi din st\u00e2nga Nistrului, pentru a permite tranzitarea gazelor spre regiune.<\/p>\n<p>Ulterior, portalul de \u0219tiri Telegraph a publicat pe canalul s\u0103u de telegram documente ce confirm\u0103 c\u0103 Mal\u00ee\u0219ev nu este un \u201ede\u021binut politic\u201d, a\u0219a cum fusese descris anterior, ci un traficant de droguri condamnat \u00een anul 2022 de Judec\u0103toria Chi\u0219in\u0103u, sediul Buiucani, pentru trafic de droguri \u00een propor\u021bii deosebit de mari, \u00een urma descoperirii asupra sa a 32,71 grame de PVP, o substan\u021b\u0103 stupefiant\u0103. Mal\u00ee\u0219ev a primit 8 ani de \u00eenchisoare.<\/p>\n<p>Dup\u0103 ce a fost eliberat de Tiraspol, Mal\u00ee\u0219ev a fost re\u021binut de autorit\u0103\u021bile moldovene\u0219ti. Pentru Radio Europa Liber\u0103, \u0219efa sec\u021biei comunicare \u0219i protocol a Inspectoratului General de Poli\u021bie, Diana Fetco, a confirmat informa\u021biile. Potrivit ei, de\u021binutul era dat \u00een c\u0103utare \u00eenc\u0103 din 2021 \u0219i a reiterat decizia Judec\u0103toriei Chi\u0219in\u0103u din 20 mai 2022.<\/p>\n<p>Asoci\u021bia Promo-LEX a anun\u021bat c\u0103 eliberarea lui Anton Mal\u00ee\u0219ev a fost f\u0103cut\u0103 datorit\u0103 eforturilor mai multor institu\u021bii ale statului moldovean, printre acestea se num\u0103r\u0103 Biroul Politici de Reintegrare, Guvernul Republicii Moldova, Oficiul Avocatului Poporului \u0219i reprezentan\u021bii misiunilor diplomatice.<\/p>\n<p>Totu\u0219i\u00a0 portalul Telegraph scrie c\u0103 a solicitat un comentariu de la Guvern, care a refuzat \u00eens\u0103 s\u0103 ofere explica\u021bii clare cu privire la implicarea mai multor institu\u021bii \u00een eliberarea unui traficant de droguri condamnat.<\/p>\n<p>Vicepremierul pentru Reintegrare, Oleg Serebrian, a men\u021bionat \u00eens\u0103 \u00eenainte de \u0219edin\u021ba Guvernului c\u0103 nu se poate expune asupra vinov\u0103\u021biei de\u021binutului, dac\u0103 a gre\u0219it, trebuie s\u0103 r\u0103spund\u0103, \u00eens\u0103 misiunea autorit\u0103\u021bilor constitu\u021bionale a fost s\u0103 \u00eel scoat\u0103 pe cet\u0103\u021bean din custodia administra\u021biei de la Tiraspol.<\/p>\n<p>OLEG SEREBRIAN, vicepremierul pentru Reintegrare<\/p>\n<p>At\u00e2ta timp c\u00e2t nu exist\u0103 o sentin\u021b\u0103 este doar o anchet\u0103, nu pot s\u0103 spun eu, s\u0103 dau astfel de declara\u021bii c\u0103 este un traficant. Se va verifica.<\/p>\n<p>\u2013 Este o sentin\u021b\u0103?<\/p>\n<p>\u2013 Este \u00een verificare, \u00een proces de verificare. Era \u00een c\u0103utare din c\u00e2te cunosc. Aici institu\u021biile de resort vor da mai multe detalii despre la ce stadiu este, a fost sau nu.<\/p>\n<p>Misiunea noastr\u0103 era ca acest cet\u0103\u021bean s\u0103 nu fie \u00een custodia s\u0103 zic a\u0219a \u00een ghilimele, a autorit\u0103\u021bilor neconstitu\u021bionale. Dac\u0103 a \u00eenf\u0103ptuit ceva grav, a gre\u0219it undeva exist\u0103 instan\u021be de judecat\u0103 care vor confirma acest lucru.<\/p>\n<p>Ulterior \u00eens\u0103, Biroul de Reintegrare \u0219i-a \u0219ters comunicatul prin care anun\u021ba reu\u0219ita cazului, iar avocatul Promo-LEX, Vadim Vieru, care l-a reprezentat pe Mal\u00ee\u0219ev, \u0219i-a pus cenu\u0219\u0103 pe cap \u0219i a recunoscut c\u0103 ce s-a \u00eent\u00e2mplat \u00een cazul Mal\u00ee\u0219ev reprezint\u0103, \u00eentr- adev\u0103r, o criz\u0103 de comunicare, iar acest lucru trebuie recunoscut.<\/p>\n<p>\u201d\u00cemi asum \u0219i eu partea de vin\u0103. Pe alocuri, din lips\u0103 de informa\u021bii complete (nu din rea-credin\u021b\u0103), mesajul nu a fost transmis corect \u0219i am lucrat cu datele pe care le aveam la acel moment. Nu \u0219tiam c\u0103 exist\u0103 mandate de c\u0103utare pe numele lui\u201d, s-a scuzat ap\u0103r\u0103torul.<\/p>\n<p>Amintim c\u0103 la \u00eenceputul acestei luni, Maia Sandu a gra\u021biat \u0219i un traficant de droguri, Morozov Mihail Vitalie, \u00eens\u0103 publicului nu i-a fost oferit\u0103 vreo explica\u021bie despre aceast\u0103 decizie preziden\u021bial\u0103.<\/p>\n<p>De c\u00e2nd este pre\u0219edinte, Sandu a gra\u021biat cel pu\u021bin doi trafican\u021bi de droguri, precum \u0219i a promulgat o lege prin care au fost relaxate sanc\u021biunile pentru astfel de activit\u0103\u021bi ilegale \u0219i pentru consumul de stupefiante.<\/p>\n<\/div>\n","protected":false},"excerpt":{"rendered":"<div><img loading=\"lazy\" decoding=\"async\" width=\"696\" height=\"464\" src=\"https:\/\/canal5.md\/wp-content\/uploads\/2025\/02\/1111820__67acc5a7d55a1-optimized.jpeg\" class=\"attachment-large size-large wp-post-image\" alt=\"\" srcset=\"https:\/\/canal5.md\/wp-content\/uploads\/2025\/02\/1111820__67acc5a7d55a1-optimized.jpeg 750w, https:\/\/canal5.md\/wp-content\/uploads\/2025\/02\/1111820__67acc5a7d55a1-300x200-optimized.jpeg 300w, https:\/\/canal5.md\/wp-content\/uploads\/2025\/02\/1111820__67acc5a7d55a1-696x464-optimized.jpeg 696w\">\u00a0Anton Mal\u00ee\u0219ev, de\u021binutul politic, despre care s-a anun\u021bat cu mare fast c\u0103 a fost eliberat de autorit\u0103\u021bile de la Tiraspol cu ajutorul mai multor institu\u021bii ale statului moldovean, ca r\u0103spuns la condi\u021biile impuse de Chi\u0219in\u0103u pentru tranzitarea gazului, se pare c\u0103 nu a fost chiar de\u021binut politic, ci traficant de droguri, condamnat la 8 ani [\u2026]<\/div>\n","protected":false},"author":1,"featured_media":66995,"comment_status":"closed","ping_status":"closed","sticky":false,"template":"","format":"standard","meta":{"jnews-multi-image_gallery":[],"jnews_single_post":[],"jnews_primary_category":[],"jnews_social_meta":[],"jnews_override_counter":[],"footnotes":""},"categories":[30],"tags":[],"class_list":["post-66994","post","type-post","status-publish","format-standard","has-post-thumbnail","hentry","category-social_ro"],"_links":{"self":[{"href":"https:\/\/orheifm.live\/index.php\/wp-json\/wp\/v2\/posts\/66994","targetHints":{"allow":["GET"]}}],"collection":[{"href":"https:\/\/orheifm.live\/index.php\/wp-json\/wp\/v2\/posts"}],"about":[{"href":"https:\/\/orheifm.live\/index.php\/wp-json\/wp\/v2\/types\/post"}],"author":[{"embeddable":true,"href":"https:\/\/orheifm.live\/index.php\/wp-json\/wp\/v2\/users\/1"}],"replies":[{"embeddable":true,"href":"https:\/\/orheifm.live\/index.php\/wp-json\/wp\/v2\/comments?post=66994"}],"version-history":[{"count":0,"href":"https:\/\/orheifm.live\/index.php\/wp-json\/wp\/v2\/posts\/66994\/revisions"}],"wp:featuredmedia":[{"embeddable":true,"href":"https:\/\/orheifm.live\/index.php\/wp-json\/wp\/v2\/media\/66995"}],"wp:attachment":[{"href":"https:\/\/orheifm.live\/index.php\/wp-json\/wp\/v2\/media?parent=66994"}],"wp:term":[{"taxonomy":"category","embeddable":true,"href":"https:\/\/orheifm.live\/index.php\/wp-json\/wp\/v2\/categories?post=66994"},{"taxonomy":"post_tag","embeddable":true,"href":"https:\/\/orheifm.live\/index.php\/wp-json\/wp\/v2\/tags?post=66994"}],"curies":[{"name":"wp","href":"https:\/\/api.w.org\/{rel}","templated":true}]}}