{"id":66992,"date":"2025-02-12T20:53:39","date_gmt":"2025-02-12T18:53:39","guid":{"rendered":"https:\/\/orheifm.live\/index.php\/2025\/02\/12\/victoria-furtuna-acuza-usaid-de-finantare-ilegala-in-moldova-si-depune-plangere-la-procurorul-general-al-sua\/"},"modified":"2025-02-12T20:53:39","modified_gmt":"2025-02-12T18:53:39","slug":"victoria-furtuna-acuza-usaid-de-finantare-ilegala-in-moldova-si-depune-plangere-la-procurorul-general-al-sua","status":"publish","type":"post","link":"https:\/\/orheifm.live\/index.php\/2025\/02\/12\/victoria-furtuna-acuza-usaid-de-finantare-ilegala-in-moldova-si-depune-plangere-la-procurorul-general-al-sua\/","title":{"rendered":"Victoria Furtun\u0103 acuz\u0103 USAID de finan\u021bare ilegal\u0103 \u00een Moldova \u0219i depune pl\u00e2ngere la Procurorul General al SUA"},"content":{"rendered":"<div>\n<p><strong>Fostul procuror \u0219i candidat la pre\u0219edin\u021bie Victoria Furtun\u0103 a depus personal o pl\u00e2ngere la Procurorul General al SUA privind finan\u021barea ilegal\u0103 a uzurp\u0103rii puterii \u00een Republica Moldova cu bani ai contribuabililor americani prin intermediul USAID. <\/strong><br \/>\n<iframe loading=\"lazy\" title=\"YouTube video player\" src=\"https:\/\/www.youtube.com\/embed\/kiAUgavS1Kc?si=iobCiA7QbaG6nyOP\" width=\"560\" height=\"315\" frameborder=\"0\" allowfullscreen=\"allowfullscreen\"><\/iframe><br \/>\n\u201dEste o ingerin\u021b\u0103 str\u0103in\u0103 grav\u0103, o \u00eenc\u0103lcare a suveranit\u0103\u021bii noastre \u0219i un atac direct la democra\u021bia pe care unii pretind c\u0103 o ap\u0103r\u0103!\u201d, a scris Furtun\u0103 \u00een postarea sa de pe Facebook, \u00een care a anun\u021bat demersul f\u0103cut.<\/p>\n<p>Ea a mai spus c\u0103 un procuror adev\u0103rat ac\u021bioneaz\u0103, nu se pl\u00e2nge, f\u0103c\u00e2nd referire la ie\u0219irile Veronic\u0103i Dragalin, procuror-\u0219ef anticorup\u021bie, ce reclam\u0103 ingerin\u021ba puterii \u00een activitatea procuraturii pe care o conduce.<\/p>\n<p>\u201dAst\u0103zi, Veronica DRAGALIN, \u0219efa Procuraturii Anticorup\u021bie iese la ramp\u0103 nu cu ac\u021biuni concrete, ci cu lament\u0103ri c\u0103 exponen\u021bii PAS o influen\u021beaz\u0103. Dac\u0103 exist\u0103 astfel de presiuni ilegale, ea are obliga\u021bia s\u0103 le documenteze \u0219i s\u0103 deschid\u0103 dosar penal.<\/p>\n<p>Dac\u0103 nu o face, \u00eenseamn\u0103 c\u0103 este complice sau incapabil\u0103 s\u0103 \u00ee\u0219i exercite func\u021bia! T\u0103cerea este tot o crim\u0103!\u201d, a ad\u0103ugat Furtun\u0103. Amintim c\u0103, subiectul pl\u00e2ngerii depuse la Procurorul General al SUA, a fost adus de Furtun\u0103 \u0219i \u00een aten\u021bia Procuraturii Generale de la noi, dar \u0219i a Serviciului de Prevenire \u0219i Combatere a Sp\u0103l\u0103rii Banilor.<\/p>\n<p>Ea a prezentat documente ce aduc \u00een prim-plan suspiciuni grave legate de utilizarea fondurilor americane \u0219i europene \u00een Moldova, \u00een special prin intermediul unei companii americane ce ar fi implicat\u0103 \u00eentr-o schem\u0103 complex\u0103 de finan\u021bare ilegal\u0103, care include pl\u0103\u021bi suspecte c\u0103tre membri ai sistemului judiciar, mass-media \u0219i PAS.<\/p>\n<p>Cele dou\u0103 institu\u021bii sesizate nu au livrat \u00eenc\u0103 un r\u0103spuns, dar Furtun\u0103 \u0219i-a exprimat speran\u021ba c\u0103 dup\u0103 dup\u0103 ce Elon Musk \u0219i Donald Trump au declarat c\u0103 USAID este o organiza\u021bie criminal\u0103 \u0219i trebuie desfiin\u021bat\u0103, \u00een urma accesului ob\u021binut la informa\u021biile agen\u021biei, \u00een Moldova va \u00eencepe o investiga\u021bie adev\u0103rat\u0103 despre modul \u00een care au fost distribuite fondurile americane.<\/p>\n<\/div>\n","protected":false},"excerpt":{"rendered":"<div><img loading=\"lazy\" decoding=\"async\" width=\"696\" height=\"391\" src=\"https:\/\/canal5.md\/wp-content\/uploads\/2024\/10\/victoria-furtuna-900x505-2-optimized.png\" class=\"attachment-large size-large wp-post-image\" alt=\"\" srcset=\"https:\/\/canal5.md\/wp-content\/uploads\/2024\/10\/victoria-furtuna-900x505-2-optimized.png 900w, https:\/\/canal5.md\/wp-content\/uploads\/2024\/10\/victoria-furtuna-900x505-2-300x168-optimized.png 300w, https:\/\/canal5.md\/wp-content\/uploads\/2024\/10\/victoria-furtuna-900x505-2-768x431-optimized.png 768w, https:\/\/canal5.md\/wp-content\/uploads\/2024\/10\/victoria-furtuna-900x505-2-696x391-optimized.png 696w\">Fostul procuror \u0219i candidat la pre\u0219edin\u021bie Victoria Furtun\u0103 a depus personal o pl\u00e2ngere la Procurorul General al SUA privind finan\u021barea ilegal\u0103 a uzurp\u0103rii puterii \u00een Republica Moldova cu bani ai contribuabililor americani prin intermediul USAID. \u201dEste o ingerin\u021b\u0103 str\u0103in\u0103 grav\u0103, o \u00eenc\u0103lcare a suveranit\u0103\u021bii noastre \u0219i un atac direct la democra\u021bia pe care unii pretind [\u2026]<\/div>\n","protected":false},"author":1,"featured_media":66993,"comment_status":"closed","ping_status":"closed","sticky":false,"template":"","format":"standard","meta":{"jnews-multi-image_gallery":[],"jnews_single_post":[],"jnews_primary_category":[],"jnews_social_meta":[],"jnews_override_counter":[],"footnotes":""},"categories":[23],"tags":[],"class_list":["post-66992","post","type-post","status-publish","format-standard","has-post-thumbnail","hentry","category-politica_ro"],"_links":{"self":[{"href":"https:\/\/orheifm.live\/index.php\/wp-json\/wp\/v2\/posts\/66992","targetHints":{"allow":["GET"]}}],"collection":[{"href":"https:\/\/orheifm.live\/index.php\/wp-json\/wp\/v2\/posts"}],"about":[{"href":"https:\/\/orheifm.live\/index.php\/wp-json\/wp\/v2\/types\/post"}],"author":[{"embeddable":true,"href":"https:\/\/orheifm.live\/index.php\/wp-json\/wp\/v2\/users\/1"}],"replies":[{"embeddable":true,"href":"https:\/\/orheifm.live\/index.php\/wp-json\/wp\/v2\/comments?post=66992"}],"version-history":[{"count":0,"href":"https:\/\/orheifm.live\/index.php\/wp-json\/wp\/v2\/posts\/66992\/revisions"}],"wp:featuredmedia":[{"embeddable":true,"href":"https:\/\/orheifm.live\/index.php\/wp-json\/wp\/v2\/media\/66993"}],"wp:attachment":[{"href":"https:\/\/orheifm.live\/index.php\/wp-json\/wp\/v2\/media?parent=66992"}],"wp:term":[{"taxonomy":"category","embeddable":true,"href":"https:\/\/orheifm.live\/index.php\/wp-json\/wp\/v2\/categories?post=66992"},{"taxonomy":"post_tag","embeddable":true,"href":"https:\/\/orheifm.live\/index.php\/wp-json\/wp\/v2\/tags?post=66992"}],"curies":[{"name":"wp","href":"https:\/\/api.w.org\/{rel}","templated":true}]}}