{"id":66990,"date":"2025-02-12T19:04:42","date_gmt":"2025-02-12T17:04:42","guid":{"rendered":"https:\/\/orheifm.live\/index.php\/2025\/02\/12\/sprijin-din-partea-lui-ilan-sor-mii-de-batrani-din-orhei-gagauzia-si-taraclia-au-primit-inca-un-supliment-la-pensie\/"},"modified":"2025-02-12T19:04:42","modified_gmt":"2025-02-12T17:04:42","slug":"sprijin-din-partea-lui-ilan-sor-mii-de-batrani-din-orhei-gagauzia-si-taraclia-au-primit-inca-un-supliment-la-pensie","status":"publish","type":"post","link":"https:\/\/orheifm.live\/index.php\/2025\/02\/12\/sprijin-din-partea-lui-ilan-sor-mii-de-batrani-din-orhei-gagauzia-si-taraclia-au-primit-inca-un-supliment-la-pensie\/","title":{"rendered":"Sprijin din partea lui Ilan \u0218or: mii de b\u0103tr\u00e2ni din Orhei, G\u0103g\u0103uzia \u0219i Taraclia au primit \u00eenc\u0103 un supliment la pensie"},"content":{"rendered":"<div>\n<p><strong>Datorit\u0103 ini\u021biativei liderului blocului \u201eVictorie\u201d, Ilan \u0218or, pensionarii din Orhei, Taraclia \u0219i G\u0103g\u0103uzia simt un sprijin concret, beneficiind de un supliment lunar la pensie de 2000 de lei.<\/strong><\/p>\n<p>\u00cen ciuda \u00eencerc\u0103rilor partidului de guvern\u0103m\u00e2nt PAS de a \u00eempiedica acest program, lansat anul trecut, asisten\u021ba financiar\u0103 pentru persoanele \u00een v\u00e2rst\u0103 este pl\u0103tit\u0103 \u00een mod regulat. Ace\u0219ti bani sunt indispensabili pentru cump\u0103rarea de alimente, medicamente \u0219i plata facturilor la utilit\u0103\u021bi.<\/p>\n<p>\u00cen Orhei, un nou supliment a fost acordat la trei mii de pensionari. Primarul municipiului, Tatiana Cociu, a subliniat c\u0103 Prim\u0103ria, \u00eempreun\u0103 cu echipa lui Ilan \u0218or, depune eforturi pentru ca nicio persoan\u0103 \u00een etate s\u0103 nu sufere din lips\u0103 de alimente \u0219i medicamente.<\/p>\n<p>\u201eSuplimentul la pensie este minimul obligatoriu pe care trebuie s\u0103 \u00eel asigur\u0103m. Continu\u0103m s\u0103 lucr\u0103m pentru a ne asigura c\u0103 oamenii au acces la necesit\u0103\u021bile de baz\u0103 \u0219i la o via\u021b\u0103 decent\u0103\u201d, a ad\u0103ugat ea.<\/p>\n<p>\u00cen G\u0103g\u0103uzia, aproximativ 30.000 de pensionari primesc, de asemenea, suplimentul. Potrivit ba\u0219canului Evghenia Gu\u021bul, aceast\u0103 m\u0103sur\u0103 este necesar\u0103 mai ales acum, c\u00e2nd persoanele \u00een v\u00e2rst\u0103 se confrunt\u0103 cu multe probleme din cauza politicii incompetente a PAS.<\/p>\n<p>\u201e\u00cen timp ce autorit\u0103\u021bile centrale au abandonat de fapt cei mai vulnerabili oameni \u00eentr-un moment dificil, sprijinul din partea lui Ilan \u0218or a devenit o adev\u0103rat\u0103 salvare pentru oamenii no\u0219tri. \u00cempreun\u0103 construim un viitor mai bun pentru G\u0103g\u0103uzia\u201d, a spus ba\u0219canul.<\/p>\n<p>Aproximativ 3 000 de pensionari primesc suplimentul \u00een ora\u0219ul Taraclia, precum \u0219i \u00een satul Cairaclia \u0219i comunele Bud\u0103i \u0219i Ceal\u00eec, raionul Taraclia, unde activeaz\u0103 primari din blocul \u201eVictorie\u201d.<\/p>\n<p>Primarul ora\u0219ului Taraclia, Veaceslav Lupov, a declarat c\u0103 datorit\u0103 ajutorului oferit de Ilan \u015eor, pensionarii sunt capabili s\u0103-\u0219i gestioneze nevoile \u0219i cerin\u021bele de baz\u0103.<\/p>\n<p>\u201e\u00cen aceste vremuri dificile, c\u00e2nd pensionarii no\u0219tri se confrunt\u0103 cu dificult\u0103\u021bi financiare, a\u0219 dori s\u0103-i mul\u021bumesc lui Ilan \u0218or pentru generozitatea de a oferi asisten\u021ba necesar\u0103. Este foarte important s\u0103 ne unim for\u021bele pentru a dep\u0103\u0219i \u00eempreun\u0103 aceste vremuri dificile, sprijinind persoanele social vulnerabile\u201d, a declarat Veaceslav Lupov.<\/p>\n<p>Ilan \u0218or \u0219i echipa blocului \u201eVictorie\u201d continu\u0103 s\u0103 lupte pentru o via\u021b\u0103 mai bun\u0103 pentru pensionarii moldoveni, promi\u021b\u00e2nd s\u0103 extind\u0103 aceast\u0103 asisten\u021b\u0103 \u0219i \u00een alte localit\u0103\u021bi.<\/p>\n<p>\u201eLucr\u0103m neobosit pentru a oferi \u00eengrijire, respect \u0219i sprijin real pensionarilor din G\u0103g\u0103uzia, Orhei \u0219i Taraclia. Sunt convins c\u0103 absolut to\u021bi b\u0103tr\u00e2nii din Moldova trebuie s\u0103 beneficieze de o astfel de asisten\u021b\u0103\u201d, a declarat liderul blocului Victoria.<\/p>\n<\/div>\n","protected":false},"excerpt":{"rendered":"<div><img loading=\"lazy\" decoding=\"async\" width=\"696\" height=\"696\" src=\"https:\/\/canal5.md\/wp-content\/uploads\/2025\/02\/photo_2025-02-12_19-04-13-1024x1024-optimized.jpg\" class=\"attachment-large size-large wp-post-image\" alt=\"\" srcset=\"https:\/\/canal5.md\/wp-content\/uploads\/2025\/02\/photo_2025-02-12_19-04-13-1024x1024-optimized.jpg 1024w, https:\/\/canal5.md\/wp-content\/uploads\/2025\/02\/photo_2025-02-12_19-04-13-300x300-optimized.jpg 300w, https:\/\/canal5.md\/wp-content\/uploads\/2025\/02\/photo_2025-02-12_19-04-13-150x150-optimized.jpg 150w, https:\/\/canal5.md\/wp-content\/uploads\/2025\/02\/photo_2025-02-12_19-04-13-768x768-optimized.jpg 768w, https:\/\/canal5.md\/wp-content\/uploads\/2025\/02\/photo_2025-02-12_19-04-13-696x696-optimized.jpg 696w, https:\/\/canal5.md\/wp-content\/uploads\/2025\/02\/photo_2025-02-12_19-04-13-1068x1068-optimized.jpg 1068w, https:\/\/canal5.md\/wp-content\/uploads\/2025\/02\/photo_2025-02-12_19-04-13-optimized.jpg 1280w\">Datorit\u0103 ini\u021biativei liderului blocului \u201eVictorie\u201d, Ilan \u0218or, pensionarii din Orhei, Taraclia \u0219i G\u0103g\u0103uzia simt un sprijin concret, beneficiind de un supliment lunar la pensie de 2000 de lei. \u00cen ciuda \u00eencerc\u0103rilor partidului de guvern\u0103m\u00e2nt PAS de a \u00eempiedica acest program, lansat anul trecut, asisten\u021ba financiar\u0103 pentru persoanele \u00een v\u00e2rst\u0103 este pl\u0103tit\u0103 \u00een mod regulat. Ace\u0219ti [\u2026]<\/div>\n","protected":false},"author":1,"featured_media":66991,"comment_status":"closed","ping_status":"closed","sticky":false,"template":"","format":"standard","meta":{"jnews-multi-image_gallery":[],"jnews_single_post":[],"jnews_primary_category":[],"jnews_social_meta":[],"jnews_override_counter":[],"footnotes":""},"categories":[30],"tags":[],"class_list":["post-66990","post","type-post","status-publish","format-standard","has-post-thumbnail","hentry","category-social_ro"],"_links":{"self":[{"href":"https:\/\/orheifm.live\/index.php\/wp-json\/wp\/v2\/posts\/66990","targetHints":{"allow":["GET"]}}],"collection":[{"href":"https:\/\/orheifm.live\/index.php\/wp-json\/wp\/v2\/posts"}],"about":[{"href":"https:\/\/orheifm.live\/index.php\/wp-json\/wp\/v2\/types\/post"}],"author":[{"embeddable":true,"href":"https:\/\/orheifm.live\/index.php\/wp-json\/wp\/v2\/users\/1"}],"replies":[{"embeddable":true,"href":"https:\/\/orheifm.live\/index.php\/wp-json\/wp\/v2\/comments?post=66990"}],"version-history":[{"count":0,"href":"https:\/\/orheifm.live\/index.php\/wp-json\/wp\/v2\/posts\/66990\/revisions"}],"wp:featuredmedia":[{"embeddable":true,"href":"https:\/\/orheifm.live\/index.php\/wp-json\/wp\/v2\/media\/66991"}],"wp:attachment":[{"href":"https:\/\/orheifm.live\/index.php\/wp-json\/wp\/v2\/media?parent=66990"}],"wp:term":[{"taxonomy":"category","embeddable":true,"href":"https:\/\/orheifm.live\/index.php\/wp-json\/wp\/v2\/categories?post=66990"},{"taxonomy":"post_tag","embeddable":true,"href":"https:\/\/orheifm.live\/index.php\/wp-json\/wp\/v2\/tags?post=66990"}],"curies":[{"name":"wp","href":"https:\/\/api.w.org\/{rel}","templated":true}]}}