{"id":66988,"date":"2025-02-12T18:58:02","date_gmt":"2025-02-12T16:58:02","guid":{"rendered":"https:\/\/orheifm.live\/index.php\/2025\/02\/12\/in-moldova-va-fi-creata-reteaua-nationala-de-monitorizare-a-aerului\/"},"modified":"2025-02-12T18:58:02","modified_gmt":"2025-02-12T16:58:02","slug":"in-moldova-va-fi-creata-reteaua-nationala-de-monitorizare-a-aerului","status":"publish","type":"post","link":"https:\/\/orheifm.live\/index.php\/2025\/02\/12\/in-moldova-va-fi-creata-reteaua-nationala-de-monitorizare-a-aerului\/","title":{"rendered":"\u00cen Moldova va fi creat\u0103 re\u021beaua na\u021bional\u0103 de monitorizare a aerului"},"content":{"rendered":"<div>\n<p><strong>\u00cen Republica Moldova va fi creat\u0103 re\u021beaua na\u021bional\u0103 de monitorizare a aerului, care va include 18 sta\u021bii automate \u0219i o sta\u021bie mobil\u0103.<\/strong><\/p>\n<p>Guvernul a aprobat o hot\u0103r\u00eere care reglementeaz\u0103 func\u021bionarea a dou\u0103 sisteme \u2013 Sistemul Na\u021bional de Inventariere a Emisiilor de Poluan\u021bi Atmosferici \u0219i Sistemul Na\u021bional de Monitorizare \u0219i Gestionare Integrat\u0103 a Calit\u0103\u021bii Aerului.<\/p>\n<p>Sistemele vor ajuta autorit\u0103\u021bile s\u0103 monitorizeze, \u00een mod constant, calitatea aerului \u0219i s\u0103 ac\u021bioneze pentru reducerea polu\u0103rii. De asemenea, noile m\u0103suri vor contribui la \u00eembun\u0103t\u0103\u021birea st\u0103rii de s\u0103n\u0103tate a cet\u0103\u021benilor, reducerea ploilor acide \u0219i a altor forme de poluare.<\/p>\n<p>Astfel, pe \u00eentreg teritoriul Republicii Moldova vor fi identificate zonele pentru evaluarea calit\u0103\u021bii aerului \u0219i loca\u021biile optime pentru amplasarea sta\u021biilor automate de monitorizare.<\/p>\n<p>Totodat\u0103, vor fi stabilite metodele \u0219i criteriile de evaluare a calit\u0103\u021bii aerului, precum \u0219i procedura de determinare a num\u0103rului necesar de puncte de prelevare pentru monitorizarea poluan\u021bilor atmosferici.<\/p>\n<p>\u201eScopul acestui document este de a crea un sistem integrat pentru monitorizarea \u0219i gestionarea calit\u0103\u021bii aerului av\u00eend ca obiectiv principal reducerea emisiilor de poluan\u021bi atmosferici. Beneficiul major al acestui proiect const\u0103 \u00een protejarea calit\u0103\u021bii aerului, contribuind astfel la \u00eembun\u0103t\u0103\u021birea st\u0103rii s\u0103n\u0103t\u0103\u021bii publice \u0219i la un mediu mai curat\u201d, a precizat ministrul mediului, Sergiu Lazarencu.<\/p>\n<p><a href=\"https:\/\/noi.md\/md\/societate\/in-moldova-va-fi-creata-reteaua-nationala-de-monitorizare-a-aerului\">NOI.MD<\/a><\/p>\n<\/div>\n","protected":false},"excerpt":{"rendered":"<div><img loading=\"lazy\" decoding=\"async\" width=\"696\" height=\"458\" src=\"https:\/\/canal5.md\/wp-content\/uploads\/2025\/02\/797399-1-optimized.webp\" class=\"attachment-large size-large wp-post-image\" alt=\"\" srcset=\"https:\/\/canal5.md\/wp-content\/uploads\/2025\/02\/797399-1-optimized.webp 760w, https:\/\/canal5.md\/wp-content\/uploads\/2025\/02\/797399-1-300x197-optimized.webp 300w, https:\/\/canal5.md\/wp-content\/uploads\/2025\/02\/797399-1-696x458-optimized.webp 696w\">\u00cen Republica Moldova va fi creat\u0103 re\u021beaua na\u021bional\u0103 de monitorizare a aerului, care va include 18 sta\u021bii automate \u0219i o sta\u021bie mobil\u0103. Guvernul a aprobat o hot\u0103r\u00eere care reglementeaz\u0103 func\u021bionarea a dou\u0103 sisteme \u2013 Sistemul Na\u021bional de Inventariere a Emisiilor de Poluan\u021bi Atmosferici \u0219i Sistemul Na\u021bional de Monitorizare \u0219i Gestionare Integrat\u0103 a Calit\u0103\u021bii Aerului. Sistemele [\u2026]<\/div>\n","protected":false},"author":1,"featured_media":66989,"comment_status":"closed","ping_status":"closed","sticky":false,"template":"","format":"standard","meta":{"jnews-multi-image_gallery":[],"jnews_single_post":[],"jnews_primary_category":[],"jnews_social_meta":[],"jnews_override_counter":[],"footnotes":""},"categories":[30],"tags":[],"class_list":["post-66988","post","type-post","status-publish","format-standard","has-post-thumbnail","hentry","category-social_ro"],"_links":{"self":[{"href":"https:\/\/orheifm.live\/index.php\/wp-json\/wp\/v2\/posts\/66988","targetHints":{"allow":["GET"]}}],"collection":[{"href":"https:\/\/orheifm.live\/index.php\/wp-json\/wp\/v2\/posts"}],"about":[{"href":"https:\/\/orheifm.live\/index.php\/wp-json\/wp\/v2\/types\/post"}],"author":[{"embeddable":true,"href":"https:\/\/orheifm.live\/index.php\/wp-json\/wp\/v2\/users\/1"}],"replies":[{"embeddable":true,"href":"https:\/\/orheifm.live\/index.php\/wp-json\/wp\/v2\/comments?post=66988"}],"version-history":[{"count":0,"href":"https:\/\/orheifm.live\/index.php\/wp-json\/wp\/v2\/posts\/66988\/revisions"}],"wp:featuredmedia":[{"embeddable":true,"href":"https:\/\/orheifm.live\/index.php\/wp-json\/wp\/v2\/media\/66989"}],"wp:attachment":[{"href":"https:\/\/orheifm.live\/index.php\/wp-json\/wp\/v2\/media?parent=66988"}],"wp:term":[{"taxonomy":"category","embeddable":true,"href":"https:\/\/orheifm.live\/index.php\/wp-json\/wp\/v2\/categories?post=66988"},{"taxonomy":"post_tag","embeddable":true,"href":"https:\/\/orheifm.live\/index.php\/wp-json\/wp\/v2\/tags?post=66988"}],"curies":[{"name":"wp","href":"https:\/\/api.w.org\/{rel}","templated":true}]}}