{"id":66984,"date":"2025-02-12T18:14:33","date_gmt":"2025-02-12T16:14:33","guid":{"rendered":"https:\/\/orheifm.live\/index.php\/2025\/02\/12\/noi-detalii-oferite-de-procuratura-despre-barbatul-condamnat-pentru-cele-9-alerte-false-cu-bomba\/"},"modified":"2025-02-12T18:14:33","modified_gmt":"2025-02-12T16:14:33","slug":"noi-detalii-oferite-de-procuratura-despre-barbatul-condamnat-pentru-cele-9-alerte-false-cu-bomba","status":"publish","type":"post","link":"https:\/\/orheifm.live\/index.php\/2025\/02\/12\/noi-detalii-oferite-de-procuratura-despre-barbatul-condamnat-pentru-cele-9-alerte-false-cu-bomba\/","title":{"rendered":"Noi detalii oferite de Procuratur\u0103 despre b\u0103rbatul condamnat pentru cele 9 alerte false cu bomb\u0103"},"content":{"rendered":"<div>\n<p><strong>B\u0103rbatul, care a fost condamnat la trei ani \u0219i jum\u0103tate de \u00eenchisoare pentru multiple alerte false cu bomb\u0103, a mai fost anterior \u00een vizorul oamenilor legii.<\/strong><\/p>\n<p>Potrivit Procuraturii Generale (PG), inculpatul a fost acuzat de comiterea mai multor alerte false cu bomb\u0103 \u00een Chi\u0219in\u0103u, \u00een perioada octombrie-noiembrie 2022.<\/p>\n<p>\u201eInculpatul a fost acuzat de comiterea mai multor alerte false cu bomb\u0103 \u00een Chi\u0219in\u0103u, \u00een perioada octombrie-noiembrie 2022. Acesta ar fi efectuat mai multe apeluri la Serviciul 112, comunic\u00eend mincinos despre plasarea de explozibili \u00een centre comerciale, instan\u021be de judecat\u0103 \u0219i universit\u0103\u021bi\u201d, se arat\u0103 \u00een comunicatul.<\/p>\n<p>Alertele false au determinat interven\u021bia for\u021belor de ordine \u0219i evacuarea persoanelor din loca\u021biile vizate, \u00eens\u0103 \u00een urma verific\u0103rilor nu au fost depistate materiale explozibile. Inculpatul \u0219i-a recunoscut vinov\u0103\u021bia pentru faptele de care a fost acuzat, cauza \u00een privin\u021ba acestuia fiind examinat\u0103 \u00een procedur\u0103 simplificat\u0103.<\/p>\n<p>Sentin\u021ba nu este definitiv\u0103 \u0219i poate fi contestat\u0103 cu apel la Curtea de Apel Centru, \u00een termen de 15 zile. Amintim c\u0103 b\u0103rbatul care a efectuat mai multe alerte false cu bomb\u0103 \u00een 2022 a fost condamnat, \u00een prim\u0103 instan\u021b\u0103, la trei ani \u0219i jum\u0103tate de \u00eenchisoare.<\/p>\n<p>Potrivit dosarului, \u00een perioada octombrie-noiembrie 2022, acesta a efectuat nou\u0103 apeluri la Serviciul 112, anun\u021b\u00eend despre minarea unor institu\u021bii publice \u0219i private, inclusiv instan\u021be de judecat\u0103, \u0219coli \u0219i centre comerciale.<\/p>\n<\/div>\n","protected":false},"excerpt":{"rendered":"<div><img loading=\"lazy\" decoding=\"async\" width=\"696\" height=\"458\" src=\"https:\/\/canal5.md\/wp-content\/uploads\/2025\/02\/797456-1-optimized.webp\" class=\"attachment-large size-large wp-post-image\" alt=\"\" srcset=\"https:\/\/canal5.md\/wp-content\/uploads\/2025\/02\/797456-1-optimized.webp 760w, https:\/\/canal5.md\/wp-content\/uploads\/2025\/02\/797456-1-300x197-optimized.webp 300w, https:\/\/canal5.md\/wp-content\/uploads\/2025\/02\/797456-1-696x458-optimized.webp 696w\">B\u0103rbatul, care a fost condamnat la trei ani \u0219i jum\u0103tate de \u00eenchisoare pentru multiple alerte false cu bomb\u0103, a mai fost anterior \u00een vizorul oamenilor legii. Potrivit Procuraturii Generale (PG), inculpatul a fost acuzat de comiterea mai multor alerte false cu bomb\u0103 \u00een Chi\u0219in\u0103u, \u00een perioada octombrie-noiembrie 2022. \u201eInculpatul a fost acuzat de comiterea mai [\u2026]<\/div>\n","protected":false},"author":1,"featured_media":66985,"comment_status":"closed","ping_status":"closed","sticky":false,"template":"","format":"standard","meta":{"jnews-multi-image_gallery":[],"jnews_single_post":[],"jnews_primary_category":[],"jnews_social_meta":[],"jnews_override_counter":[],"footnotes":""},"categories":[30],"tags":[],"class_list":["post-66984","post","type-post","status-publish","format-standard","has-post-thumbnail","hentry","category-social_ro"],"_links":{"self":[{"href":"https:\/\/orheifm.live\/index.php\/wp-json\/wp\/v2\/posts\/66984","targetHints":{"allow":["GET"]}}],"collection":[{"href":"https:\/\/orheifm.live\/index.php\/wp-json\/wp\/v2\/posts"}],"about":[{"href":"https:\/\/orheifm.live\/index.php\/wp-json\/wp\/v2\/types\/post"}],"author":[{"embeddable":true,"href":"https:\/\/orheifm.live\/index.php\/wp-json\/wp\/v2\/users\/1"}],"replies":[{"embeddable":true,"href":"https:\/\/orheifm.live\/index.php\/wp-json\/wp\/v2\/comments?post=66984"}],"version-history":[{"count":0,"href":"https:\/\/orheifm.live\/index.php\/wp-json\/wp\/v2\/posts\/66984\/revisions"}],"wp:featuredmedia":[{"embeddable":true,"href":"https:\/\/orheifm.live\/index.php\/wp-json\/wp\/v2\/media\/66985"}],"wp:attachment":[{"href":"https:\/\/orheifm.live\/index.php\/wp-json\/wp\/v2\/media?parent=66984"}],"wp:term":[{"taxonomy":"category","embeddable":true,"href":"https:\/\/orheifm.live\/index.php\/wp-json\/wp\/v2\/categories?post=66984"},{"taxonomy":"post_tag","embeddable":true,"href":"https:\/\/orheifm.live\/index.php\/wp-json\/wp\/v2\/tags?post=66984"}],"curies":[{"name":"wp","href":"https:\/\/api.w.org\/{rel}","templated":true}]}}