{"id":66980,"date":"2025-02-12T17:00:04","date_gmt":"2025-02-12T15:00:04","guid":{"rendered":"https:\/\/orheifm.live\/index.php\/2025\/02\/12\/avertisment-despre-atac-terorist-pe-ruta-avionului-premierului-indian-narendra-modi\/"},"modified":"2025-02-12T17:00:04","modified_gmt":"2025-02-12T15:00:04","slug":"avertisment-despre-atac-terorist-pe-ruta-avionului-premierului-indian-narendra-modi","status":"publish","type":"post","link":"https:\/\/orheifm.live\/index.php\/2025\/02\/12\/avertisment-despre-atac-terorist-pe-ruta-avionului-premierului-indian-narendra-modi\/","title":{"rendered":"Avertisment despre atac terorist pe ruta avionului premierului indian Narendra Modi"},"content":{"rendered":"<div>\n<p><strong>Poli\u021bia din Mumbai a primit un avertisment anonim despre un posibil atac terorist asupra avionului prim-ministrului Indiei, Narendra Modi, \u00een timpul vizitei sale oficiale \u00een Fran\u021ba \u0219i SUA. Dup\u0103 primirea apelului, autorit\u0103\u021bile au informat imediat agen\u021biile de securitate relevante \u0219i au demarat o anchet\u0103 pentru a evalua gravitatea amenin\u021b\u0103rii.<\/strong><\/p>\n<p>\u201ePe 11 februarie, dispeceratul poli\u021biei din Mumbai a primit o alert\u0103 privind un posibil atac terorist asupra avionului prim-ministrului Modi \u00een timpul c\u0103l\u0103toriei sale externe. Av\u00e2nd \u00een vedere seriozitatea informa\u021biilor, poli\u021bia a alertat celelalte agen\u021bii de securitate \u0219i a ini\u021biat o investiga\u021bie\u201d, au declarat autorit\u0103\u021bile.<\/p>\n<p>Modi a ajuns \u00een Fran\u021ba pe 12 februarie, unde, \u00een prima zi a vizitei, s-a \u00eent\u00e2lnit cu membrii diasporei indiene \u0219i cu vicepre\u0219edintele SUA, J.D. Vance, precum \u0219i cu pre\u0219edintele Fran\u021bei, Emmanuel Macron. Cei doi au participat la AI Action Summit \u0219i la Forumul de afaceri al liderilor din Fran\u021ba \u0219i India.<\/p>\n<p>Programul vizitei a inclus \u0219i inaugurarea consulatului general al Indiei \u00een Marsilia, unde Modi \u0219i Macron au zburat \u00eempreun\u0103 din Paris la bordul aeronavei preziden\u021biale. Cei doi lideri au vizitat cimitirul militar Mazargues, aduc\u00e2nd un omagiu solda\u021bilor indieni care au c\u0103zut \u00een cele dou\u0103 r\u0103zboaie mondiale.<\/p>\n<p>Ast\u0103zi, pe 12 februarie, Modi a avut o \u00eent\u00e2lnire la Paris cu Sundar Pichai, directorul executiv al Google, \u00een cadrul Summitului privind dezvoltarea inteligen\u021bei artificiale. Cei doi au discutat despre oportunit\u0103\u021bile pe care IA le poate oferi Indiei \u0219i despre transformarea digital\u0103 a \u021b\u0103rii.<\/p>\n<p>Aceasta este a \u0219asea vizit\u0103 a lui Modi \u00een Fran\u021ba. Dup\u0103 aceast\u0103 etap\u0103, prim-ministrul indian se va deplasa \u00een SUA pentru a se \u00eent\u00e2lni cu pre\u0219edintele american, Donald Trump, \u00een prima lor \u00eent\u00e2lnire oficial\u0103 dup\u0103 \u00eenceperea celui de-al doilea mandat al acestuia.<\/p>\n<\/div>\n","protected":false},"excerpt":{"rendered":"<div><img loading=\"lazy\" decoding=\"async\" width=\"696\" height=\"430\" src=\"https:\/\/canal5.md\/wp-content\/uploads\/2025\/02\/ee155f44daab3d7c7c1b0f8452e0d27c-1024x633-optimized.jpg\" class=\"attachment-large size-large wp-post-image\" alt=\"\" srcset=\"https:\/\/canal5.md\/wp-content\/uploads\/2025\/02\/ee155f44daab3d7c7c1b0f8452e0d27c-1024x633-optimized.jpg 1024w, https:\/\/canal5.md\/wp-content\/uploads\/2025\/02\/ee155f44daab3d7c7c1b0f8452e0d27c-300x185-optimized.jpg 300w, https:\/\/canal5.md\/wp-content\/uploads\/2025\/02\/ee155f44daab3d7c7c1b0f8452e0d27c-768x474-optimized.jpg 768w, https:\/\/canal5.md\/wp-content\/uploads\/2025\/02\/ee155f44daab3d7c7c1b0f8452e0d27c-696x430-optimized.jpg 696w, https:\/\/canal5.md\/wp-content\/uploads\/2025\/02\/ee155f44daab3d7c7c1b0f8452e0d27c-1068x660-optimized.jpg 1068w, https:\/\/canal5.md\/wp-content\/uploads\/2025\/02\/ee155f44daab3d7c7c1b0f8452e0d27c-optimized.jpg 1180w\">Poli\u021bia din Mumbai a primit un avertisment anonim despre un posibil atac terorist asupra avionului prim-ministrului Indiei, Narendra Modi, \u00een timpul vizitei sale oficiale \u00een Fran\u021ba \u0219i SUA. Dup\u0103 primirea apelului, autorit\u0103\u021bile au informat imediat agen\u021biile de securitate relevante \u0219i au demarat o anchet\u0103 pentru a evalua gravitatea amenin\u021b\u0103rii. \u201ePe 11 februarie, dispeceratul poli\u021biei din [\u2026]<\/div>\n","protected":false},"author":1,"featured_media":66981,"comment_status":"closed","ping_status":"closed","sticky":false,"template":"","format":"standard","meta":{"jnews-multi-image_gallery":[],"jnews_single_post":[],"jnews_primary_category":[],"jnews_social_meta":[],"jnews_override_counter":[],"footnotes":""},"categories":[29],"tags":[],"class_list":["post-66980","post","type-post","status-publish","format-standard","has-post-thumbnail","hentry","category-externe_ro"],"_links":{"self":[{"href":"https:\/\/orheifm.live\/index.php\/wp-json\/wp\/v2\/posts\/66980","targetHints":{"allow":["GET"]}}],"collection":[{"href":"https:\/\/orheifm.live\/index.php\/wp-json\/wp\/v2\/posts"}],"about":[{"href":"https:\/\/orheifm.live\/index.php\/wp-json\/wp\/v2\/types\/post"}],"author":[{"embeddable":true,"href":"https:\/\/orheifm.live\/index.php\/wp-json\/wp\/v2\/users\/1"}],"replies":[{"embeddable":true,"href":"https:\/\/orheifm.live\/index.php\/wp-json\/wp\/v2\/comments?post=66980"}],"version-history":[{"count":0,"href":"https:\/\/orheifm.live\/index.php\/wp-json\/wp\/v2\/posts\/66980\/revisions"}],"wp:featuredmedia":[{"embeddable":true,"href":"https:\/\/orheifm.live\/index.php\/wp-json\/wp\/v2\/media\/66981"}],"wp:attachment":[{"href":"https:\/\/orheifm.live\/index.php\/wp-json\/wp\/v2\/media?parent=66980"}],"wp:term":[{"taxonomy":"category","embeddable":true,"href":"https:\/\/orheifm.live\/index.php\/wp-json\/wp\/v2\/categories?post=66980"},{"taxonomy":"post_tag","embeddable":true,"href":"https:\/\/orheifm.live\/index.php\/wp-json\/wp\/v2\/tags?post=66980"}],"curies":[{"name":"wp","href":"https:\/\/api.w.org\/{rel}","templated":true}]}}