{"id":66970,"date":"2025-02-12T15:40:53","date_gmt":"2025-02-12T13:40:53","guid":{"rendered":"https:\/\/orheifm.live\/index.php\/2025\/02\/12\/pasager-retinut-dupa-ce-a-sarit-din-avionul-iberia-inainte-de-decolare\/"},"modified":"2025-02-12T15:40:53","modified_gmt":"2025-02-12T13:40:53","slug":"pasager-retinut-dupa-ce-a-sarit-din-avionul-iberia-inainte-de-decolare","status":"publish","type":"post","link":"https:\/\/orheifm.live\/index.php\/2025\/02\/12\/pasager-retinut-dupa-ce-a-sarit-din-avionul-iberia-inainte-de-decolare\/","title":{"rendered":"Pasager re\u021binut dup\u0103 ce a s\u0103rit din avionul Iberia \u00eenainte de decolare"},"content":{"rendered":"<div>\n<p><strong>Un pasager al unui zbor Iberia de la Aeroportul Paris-Orly c\u0103tre Madrid a deschis u\u0219a din spate a aeronavei Airbus A320, aflat\u0103 pe cale s\u0103 decoleze, a activat toboganul de evacuare \u0219i a s\u0103rit din avion. <\/strong><\/p>\n<p>Incidentul a avut loc \u00eenainte de decolare, iar b\u0103rbatul a fost re\u021binut de autorit\u0103\u021bile aeroportuare f\u0103r\u0103 a suferi vreo v\u0103t\u0103mare. Potrivit grupului ADP, operatorul aeroportului, b\u0103rbatul a fost preluat de Jandarmeria Transportului Aerian. Acesta risc\u0103 o pedeaps\u0103 de p\u00e2n\u0103 la cinci ani de \u00eenchisoare \u0219i o amend\u0103 de 18.000 de euro pentru obstruc\u021bionarea circula\u021biei aeronavei.<\/p>\n<p>Motivul gestului s\u0103u nu a fost dezv\u0103luit, iar ancheta a fost preluat\u0103 de Jandarmeria aerian\u0103. Ceilal\u021bi pasageri au fost debarca\u021bi \u0219i au a\u0219teptat un alt zbor, cu \u00eent\u00e2rziere.<\/p>\n<\/div>\n","protected":false},"excerpt":{"rendered":"<div><img loading=\"lazy\" decoding=\"async\" width=\"696\" height=\"458\" src=\"https:\/\/canal5.md\/wp-content\/uploads\/2025\/02\/797104-optimized.webp\" class=\"attachment-large size-large wp-post-image\" alt=\"\" srcset=\"https:\/\/canal5.md\/wp-content\/uploads\/2025\/02\/797104-optimized.webp 760w, https:\/\/canal5.md\/wp-content\/uploads\/2025\/02\/797104-300x197-optimized.webp 300w, https:\/\/canal5.md\/wp-content\/uploads\/2025\/02\/797104-696x458-optimized.webp 696w\">Un pasager al unui zbor Iberia de la Aeroportul Paris-Orly c\u0103tre Madrid a deschis u\u0219a din spate a aeronavei Airbus A320, aflat\u0103 pe cale s\u0103 decoleze, a activat toboganul de evacuare \u0219i a s\u0103rit din avion. Incidentul a avut loc \u00eenainte de decolare, iar b\u0103rbatul a fost re\u021binut de autorit\u0103\u021bile aeroportuare f\u0103r\u0103 a suferi vreo [\u2026]<\/div>\n","protected":false},"author":1,"featured_media":66971,"comment_status":"closed","ping_status":"closed","sticky":false,"template":"","format":"standard","meta":{"jnews-multi-image_gallery":[],"jnews_single_post":[],"jnews_primary_category":[],"jnews_social_meta":[],"jnews_override_counter":[],"footnotes":""},"categories":[29],"tags":[],"class_list":["post-66970","post","type-post","status-publish","format-standard","has-post-thumbnail","hentry","category-externe_ro"],"_links":{"self":[{"href":"https:\/\/orheifm.live\/index.php\/wp-json\/wp\/v2\/posts\/66970","targetHints":{"allow":["GET"]}}],"collection":[{"href":"https:\/\/orheifm.live\/index.php\/wp-json\/wp\/v2\/posts"}],"about":[{"href":"https:\/\/orheifm.live\/index.php\/wp-json\/wp\/v2\/types\/post"}],"author":[{"embeddable":true,"href":"https:\/\/orheifm.live\/index.php\/wp-json\/wp\/v2\/users\/1"}],"replies":[{"embeddable":true,"href":"https:\/\/orheifm.live\/index.php\/wp-json\/wp\/v2\/comments?post=66970"}],"version-history":[{"count":0,"href":"https:\/\/orheifm.live\/index.php\/wp-json\/wp\/v2\/posts\/66970\/revisions"}],"wp:featuredmedia":[{"embeddable":true,"href":"https:\/\/orheifm.live\/index.php\/wp-json\/wp\/v2\/media\/66971"}],"wp:attachment":[{"href":"https:\/\/orheifm.live\/index.php\/wp-json\/wp\/v2\/media?parent=66970"}],"wp:term":[{"taxonomy":"category","embeddable":true,"href":"https:\/\/orheifm.live\/index.php\/wp-json\/wp\/v2\/categories?post=66970"},{"taxonomy":"post_tag","embeddable":true,"href":"https:\/\/orheifm.live\/index.php\/wp-json\/wp\/v2\/tags?post=66970"}],"curies":[{"name":"wp","href":"https:\/\/api.w.org\/{rel}","templated":true}]}}