{"id":66968,"date":"2025-02-12T15:20:24","date_gmt":"2025-02-12T13:20:24","guid":{"rendered":"https:\/\/orheifm.live\/index.php\/2025\/02\/12\/barbat-din-chisinau-retinut-pentru-trafic-de-minori-si-exploatarea-sexuala-a-adolescentelor\/"},"modified":"2025-02-12T15:20:24","modified_gmt":"2025-02-12T13:20:24","slug":"barbat-din-chisinau-retinut-pentru-trafic-de-minori-si-exploatarea-sexuala-a-adolescentelor","status":"publish","type":"post","link":"https:\/\/orheifm.live\/index.php\/2025\/02\/12\/barbat-din-chisinau-retinut-pentru-trafic-de-minori-si-exploatarea-sexuala-a-adolescentelor\/","title":{"rendered":"B\u0103rbat din Chi\u0219in\u0103u re\u021binut pentru trafic de minori \u0219i exploatarea sexual\u0103 a adolescentelor"},"content":{"rendered":"<div>\n<p data-start=\"31\" data-end=\"362\"><strong>Ofi\u021berii Centrului pentru combaterea traficului de persoane \u0219i cei de urm\u0103rire penal\u0103 ai INI, cu suportul masca\u021bilor din cadrul BPDS \u201eFulger\u201d anun\u021b\u0103 re\u021binerea unui b\u0103rbat de 55 ani din Chi\u0219in\u0103u, pentru exploatarea sexual\u0103 a unor adolescente, pe care le-ar fi ad\u0103postit \u00een apartamentul s\u0103u, anun\u021b\u0103 Inspectoratul General al Poli\u021biei.<\/strong><\/p>\n<p data-start=\"364\" data-end=\"812\">\u00cen cadrul investiga\u021biilor, oamenii legii au stabilit c\u0103, \u00eencep\u00e2nd cu anul 2022, b\u0103rbatul ar fi racolat o minor\u0103 de 13 ani, pe care, dup\u0103 ce ar fi primit-o \u00een propriul apartament, i-ar fi asigurat alimenta\u021bia \u0219i i-ar fi cump\u0103rat \u0219i \u00eembr\u0103c\u0103minte. Totu\u0219i, din cele stabilite de oamenii legii, grija acestuia s-a dovedit a fi fals\u0103, \u00eentruc\u00e2t, \u00een schimb, \u00eenvinuitul ar fi \u00eenceput s\u0103 \u00eentre\u021bin\u0103 cu ea rela\u021bii sexuale, profit\u00e2nd de lipsa ei de alternativ\u0103.<\/p>\n<p data-start=\"814\" data-end=\"1208\">\u00cenvinuitul nu s-ar fi oprit doar la \u00eentre\u021binerea rela\u021biilor sexuale cu copila, ci ar fi \u00eenceput \u0219i s\u0103 le \u00eenregistreze video. Ulterior, acesta ar fi publicat scenele pornografice pe un grup de pe aplica\u021bia mobil\u0103 \u201eTelegram.\u201d Astfel, \u00eenvinuitul ar fi exploatat-o pe copil\u0103 zeci de zile \u2013 perioad\u0103 \u00een care acesta ar fi ad\u0103postit \u0219i alte adolescente \u00een situa\u021bii vulnerabile, care fugiser\u0103 de acas\u0103.<\/p>\n<p data-start=\"1210\" data-end=\"1352\">Totu\u0219i, \u00een baza m\u0103surilor speciale de investiga\u021bie, oamenii legii i-au deconspirat aceste fapte de trafic de copii, dup\u0103 care l-au \u0219i re\u021binut.<\/p>\n<p data-start=\"1354\" data-end=\"1491\">Ulterior, acesta a fost plasat \u00een arest preventiv, prin \u00eencheierea Judec\u0103toriei Chi\u0219in\u0103u, pentru continuarea obiectiv\u0103 a investiga\u021biilor.<\/p>\n<p data-start=\"1493\" data-end=\"1658\">Acum, adolescenta locuie\u0219te \u00eentr-un centru de plasament, iar cercetarea penal\u0103 continu\u0103, timp \u00een care persoana beneficiaz\u0103 de prezum\u021bia nevinov\u0103\u021biei, potrivit legii.<br \/>\nConform legisla\u021biei \u00een vigoare persoana culpabil\u0103 de asemenea infrac\u021biune risc\u0103 \u00a0\u00eenchisoare de la 15 la 20 de ani, cu privarea de dreptul de a ocupa anumite func\u0163ii sau de a exercita o anumit\u0103 activitate pe un termen de la 3 la 5 ani sau cu deten\u0163iune pe via\u0163\u0103.<\/p>\n<\/div>\n","protected":false},"excerpt":{"rendered":"<div><img loading=\"lazy\" decoding=\"async\" width=\"696\" height=\"392\" src=\"https:\/\/canal5.md\/wp-content\/uploads\/2025\/02\/c696863b5176026cfc0e2c46b66e2e010e3c79111c60865345b53f33645c8cc6-1024x576-optimized.png\" class=\"attachment-large size-large wp-post-image\" alt=\"\" srcset=\"https:\/\/canal5.md\/wp-content\/uploads\/2025\/02\/c696863b5176026cfc0e2c46b66e2e010e3c79111c60865345b53f33645c8cc6-1024x576-optimized.png 1024w, https:\/\/canal5.md\/wp-content\/uploads\/2025\/02\/c696863b5176026cfc0e2c46b66e2e010e3c79111c60865345b53f33645c8cc6-300x169-optimized.png 300w, https:\/\/canal5.md\/wp-content\/uploads\/2025\/02\/c696863b5176026cfc0e2c46b66e2e010e3c79111c60865345b53f33645c8cc6-768x432-optimized.png 768w, https:\/\/canal5.md\/wp-content\/uploads\/2025\/02\/c696863b5176026cfc0e2c46b66e2e010e3c79111c60865345b53f33645c8cc6-696x392-optimized.png 696w, https:\/\/canal5.md\/wp-content\/uploads\/2025\/02\/c696863b5176026cfc0e2c46b66e2e010e3c79111c60865345b53f33645c8cc6-1068x601-optimized.png 1068w, https:\/\/canal5.md\/wp-content\/uploads\/2025\/02\/c696863b5176026cfc0e2c46b66e2e010e3c79111c60865345b53f33645c8cc6-optimized.png 1200w\">Ofi\u021berii Centrului pentru combaterea traficului de persoane \u0219i cei de urm\u0103rire penal\u0103 ai INI, cu suportul masca\u021bilor din cadrul BPDS \u201eFulger\u201d anun\u021b\u0103 re\u021binerea unui b\u0103rbat de 55 ani din Chi\u0219in\u0103u, pentru exploatarea sexual\u0103 a unor adolescente, pe care le-ar fi ad\u0103postit \u00een apartamentul s\u0103u, anun\u021b\u0103 Inspectoratul General al Poli\u021biei. \u00cen cadrul investiga\u021biilor, oamenii legii au [\u2026]<\/div>\n","protected":false},"author":1,"featured_media":66969,"comment_status":"closed","ping_status":"closed","sticky":false,"template":"","format":"standard","meta":{"jnews-multi-image_gallery":[],"jnews_single_post":[],"jnews_primary_category":[],"jnews_social_meta":[],"jnews_override_counter":[],"footnotes":""},"categories":[30],"tags":[],"class_list":["post-66968","post","type-post","status-publish","format-standard","has-post-thumbnail","hentry","category-social_ro"],"_links":{"self":[{"href":"https:\/\/orheifm.live\/index.php\/wp-json\/wp\/v2\/posts\/66968","targetHints":{"allow":["GET"]}}],"collection":[{"href":"https:\/\/orheifm.live\/index.php\/wp-json\/wp\/v2\/posts"}],"about":[{"href":"https:\/\/orheifm.live\/index.php\/wp-json\/wp\/v2\/types\/post"}],"author":[{"embeddable":true,"href":"https:\/\/orheifm.live\/index.php\/wp-json\/wp\/v2\/users\/1"}],"replies":[{"embeddable":true,"href":"https:\/\/orheifm.live\/index.php\/wp-json\/wp\/v2\/comments?post=66968"}],"version-history":[{"count":0,"href":"https:\/\/orheifm.live\/index.php\/wp-json\/wp\/v2\/posts\/66968\/revisions"}],"wp:featuredmedia":[{"embeddable":true,"href":"https:\/\/orheifm.live\/index.php\/wp-json\/wp\/v2\/media\/66969"}],"wp:attachment":[{"href":"https:\/\/orheifm.live\/index.php\/wp-json\/wp\/v2\/media?parent=66968"}],"wp:term":[{"taxonomy":"category","embeddable":true,"href":"https:\/\/orheifm.live\/index.php\/wp-json\/wp\/v2\/categories?post=66968"},{"taxonomy":"post_tag","embeddable":true,"href":"https:\/\/orheifm.live\/index.php\/wp-json\/wp\/v2\/tags?post=66968"}],"curies":[{"name":"wp","href":"https:\/\/api.w.org\/{rel}","templated":true}]}}