{"id":66966,"date":"2025-02-12T15:00:41","date_gmt":"2025-02-12T13:00:41","guid":{"rendered":"https:\/\/orheifm.live\/index.php\/2025\/02\/12\/descoperire-macabra-in-sauca-doi-frati-gasiti-morti-in-locuinta\/"},"modified":"2025-02-12T15:00:41","modified_gmt":"2025-02-12T13:00:41","slug":"descoperire-macabra-in-sauca-doi-frati-gasiti-morti-in-locuinta","status":"publish","type":"post","link":"https:\/\/orheifm.live\/index.php\/2025\/02\/12\/descoperire-macabra-in-sauca-doi-frati-gasiti-morti-in-locuinta\/","title":{"rendered":"Descoperire macabr\u0103 \u00een Sauca: Doi fra\u021bi g\u0103si\u021bi mor\u021bi \u00een locuin\u021b\u0103"},"content":{"rendered":"<div>\n<p data-sourcepos=\"5:1-5:165\"><strong>Doi fra\u021bi au fost g\u0103si\u021bi f\u0103r\u0103 suflare \u00een locuin\u021ba unuia dintre ei, \u00een localitatea Sauca. Descoperirea a fost f\u0103cut\u0103 de un vecin, care a alertat imediat autorit\u0103\u021bile.<\/strong><\/p>\n<p data-sourcepos=\"7:1-7:228\">Victimele, \u00een v\u00e2rst\u0103 de 45 \u0219i 50 de ani, nu prezentau semne de moarte violent\u0103, conform medicului legist. Vecinii \u0219i rudele au declarat c\u0103 ace\u0219tia aveau un stil de via\u021b\u0103 neobi\u0219nuit, fiind neangaja\u021bi \u0219i consum\u00e2nd frecvent alcool.<\/p>\n<p data-sourcepos=\"9:1-9:164\">Autorit\u0103\u021bile iau \u00een calcul trei ipoteze privind decesul celor doi fra\u021bi: hipotermie, intoxica\u021bie cu alcool sau intoxica\u021bie cu monoxid de carbon provenit de la sob\u0103.<\/p>\n<p data-sourcepos=\"11:1-11:161\">Pentru a elucida cauza exact\u0103 a decesului, cadavrele au fost transportate la Centrul de Medicin\u0103 Legal\u0103 din Edine\u021b, unde vor fi supuse expertizelor de laborator.<\/p>\n<\/div>\n","protected":false},"excerpt":{"rendered":"<div><img loading=\"lazy\" decoding=\"async\" width=\"696\" height=\"392\" src=\"https:\/\/canal5.md\/wp-content\/uploads\/2025\/02\/6c2fe1d58240ea2cafba6ad220bbe00b7ef585fad2150044fc7d559373ca28c1-1024x576-optimized.png\" class=\"attachment-large size-large wp-post-image\" alt=\"\" srcset=\"https:\/\/canal5.md\/wp-content\/uploads\/2025\/02\/6c2fe1d58240ea2cafba6ad220bbe00b7ef585fad2150044fc7d559373ca28c1-1024x576-optimized.png 1024w, https:\/\/canal5.md\/wp-content\/uploads\/2025\/02\/6c2fe1d58240ea2cafba6ad220bbe00b7ef585fad2150044fc7d559373ca28c1-300x169-optimized.png 300w, https:\/\/canal5.md\/wp-content\/uploads\/2025\/02\/6c2fe1d58240ea2cafba6ad220bbe00b7ef585fad2150044fc7d559373ca28c1-768x432-optimized.png 768w, https:\/\/canal5.md\/wp-content\/uploads\/2025\/02\/6c2fe1d58240ea2cafba6ad220bbe00b7ef585fad2150044fc7d559373ca28c1-696x392-optimized.png 696w, https:\/\/canal5.md\/wp-content\/uploads\/2025\/02\/6c2fe1d58240ea2cafba6ad220bbe00b7ef585fad2150044fc7d559373ca28c1-1068x601-optimized.png 1068w, https:\/\/canal5.md\/wp-content\/uploads\/2025\/02\/6c2fe1d58240ea2cafba6ad220bbe00b7ef585fad2150044fc7d559373ca28c1-optimized.png 1200w\">Doi fra\u021bi au fost g\u0103si\u021bi f\u0103r\u0103 suflare \u00een locuin\u021ba unuia dintre ei, \u00een localitatea Sauca. Descoperirea a fost f\u0103cut\u0103 de un vecin, care a alertat imediat autorit\u0103\u021bile. Victimele, \u00een v\u00e2rst\u0103 de 45 \u0219i 50 de ani, nu prezentau semne de moarte violent\u0103, conform medicului legist. Vecinii \u0219i rudele au declarat c\u0103 ace\u0219tia aveau un stil [\u2026]<\/div>\n","protected":false},"author":1,"featured_media":66967,"comment_status":"closed","ping_status":"closed","sticky":false,"template":"","format":"standard","meta":{"jnews-multi-image_gallery":[],"jnews_single_post":[],"jnews_primary_category":[],"jnews_social_meta":[],"jnews_override_counter":[],"footnotes":""},"categories":[30],"tags":[],"class_list":["post-66966","post","type-post","status-publish","format-standard","has-post-thumbnail","hentry","category-social_ro"],"_links":{"self":[{"href":"https:\/\/orheifm.live\/index.php\/wp-json\/wp\/v2\/posts\/66966","targetHints":{"allow":["GET"]}}],"collection":[{"href":"https:\/\/orheifm.live\/index.php\/wp-json\/wp\/v2\/posts"}],"about":[{"href":"https:\/\/orheifm.live\/index.php\/wp-json\/wp\/v2\/types\/post"}],"author":[{"embeddable":true,"href":"https:\/\/orheifm.live\/index.php\/wp-json\/wp\/v2\/users\/1"}],"replies":[{"embeddable":true,"href":"https:\/\/orheifm.live\/index.php\/wp-json\/wp\/v2\/comments?post=66966"}],"version-history":[{"count":0,"href":"https:\/\/orheifm.live\/index.php\/wp-json\/wp\/v2\/posts\/66966\/revisions"}],"wp:featuredmedia":[{"embeddable":true,"href":"https:\/\/orheifm.live\/index.php\/wp-json\/wp\/v2\/media\/66967"}],"wp:attachment":[{"href":"https:\/\/orheifm.live\/index.php\/wp-json\/wp\/v2\/media?parent=66966"}],"wp:term":[{"taxonomy":"category","embeddable":true,"href":"https:\/\/orheifm.live\/index.php\/wp-json\/wp\/v2\/categories?post=66966"},{"taxonomy":"post_tag","embeddable":true,"href":"https:\/\/orheifm.live\/index.php\/wp-json\/wp\/v2\/tags?post=66966"}],"curies":[{"name":"wp","href":"https:\/\/api.w.org\/{rel}","templated":true}]}}