{"id":66964,"date":"2025-02-12T15:00:34","date_gmt":"2025-02-12T13:00:34","guid":{"rendered":"https:\/\/orheifm.live\/index.php\/2025\/02\/12\/un-tanar-din-calarasi-si-a-incendiat-iubita-din-cauza-geloziei\/"},"modified":"2025-02-12T15:00:34","modified_gmt":"2025-02-12T13:00:34","slug":"un-tanar-din-calarasi-si-a-incendiat-iubita-din-cauza-geloziei","status":"publish","type":"post","link":"https:\/\/orheifm.live\/index.php\/2025\/02\/12\/un-tanar-din-calarasi-si-a-incendiat-iubita-din-cauza-geloziei\/","title":{"rendered":"Un t\u00e2n\u0103r din C\u0103l\u0103ra\u0219i \u0219i-a incendiat iubita din cauza geloziei"},"content":{"rendered":"<div>\n<p><strong>Un t\u00e2n\u0103r a fost re\u021binut, dup\u0103 ce \u0219i-ar fi incendiat iubita, din cauza geloziei, \u00een timp ce se aflau \u00een ospe\u021bie. Cazul a avut loc duminic\u0103, 9 februarie, \u00een localitatea Bravicea, din raionul C\u0103l\u0103ra\u0219i, sus\u021bin sursele <a href=\"https:\/\/pulsmedia.md\/article\/2b69a81d07f5e807\/gelozia-i-a-intunecat-mintile-un-tanar-baut-si-a-stropit-iubita-cu-o-canistra-cu-benzina-si-i-a-dat-foc-la-calarasi.html?utm_source=RSS&amp;utm_medium=MicroService&amp;utm_campaign=google_analytics\">PulsMedia.MD<\/a> din teritoriu.<\/strong><\/p>\n<p>Potrivit surselor este vorba despre un individ \u00een v\u00e2rst\u0103 de 36 de ani, care se afl\u0103 de dou\u0103 luni \u00eentr-o rela\u021bie de dragoste cu o t\u00e2n\u0103r\u0103 de 27 de ani.<\/p>\n<p>Duminica trecut\u0103, \u00een timp ce se aflau \u00een ospe\u021bie, indsul fiind \u00een stare de ebrietate, din cauza unei crize de gelozie, ar fi luat o canistr\u0103 cu benzin\u0103 cu care \u0219i-a stropit iubita, dup\u0103 care a incendiat-o cu brichete.<\/p>\n<p>Ulterior, dup\u0103 ce a v\u0103zut c\u0103 hainele tinerei au fost cuprinse de fl\u0103c\u0103ri, d\u00e2nsul le-a rupt de pe corpul ei \u0219i le-ar fi stins.<\/p>\n<p>Oamenii legii au aflat despre acest caz, dup\u0103 ce pe parcursurl zilei de ieri, 11 februarie, victima s-a adresat dup\u0103 ajutor medical la Spitalul Raional C\u0103l\u0103ra\u0219i, fiind ulterior internat\u0103 \u00eem sec\u021bia de chirurgie cu arsuri la m\u00e2ini \u0219i la picioare.<\/p>\n<p>Individul a fost re\u021binut pentru 72 de ore, iar de la locul unde a avut loc incidentul, poli\u021bi\u0219tii au ridicat hainele arse ale victimei \u0219i canistra cu benzin\u0103.<\/p>\n<\/div>\n","protected":false},"excerpt":{"rendered":"<div><img loading=\"lazy\" decoding=\"async\" width=\"640\" height=\"360\" src=\"https:\/\/canal5.md\/wp-content\/uploads\/2025\/02\/photo_2025-02-12_12-45-14-optimized.jpg\" class=\"attachment-large size-large wp-post-image\" alt=\"\" srcset=\"https:\/\/canal5.md\/wp-content\/uploads\/2025\/02\/photo_2025-02-12_12-45-14-optimized.jpg 640w, https:\/\/canal5.md\/wp-content\/uploads\/2025\/02\/photo_2025-02-12_12-45-14-300x169-optimized.jpg 300w\">Un t\u00e2n\u0103r a fost re\u021binut, dup\u0103 ce \u0219i-ar fi incendiat iubita, din cauza geloziei, \u00een timp ce se aflau \u00een ospe\u021bie. Cazul a avut loc duminic\u0103, 9 februarie, \u00een localitatea Bravicea, din raionul C\u0103l\u0103ra\u0219i, sus\u021bin sursele PulsMedia.MD din teritoriu. Potrivit surselor este vorba despre un individ \u00een v\u00e2rst\u0103 de 36 de ani, care se afl\u0103 [\u2026]<\/div>\n","protected":false},"author":1,"featured_media":66965,"comment_status":"closed","ping_status":"closed","sticky":false,"template":"","format":"standard","meta":{"jnews-multi-image_gallery":[],"jnews_single_post":[],"jnews_primary_category":[],"jnews_social_meta":[],"jnews_override_counter":[],"footnotes":""},"categories":[30],"tags":[],"class_list":["post-66964","post","type-post","status-publish","format-standard","has-post-thumbnail","hentry","category-social_ro"],"_links":{"self":[{"href":"https:\/\/orheifm.live\/index.php\/wp-json\/wp\/v2\/posts\/66964","targetHints":{"allow":["GET"]}}],"collection":[{"href":"https:\/\/orheifm.live\/index.php\/wp-json\/wp\/v2\/posts"}],"about":[{"href":"https:\/\/orheifm.live\/index.php\/wp-json\/wp\/v2\/types\/post"}],"author":[{"embeddable":true,"href":"https:\/\/orheifm.live\/index.php\/wp-json\/wp\/v2\/users\/1"}],"replies":[{"embeddable":true,"href":"https:\/\/orheifm.live\/index.php\/wp-json\/wp\/v2\/comments?post=66964"}],"version-history":[{"count":0,"href":"https:\/\/orheifm.live\/index.php\/wp-json\/wp\/v2\/posts\/66964\/revisions"}],"wp:featuredmedia":[{"embeddable":true,"href":"https:\/\/orheifm.live\/index.php\/wp-json\/wp\/v2\/media\/66965"}],"wp:attachment":[{"href":"https:\/\/orheifm.live\/index.php\/wp-json\/wp\/v2\/media?parent=66964"}],"wp:term":[{"taxonomy":"category","embeddable":true,"href":"https:\/\/orheifm.live\/index.php\/wp-json\/wp\/v2\/categories?post=66964"},{"taxonomy":"post_tag","embeddable":true,"href":"https:\/\/orheifm.live\/index.php\/wp-json\/wp\/v2\/tags?post=66964"}],"curies":[{"name":"wp","href":"https:\/\/api.w.org\/{rel}","templated":true}]}}