{"id":66962,"date":"2025-02-12T14:42:42","date_gmt":"2025-02-12T12:42:42","guid":{"rendered":"https:\/\/orheifm.live\/index.php\/2025\/02\/12\/atacurile-guvernarii-nu-se-opresc-dorin-recean-o-critica-pe-veronica-dragalin-vedeta-din-justitie-care-nu-livreaza-rezultate\/"},"modified":"2025-02-12T14:42:42","modified_gmt":"2025-02-12T12:42:42","slug":"atacurile-guvernarii-nu-se-opresc-dorin-recean-o-critica-pe-veronica-dragalin-vedeta-din-justitie-care-nu-livreaza-rezultate","status":"publish","type":"post","link":"https:\/\/orheifm.live\/index.php\/2025\/02\/12\/atacurile-guvernarii-nu-se-opresc-dorin-recean-o-critica-pe-veronica-dragalin-vedeta-din-justitie-care-nu-livreaza-rezultate\/","title":{"rendered":"Atacurile guvern\u0103rii nu se opresc: Dorin Recean o critic\u0103 pe Veronica Dragalin, \u201evedet\u0103 din justi\u021bie\u201d care nu livreaz\u0103 rezultate"},"content":{"rendered":"<div>\n<p><strong>Atacurile exponen\u021bilor puterii \u00een adresa \u0219efei Procuraturii Anticorup\u021bie, Veronica Dragalin nu mai contenesc. De aceasta dat\u0103 premierul, Dorin Recean a f\u0103cut-o \u201dvedeta din justi\u021bie\u201d care nu livreaz\u0103 rezultate. Iar deputatul PAS, Vasile Gr\u0103dinaru a acuzat-o pe aceasta de atacuri politice, falsuri \u0219i insinu\u0103ri f\u0103r\u0103 probe, r\u0103spunz\u00e2ndu-i astfel la declara\u021biile ei recente. Din urm\u0103, \u0219i deputatul PAS, Radu Marian, a ac\u021bionat pentru a amplifica atacurile \u00eempotriva \u0219efei Procuraturii Anticorup\u021bie.<\/strong><br \/>\n<iframe loading=\"lazy\" title=\"YouTube video player\" src=\"https:\/\/www.youtube.com\/embed\/vfcGcrICAO4?si=ajmOXk7eKQCw-Cqd\" width=\"560\" height=\"315\" frameborder=\"0\" allowfullscreen=\"allowfullscreen\"><\/iframe><\/p>\n<p>Declara\u021biile \u0219efei Procuraturii Anticorup\u021bie, Veronica Dragalin, la adresa autorit\u0103\u021bilor \u00een func\u021bie nu au r\u0103mas f\u0103r\u0103 r\u0103spuns. De aceasta dat\u0103 premierul, Dorin Recean a f\u0103cut-o \u201dvedeta din justi\u021bie\u201d care nu livreaz\u0103 rezultate. Iar deputatul PAS, Vasile Gr\u0103dinaru a acuzat-o pe aceasta de atacuri politice, falsuri \u0219i insinu\u0103ri f\u0103r\u0103 probe, r\u0103spunz\u00e2ndu-i astfel la declara\u021biile ei recente.<\/p>\n<p>Din urm\u0103, \u0219i deputatul PAS, Radu Marian, a ac\u021bionat pentru a amplifica atacurile \u00eempotriva \u0219efei Procuraturii Anticorup\u021bie. Toate aceste atacuri sunt, de fapt, o presiune asupra unui reprezentant al unei ramuri independente a puterii. Prim-ministrul, Dorin Recean sus\u021bine c\u0103 aceasta face declara\u021bii politice, men\u021bion\u00e2nd c\u0103 \u00een Republica Moldova sunt \u201efoarte multe vedete din justi\u021bie\u201d.<\/p>\n<p>DORIN RECEAN, premierul Republicii Moldova<\/p>\n<p>A\u0219teptarea tuturor este foarte simpl\u0103. Dosare, probe, \u00eenchisoare. To\u021bi cred c\u0103 s-au s\u0103turat de vedetele din justi\u021bie. Toat\u0103 lumea vrea pur \u0219i simplu s\u0103 se fac\u0103 dreptate. Recomand tuturor s\u0103 mearg\u0103 la \u021bar\u0103, s\u0103 vorbeasc\u0103 cu cet\u0103\u021benii \u0219i s\u0103-i \u00eentrebe pe cet\u0103\u021beni ce cred ei despre cum se \u00eenf\u0103ptuie\u0219te actul justi\u021biei.<\/p>\n<p>Am spus de mai multe ori c\u0103 \u00een sf\u00e2r\u0219it avem c\u00e2\u021biva procurori, c\u00e2\u021biva judec\u0103tori care au \u00eenceput s\u0103 se mi\u0219te, dar cu p\u0103rere de r\u0103u mai avem foarte multe vedete care nu livreaz\u0103.<\/p>\n<p>Iar deputatul PAS, Vasile Gr\u0103dinaru a comentat declara\u021biile \u0219efei Procuraturii Anticorup\u021bie, Veronica Dragalin, care l-a contrazis c\u00e2nd a spus c\u0103 exponen\u021bii PAS nu au f\u0103cut presiuni pe Procuratura Anticorup\u021bie, \u00eencerc\u00e2nd s\u0103 influen\u021beze anumite anchete. \u00centr-o postare pe Facebook acesta a scris c\u0103, cit\u0103m: \u201dDragalin, \u00een loc s\u0103 se concentreze pe combaterea corup\u021biei, lanseaz\u0103 atacuri politice, falsuri \u0219i insinu\u0103ri f\u0103r\u0103 probe.<\/p>\n<p>Rezultatele PA se m\u0103soar\u0103 \u00een dosare trimise \u00een judecat\u0103, dar mai ales \u00een condamn\u0103ri, dar nu \u00een ie\u0219iri la TV. Institu\u021biile statului i-au oferit sprijinul necesar, iar atunci c\u00e2nd cet\u0103\u021benii constat\u0103 lipsa condamn\u0103rilor serioase, doamna procuror-\u0219ef paseaz\u0103 vina pe toat\u0103 lumea, mai pu\u021bin pe cei care gestioneaz\u0103 efectiv dosarele. Mai pu\u021bin s\u0103 se pl\u00e2ng\u0103 \u0219i mai mult s\u0103 livreze rezultate\u201d, a mai scris Gr\u0103dinaru pe re\u021belele de socializare. Am \u00eencercat s\u0103 afl\u0103m de la deputatul PAS mai multe detalii referitor la anexa de la scrisoarea care i-a fost trimis\u0103 de Dragalin, dar \u0219i care este numele colegului care \u0219i-a permis s\u0103 intervin\u0103 pe l\u00e2ng\u0103 procuror pentru a influen\u021ba unele dosare, \u00eens\u0103 acesta nu ne-a r\u0103spuns la apeluri.<\/p>\n<p>La fel, un alt frunta\u0219 al guvern\u0103rii, deputatul PAS, Radu Marian, se al\u0103tur\u0103 ofensivei \u00eempotriva \u0219efei Procuraturii Anticorup\u021bie, Veronica Dragalin. Acesta a distribuit pe re\u021bele de socializare mesajele celor doi, amplific\u00e2nd astfel scandalul.<\/p>\n<p>Amintim c\u0103, anterior, \u0219i pre\u0219edintele Maia Sandu s-a ar\u0103tat nemul\u021bumit\u0103 de activitatea Veronic\u0103i Dragalin. \u0218i, pre\u0219edintele Parlamentului, Igor Grosu a anun\u021bat c\u0103 pe \u0219efa PA o \u00eencurc\u0103 p\u0103s\u0103relele, flora \u0219i fauna ca s\u0103 combat\u0103 corup\u021bia, cel mai probabil, lu\u00e2nd \u00een der\u00e2redere, faptul c\u0103 procurorul este cu studii \u00een biologie.<\/p>\n<\/div>\n","protected":false},"excerpt":{"rendered":"<div><img loading=\"lazy\" decoding=\"async\" width=\"696\" height=\"392\" src=\"https:\/\/canal5.md\/wp-content\/uploads\/2024\/01\/1a0ac4dbf0936d1062869ddc9fc468f5-jpg-optimized.webp\" class=\"attachment-large size-large wp-post-image\" alt=\"\" srcset=\"https:\/\/canal5.md\/wp-content\/uploads\/2024\/01\/1a0ac4dbf0936d1062869ddc9fc468f5-jpg-optimized.webp 809w, https:\/\/canal5.md\/wp-content\/uploads\/2024\/01\/1a0ac4dbf0936d1062869ddc9fc468f5-300x169-optimized.webp 300w, https:\/\/canal5.md\/wp-content\/uploads\/2024\/01\/1a0ac4dbf0936d1062869ddc9fc468f5-768x433-optimized.webp 768w, https:\/\/canal5.md\/wp-content\/uploads\/2024\/01\/1a0ac4dbf0936d1062869ddc9fc468f5-696x392-optimized.webp 696w\">Atacurile exponen\u021bilor puterii \u00een adresa \u0219efei Procuraturii Anticorup\u021bie, Veronica Dragalin nu mai contenesc. De aceasta dat\u0103 premierul, Dorin Recean a f\u0103cut-o \u201dvedeta din justi\u021bie\u201d care nu livreaz\u0103 rezultate. Iar deputatul PAS, Vasile Gr\u0103dinaru a acuzat-o pe aceasta de atacuri politice, falsuri \u0219i insinu\u0103ri f\u0103r\u0103 probe, r\u0103spunz\u00e2ndu-i astfel la declara\u021biile ei recente. Din urm\u0103, \u0219i deputatul [\u2026]<\/div>\n","protected":false},"author":1,"featured_media":66963,"comment_status":"closed","ping_status":"closed","sticky":false,"template":"","format":"standard","meta":{"jnews-multi-image_gallery":[],"jnews_single_post":[],"jnews_primary_category":[],"jnews_social_meta":[],"jnews_override_counter":[],"footnotes":""},"categories":[23],"tags":[],"class_list":["post-66962","post","type-post","status-publish","format-standard","has-post-thumbnail","hentry","category-politica_ro"],"_links":{"self":[{"href":"https:\/\/orheifm.live\/index.php\/wp-json\/wp\/v2\/posts\/66962","targetHints":{"allow":["GET"]}}],"collection":[{"href":"https:\/\/orheifm.live\/index.php\/wp-json\/wp\/v2\/posts"}],"about":[{"href":"https:\/\/orheifm.live\/index.php\/wp-json\/wp\/v2\/types\/post"}],"author":[{"embeddable":true,"href":"https:\/\/orheifm.live\/index.php\/wp-json\/wp\/v2\/users\/1"}],"replies":[{"embeddable":true,"href":"https:\/\/orheifm.live\/index.php\/wp-json\/wp\/v2\/comments?post=66962"}],"version-history":[{"count":0,"href":"https:\/\/orheifm.live\/index.php\/wp-json\/wp\/v2\/posts\/66962\/revisions"}],"wp:featuredmedia":[{"embeddable":true,"href":"https:\/\/orheifm.live\/index.php\/wp-json\/wp\/v2\/media\/66963"}],"wp:attachment":[{"href":"https:\/\/orheifm.live\/index.php\/wp-json\/wp\/v2\/media?parent=66962"}],"wp:term":[{"taxonomy":"category","embeddable":true,"href":"https:\/\/orheifm.live\/index.php\/wp-json\/wp\/v2\/categories?post=66962"},{"taxonomy":"post_tag","embeddable":true,"href":"https:\/\/orheifm.live\/index.php\/wp-json\/wp\/v2\/tags?post=66962"}],"curies":[{"name":"wp","href":"https:\/\/api.w.org\/{rel}","templated":true}]}}