{"id":66960,"date":"2025-02-12T14:42:07","date_gmt":"2025-02-12T12:42:07","guid":{"rendered":"https:\/\/orheifm.live\/index.php\/2025\/02\/12\/veronica-dragalin-il-contrazice-pe-vasile-gradinaru-exponentii-puterii-intervin-in-justitie\/"},"modified":"2025-02-12T14:42:07","modified_gmt":"2025-02-12T12:42:07","slug":"veronica-dragalin-il-contrazice-pe-vasile-gradinaru-exponentii-puterii-intervin-in-justitie","status":"publish","type":"post","link":"https:\/\/orheifm.live\/index.php\/2025\/02\/12\/veronica-dragalin-il-contrazice-pe-vasile-gradinaru-exponentii-puterii-intervin-in-justitie\/","title":{"rendered":"Veronica Dragalin \u00eel contrazice pe Vasile Gr\u0103dinaru: \u201eExponen\u021bii puterii intervin \u00een justi\u021bie\u201d"},"content":{"rendered":"<div>\n<p><strong>Exponen\u021bii puterii intervin \u00een justi\u021bie. O spune \u0219efa procuraturii Anticorup\u021bie, Veronica Dragalin. Ea \u00eel contrazice astfel pe deputatul guvern\u0103rii, Vasile Gr\u0103dinaru, care a afirmat c\u0103 nimeni din PAS nu face presiune pe institu\u021bia pe care Dragalin o conduce.<\/strong><br \/>\n<iframe loading=\"lazy\" title=\"YouTube video player\" src=\"https:\/\/www.youtube.com\/embed\/qDxGB6VGoUg?si=p10dt0W05-I7rMFJ\" width=\"560\" height=\"315\" frameborder=\"0\" allowfullscreen=\"allowfullscreen\"><\/iframe><\/p>\n<p>\u0218efa Procuraturii Anticorup\u021bie declar\u0103 \u00eens\u0103 c\u0103 de\u021bine chiar \u0219i dovezi care l-ar combate pe Gr\u0103dinaru. Acela\u0219i argumente i le-a prezentat acestuia \u00eentr-o scrisoare c\u0103reia i-a dat citire \u00eentr-un platou tv. Mai mult, procurorul-\u0219ef anticorup\u021bie a f\u0103cut \u0219i alte afirma\u021bii din care reiese c\u0103 anchete se \u021bin lan\u021b \u00een raport cu factorii decizionali de la guvernare.<\/p>\n<p>\u0218efa Procuraturii Anticorup\u021bie, Veronica Dragalin, a declarat c\u0103 a fost abordat\u0103 de reprezentan\u021bi ai guvern\u0103rii, care i-ar fi cerut s\u0103 influen\u021beze anumite anchete. Ea afirm\u0103 c\u0103 de\u021bine probe \u0219i le va prezenta \u201ela momentul potrivit\u201d. Mai mult, \u0219efa Procuraturii Anticorup\u021bie l-a acuzat pe deputatul PAS, Vasile Gr\u0103dinaru c\u0103 \u201espune multe minciuni\u201d c\u00e2nd afirm\u0103 c\u0103 nimeni din PAS nu o contacteaz\u0103 pentru a influen\u021ba dosare. Acela\u0219i lucru ea i l-a spus lui Gr\u0103dinaru \u0219i \u00eentr-un mesaj pe care i l-a expediat \u00eenc\u0103 \u00een var\u0103, pe 24 iunie 2024.<\/p>\n<p>VERONICA DRAGALIN, procuror-\u0219ef al Procuraturii Anticorup\u021bie<\/p>\n<p>Domnule Gr\u0103dinaru, v\u0103 recomand s\u0103 fi\u021bi mai bine informat despre activitatea Procuraturii Anticorup\u021bie \u00eenainte de a vorbi public despre mine \u0219i institu\u021bia pe care o conduc. C\u00e2nd spune\u021bi c\u0103 nimeni din PAS nu m\u0103 contacteaz\u0103 direct prin telefon cu inten\u021bia de a influen\u021ba dosare, nu ave\u021bi dreptate. Eu am documentate mai multe exemple de genul mesajului anexat la acest e-mail. Vreau s\u0103 fie foarte clar. C\u00e2nd se promoveaz\u0103 informa\u021bii false de politicieni \u00eempotriva mea \u0219i a Procuraturii, m\u0103 simt nevoit\u0103 s\u0103 corectez aceast\u0103 informa\u021bie \u00een spa\u021biu public \u0219i s\u0103 ap\u0103r independen\u021ba sistemului de justi\u021bie. Fi\u021bi siguri c\u0103 \u00eemi exercit func\u021bia \u00een strict\u0103 conformitate cu legea \u0219i v\u0103 sugerez s\u0103 face\u021bi la fel \u00een domeniul dumneavoastr\u0103.<\/p>\n<p>Dragalin a evitat s\u0103 spun\u0103 \u00eens\u0103 cine exact din PAS o contacteaz\u0103 pentru a influen\u021ba anumite dosare. Tot, \u00een cadrul emisiunii, ea a prezentat o scrisoare trimis\u0103 de Centrul Na\u0163ional de Expertize Judiciare care ar demonstra c\u0103 investigarea dosarului de corup\u021bie legat de construc\u021bia celui mai scump drum de acces Leova- Bumb\u0103ta, va fi finalizat\u0103 abia \u00een 2028, dup\u0103 o expertiz\u0103 mai ampl\u0103, a\u0219a cum a declarat anterior. Asta chiar dac\u0103 centru a anun\u021bat mai apoi c\u0103 expertiza deja este \u00een toi \u0219i c\u0103 va fi finalizat\u0103 \u00een 2-3 luni.<\/p>\n<p>VERONICA DRAGALIN, procuror-\u0219ef al Procuraturii Anticorup\u021bie<\/p>\n<p>Ce v\u0103 pot confirma pentru c\u0103 o am aici la mine este o scrisoare de informare din partea CNEJ-ului care ne spun, citez: av\u00e2nd \u00eenvedere volumul mare de lucru din cadrul laboratorului experdizei judiciare \u00een construc\u021bie \u0219i evaluare al CNEJ, v\u0103 inform\u0103m c\u0103, demararea lucr\u0103rilor de efectuare a expertizei este planificat\u0103 pentru trimestrul I, anul 2028.<\/p>\n<p>O dat\u0103 concret\u0103 din partea CNEJ-ului care spune c\u0103 la data asta o s\u0103 fie gata expertiza, noi p\u00e2n\u0103 \u00een ziua de azi nu avem.<\/p>\n<p>\u00centr-un r\u0103spuns pentru redac\u021bia realitatea.md, CNEJ declar\u0103 c\u0103 scrisoarea citit\u0103 de \u0219efa PA ar fi veche \u0219i c\u0103, cit\u0103m: \u201ea fost fixat\u0103 deja ie\u0219irea exper\u021bilor la obiect\u201d. Legat de aceast\u0103 expertiz\u0103, care ar ar\u0103ta detalii despre construc\u021bia drumului \u00een timpul mandatului lui Andrei Sp\u00eenu, Dragalin a declarat la o conferin\u021b\u0103 de pres\u0103 c\u0103 atunci c\u00e2nd a v\u0103zut anul 2028 a cerut s\u0103 se intervin\u0103 pentru a urgenta procesul, de exemplu, s\u0103 fie invita\u021bi speciali\u0219ti din Rom\u00e2nia sau Ucraina sau s\u0103 se fac\u0103 modific\u0103ri \u00een legisla\u021bie. Se creaz\u0103 o situa\u021bie ciudat\u0103: fie cineva dintre ei minte, fie informa\u021biile au fost ascunse de c\u0103tre Procuratura Anticorup\u021bie.<\/p>\n<p>\u00cen acela\u0219i timp, \u0219efa Procuraturii Anticorup\u021bie, a mai precizat c\u0103 \u00een vizorul institu\u021biei sunt \u0219i decizii ale Comisiei pentru Situa\u021bii Excep\u021bionale, condus\u0103 de \u0219eful Guvernului, Dorin Recean. \u00cen proces penal se examineaz\u0103 \u0219i procur\u0103rile de gaze naturale, despre care \u00eens\u0103, Drgaalin, spune c\u0103 nu poate oferi detalii.<\/p>\n<p>VERONICA DRAGALIN, procuror-\u0219ef al Procuraturii Anticorup\u021bie<\/p>\n<p>\u2013 Procuratura Anticorup\u021bie investigheaz\u0103 cum s-a procurat gazul \u0219i energia electric\u0103 \u00een ultimii doi ani?<\/p>\n<p>\u2013 Da, pot confirma c\u0103 am primit astfel de sesiz\u0103ri, aceste sesiz\u0103ri sunt studiate \u0219i examinate conform codului de procedur\u0103 penal\u0103 \u0219i dac\u0103 o s\u0103 ajungem la careva etap\u0103 a procedurii unde putem veni cu detalii pentru public, o s\u0103 facem. Deocamdat\u0103, nu suntem la a\u0219a o faz\u0103 care ne-ar permite s\u0103 spunem mai multe detalii.<\/p>\n<p>Veronica Dragalin spune c\u0103 \u0219i construc\u021bia re\u021belei de \u00eenalt\u0103 tensiune Vulc\u0103ne\u0219ti \u2013 Chi\u0219in\u0103u a intrat \u00een vizorul Procuraturii Anticorup\u021bie, dar, la fel, f\u0103r\u0103 a spune mai multe informa\u021bii. De altfel, atunci c\u00e2nd era vorba de dosarele \u00eempotriva opozi\u021biei, Procuratura Anticorup\u021bie f\u0103cea declara\u021bii privind rezultatele perchezi\u021biilor \u0219i publica detalii, chiar oferind o calificare a ac\u021biunilor adversarilor politici, f\u0103r\u0103 s\u0103 \u021bin\u0103 cont de faptul c\u0103 dosarul nu era finalizat. \u00cen schimb, acum Dragalin refuz\u0103 s\u0103 dezv\u0103luie nume, invoc\u00e2nd faptul c\u0103 ancheta este \u00eenc\u0103 \u00een curs. Poate c\u0103 procurorul \u00eencearc\u0103 s\u0103 \u0219antajeze autorit\u0103\u021bile pentru a ob\u021bine un avantaj personal?\u201d<\/p>\n<\/div>\n","protected":false},"excerpt":{"rendered":"<div><img decoding=\"async\" width=\"652\" height=\"394\" src=\"https:\/\/canal5.md\/wp-content\/uploads\/2025\/02\/fit_1280-optimized.jpg\" class=\"attachment-large size-large wp-post-image\" alt=\"\" loading=\"lazy\" srcset=\"https:\/\/canal5.md\/wp-content\/uploads\/2025\/02\/fit_1280-optimized.jpg 652w, https:\/\/canal5.md\/wp-content\/uploads\/2025\/02\/fit_1280-300x181-optimized.jpg 300w\">Exponen\u021bii puterii intervin \u00een justi\u021bie. O spune \u0219efa procuraturii Anticorup\u021bie, Veronica Dragalin. Ea \u00eel contrazice astfel pe deputatul guvern\u0103rii, Vasile Gr\u0103dinaru, care a afirmat c\u0103 nimeni din PAS nu face presiune pe institu\u021bia pe care Dragalin o conduce. \u0218efa Procuraturii Anticorup\u021bie declar\u0103 \u00eens\u0103 c\u0103 de\u021bine chiar \u0219i dovezi care l-ar combate pe Gr\u0103dinaru. Acela\u0219i argumente [\u2026]<\/div>\n","protected":false},"author":1,"featured_media":66961,"comment_status":"closed","ping_status":"closed","sticky":false,"template":"","format":"standard","meta":{"jnews-multi-image_gallery":[],"jnews_single_post":[],"jnews_primary_category":[],"jnews_social_meta":[],"jnews_override_counter":[],"footnotes":""},"categories":[23],"tags":[],"class_list":["post-66960","post","type-post","status-publish","format-standard","has-post-thumbnail","hentry","category-politica_ro"],"_links":{"self":[{"href":"https:\/\/orheifm.live\/index.php\/wp-json\/wp\/v2\/posts\/66960","targetHints":{"allow":["GET"]}}],"collection":[{"href":"https:\/\/orheifm.live\/index.php\/wp-json\/wp\/v2\/posts"}],"about":[{"href":"https:\/\/orheifm.live\/index.php\/wp-json\/wp\/v2\/types\/post"}],"author":[{"embeddable":true,"href":"https:\/\/orheifm.live\/index.php\/wp-json\/wp\/v2\/users\/1"}],"replies":[{"embeddable":true,"href":"https:\/\/orheifm.live\/index.php\/wp-json\/wp\/v2\/comments?post=66960"}],"version-history":[{"count":0,"href":"https:\/\/orheifm.live\/index.php\/wp-json\/wp\/v2\/posts\/66960\/revisions"}],"wp:featuredmedia":[{"embeddable":true,"href":"https:\/\/orheifm.live\/index.php\/wp-json\/wp\/v2\/media\/66961"}],"wp:attachment":[{"href":"https:\/\/orheifm.live\/index.php\/wp-json\/wp\/v2\/media?parent=66960"}],"wp:term":[{"taxonomy":"category","embeddable":true,"href":"https:\/\/orheifm.live\/index.php\/wp-json\/wp\/v2\/categories?post=66960"},{"taxonomy":"post_tag","embeddable":true,"href":"https:\/\/orheifm.live\/index.php\/wp-json\/wp\/v2\/tags?post=66960"}],"curies":[{"name":"wp","href":"https:\/\/api.w.org\/{rel}","templated":true}]}}