{"id":66952,"date":"2025-02-12T13:20:57","date_gmt":"2025-02-12T11:20:57","guid":{"rendered":"https:\/\/orheifm.live\/index.php\/2025\/02\/12\/doi-barbati-din-ocnita-condamnati-la-15-ani-de-inchisoare-pentru-uciderea-unui-consatean\/"},"modified":"2025-02-12T13:20:57","modified_gmt":"2025-02-12T11:20:57","slug":"doi-barbati-din-ocnita-condamnati-la-15-ani-de-inchisoare-pentru-uciderea-unui-consatean","status":"publish","type":"post","link":"https:\/\/orheifm.live\/index.php\/2025\/02\/12\/doi-barbati-din-ocnita-condamnati-la-15-ani-de-inchisoare-pentru-uciderea-unui-consatean\/","title":{"rendered":"Doi b\u0103rba\u021bi din Ocni\u021ba, condamna\u021bi la 15 ani de \u00eenchisoare pentru uciderea unui cons\u0103tean"},"content":{"rendered":"<div>\n<div id=\"model-response-message-contentr_1771e73768c53098\" class=\"markdown markdown-main-panel\" dir=\"ltr\">\n<p data-sourcepos=\"1:1-1:563\"><strong>Doi b\u0103rba\u021bi din raionul Ocni\u021ba au fost condamna\u021bi la c\u00e2te 15 ani de \u00eenchisoare pentru uciderea unui cons\u0103tean.<\/strong><\/p>\n<p data-sourcepos=\"1:1-1:563\">Sentin\u021ba a fost pronun\u021bat\u0103 de Judec\u0103toria Edine\u021b. Crima a avut loc \u00een iulie 2010, c\u00e2nd cei doi au intrat \u00een casa victimei, l-au b\u0103tut \u0219i strangulat, apoi au jefuit locuin\u021ba.<\/p>\n<p data-sourcepos=\"1:1-1:563\">Martorii au declarat c\u0103 victima le-a spus unor cons\u0103teni c\u0103 a v\u00e2ndut un porc cu 3.000 de lei, iar atacatorii \u0219tiau c\u0103 are bani \u00een cas\u0103. Dup\u0103 crim\u0103, cei doi au fugit din localitate \u0219i au fost da\u021bi \u00een c\u0103utare. Sentin\u021ba poate fi atacat\u0103 la Curtea de Apel Nord \u00een termen de 15 zile.<\/p>\n<\/div>\n<\/div>\n","protected":false},"excerpt":{"rendered":"<div><img loading=\"lazy\" decoding=\"async\" width=\"696\" height=\"393\" src=\"https:\/\/canal5.md\/wp-content\/uploads\/2025\/02\/bd37e478f17108981a33c162d91793f1-optimized.jpg\" class=\"attachment-large size-large wp-post-image\" alt=\"\" srcset=\"https:\/\/canal5.md\/wp-content\/uploads\/2025\/02\/bd37e478f17108981a33c162d91793f1-optimized.jpg 778w, https:\/\/canal5.md\/wp-content\/uploads\/2025\/02\/bd37e478f17108981a33c162d91793f1-300x169-optimized.jpg 300w, https:\/\/canal5.md\/wp-content\/uploads\/2025\/02\/bd37e478f17108981a33c162d91793f1-768x433-optimized.jpg 768w, https:\/\/canal5.md\/wp-content\/uploads\/2025\/02\/bd37e478f17108981a33c162d91793f1-696x393-optimized.jpg 696w\">Doi b\u0103rba\u021bi din raionul Ocni\u021ba au fost condamna\u021bi la c\u00e2te 15 ani de \u00eenchisoare pentru uciderea unui cons\u0103tean. Sentin\u021ba a fost pronun\u021bat\u0103 de Judec\u0103toria Edine\u021b. Crima a avut loc \u00een iulie 2010, c\u00e2nd cei doi au intrat \u00een casa victimei, l-au b\u0103tut \u0219i strangulat, apoi au jefuit locuin\u021ba. Martorii au declarat c\u0103 victima le-a spus [\u2026]<\/div>\n","protected":false},"author":1,"featured_media":66953,"comment_status":"closed","ping_status":"closed","sticky":false,"template":"","format":"standard","meta":{"jnews-multi-image_gallery":[],"jnews_single_post":[],"jnews_primary_category":[],"jnews_social_meta":[],"jnews_override_counter":[],"footnotes":""},"categories":[30],"tags":[],"class_list":["post-66952","post","type-post","status-publish","format-standard","has-post-thumbnail","hentry","category-social_ro"],"_links":{"self":[{"href":"https:\/\/orheifm.live\/index.php\/wp-json\/wp\/v2\/posts\/66952","targetHints":{"allow":["GET"]}}],"collection":[{"href":"https:\/\/orheifm.live\/index.php\/wp-json\/wp\/v2\/posts"}],"about":[{"href":"https:\/\/orheifm.live\/index.php\/wp-json\/wp\/v2\/types\/post"}],"author":[{"embeddable":true,"href":"https:\/\/orheifm.live\/index.php\/wp-json\/wp\/v2\/users\/1"}],"replies":[{"embeddable":true,"href":"https:\/\/orheifm.live\/index.php\/wp-json\/wp\/v2\/comments?post=66952"}],"version-history":[{"count":0,"href":"https:\/\/orheifm.live\/index.php\/wp-json\/wp\/v2\/posts\/66952\/revisions"}],"wp:featuredmedia":[{"embeddable":true,"href":"https:\/\/orheifm.live\/index.php\/wp-json\/wp\/v2\/media\/66953"}],"wp:attachment":[{"href":"https:\/\/orheifm.live\/index.php\/wp-json\/wp\/v2\/media?parent=66952"}],"wp:term":[{"taxonomy":"category","embeddable":true,"href":"https:\/\/orheifm.live\/index.php\/wp-json\/wp\/v2\/categories?post=66952"},{"taxonomy":"post_tag","embeddable":true,"href":"https:\/\/orheifm.live\/index.php\/wp-json\/wp\/v2\/tags?post=66952"}],"curies":[{"name":"wp","href":"https:\/\/api.w.org\/{rel}","templated":true}]}}