{"id":66948,"date":"2025-02-12T12:40:59","date_gmt":"2025-02-12T10:40:59","guid":{"rendered":"https:\/\/orheifm.live\/index.php\/2025\/02\/12\/tragedie-in-leova-tanar-de-19-ani-decedat-intr-un-incendiu\/"},"modified":"2025-02-12T12:40:59","modified_gmt":"2025-02-12T10:40:59","slug":"tragedie-in-leova-tanar-de-19-ani-decedat-intr-un-incendiu","status":"publish","type":"post","link":"https:\/\/orheifm.live\/index.php\/2025\/02\/12\/tragedie-in-leova-tanar-de-19-ani-decedat-intr-un-incendiu\/","title":{"rendered":"Tragedie \u00een Leova: T\u00e2n\u0103r de 19 ani decedat \u00eentr-un incendiu"},"content":{"rendered":"<div>\n<p data-pm-slice=\"1 1 []\"><strong>Un t\u00e2n\u0103r de 19 ani din Leova a murit \u00eentr-un incendiu care i-a cuprins locuin\u021ba. Potrivit surselor pulsmedia.md, tragedia a avut loc pe 11 februarie, \u00een jurul orei 15:49, \u00een localitatea Iargara din raionul Leova.<\/strong><\/p>\n<p>Victima, un t\u00e2n\u0103r cu probleme locomotorii care \u00eel \u021bineau la pat, se afla \u00eentr-o camer\u0103 unde a izbucnit incendiul, care s-a stins de la sine p\u00e2n\u0103 la sosirea pompierilor. Cadavrul carbonizat a fost scos din locuin\u021ba afectat\u0103 de fl\u0103c\u0103ri de c\u0103tre s\u0103tenii din zon\u0103. Conform informa\u021biilor preliminare, incendiul ar fi fost provocat de impruden\u021b\u0103.<\/p>\n<p>Autorit\u0103\u021bile investigheaz\u0103 incidentul pentru a stabili cu exactitate circumstan\u021bele \u00een care a avut loc aceast\u0103 tragedie.<\/p>\n<\/div>\n","protected":false},"excerpt":{"rendered":"<div><img loading=\"lazy\" decoding=\"async\" width=\"696\" height=\"392\" src=\"https:\/\/canal5.md\/wp-content\/uploads\/2025\/02\/ed98125c5af72476aab0ab85ab552225-1-optimized.jpg\" class=\"attachment-large size-large wp-post-image\" alt=\"\" srcset=\"https:\/\/canal5.md\/wp-content\/uploads\/2025\/02\/ed98125c5af72476aab0ab85ab552225-1-optimized.jpg 809w, https:\/\/canal5.md\/wp-content\/uploads\/2025\/02\/ed98125c5af72476aab0ab85ab552225-1-300x169-optimized.jpg 300w, https:\/\/canal5.md\/wp-content\/uploads\/2025\/02\/ed98125c5af72476aab0ab85ab552225-1-768x433-optimized.jpg 768w, https:\/\/canal5.md\/wp-content\/uploads\/2025\/02\/ed98125c5af72476aab0ab85ab552225-1-696x392-optimized.jpg 696w\">Un t\u00e2n\u0103r de 19 ani din Leova a murit \u00eentr-un incendiu care i-a cuprins locuin\u021ba. Potrivit surselor pulsmedia.md, tragedia a avut loc pe 11 februarie, \u00een jurul orei 15:49, \u00een localitatea Iargara din raionul Leova. Victima, un t\u00e2n\u0103r cu probleme locomotorii care \u00eel \u021bineau la pat, se afla \u00eentr-o camer\u0103 unde a izbucnit incendiul, care [\u2026]<\/div>\n","protected":false},"author":1,"featured_media":66949,"comment_status":"closed","ping_status":"closed","sticky":false,"template":"","format":"standard","meta":{"jnews-multi-image_gallery":[],"jnews_single_post":[],"jnews_primary_category":[],"jnews_social_meta":[],"jnews_override_counter":[],"footnotes":""},"categories":[30],"tags":[],"class_list":["post-66948","post","type-post","status-publish","format-standard","has-post-thumbnail","hentry","category-social_ro"],"_links":{"self":[{"href":"https:\/\/orheifm.live\/index.php\/wp-json\/wp\/v2\/posts\/66948","targetHints":{"allow":["GET"]}}],"collection":[{"href":"https:\/\/orheifm.live\/index.php\/wp-json\/wp\/v2\/posts"}],"about":[{"href":"https:\/\/orheifm.live\/index.php\/wp-json\/wp\/v2\/types\/post"}],"author":[{"embeddable":true,"href":"https:\/\/orheifm.live\/index.php\/wp-json\/wp\/v2\/users\/1"}],"replies":[{"embeddable":true,"href":"https:\/\/orheifm.live\/index.php\/wp-json\/wp\/v2\/comments?post=66948"}],"version-history":[{"count":0,"href":"https:\/\/orheifm.live\/index.php\/wp-json\/wp\/v2\/posts\/66948\/revisions"}],"wp:featuredmedia":[{"embeddable":true,"href":"https:\/\/orheifm.live\/index.php\/wp-json\/wp\/v2\/media\/66949"}],"wp:attachment":[{"href":"https:\/\/orheifm.live\/index.php\/wp-json\/wp\/v2\/media?parent=66948"}],"wp:term":[{"taxonomy":"category","embeddable":true,"href":"https:\/\/orheifm.live\/index.php\/wp-json\/wp\/v2\/categories?post=66948"},{"taxonomy":"post_tag","embeddable":true,"href":"https:\/\/orheifm.live\/index.php\/wp-json\/wp\/v2\/tags?post=66948"}],"curies":[{"name":"wp","href":"https:\/\/api.w.org\/{rel}","templated":true}]}}