{"id":66944,"date":"2025-02-12T09:46:32","date_gmt":"2025-02-12T07:46:32","guid":{"rendered":"https:\/\/orheifm.live\/index.php\/2025\/02\/12\/vreme-stabila-in-republica-moldova-prognoza-pentru-astazi-si-zilele-urmatoare\/"},"modified":"2025-02-12T09:46:32","modified_gmt":"2025-02-12T07:46:32","slug":"vreme-stabila-in-republica-moldova-prognoza-pentru-astazi-si-zilele-urmatoare","status":"publish","type":"post","link":"https:\/\/orheifm.live\/index.php\/2025\/02\/12\/vreme-stabila-in-republica-moldova-prognoza-pentru-astazi-si-zilele-urmatoare\/","title":{"rendered":"Vreme stabil\u0103 \u00een Republica Moldova: prognoza pentru ast\u0103zi \u0219i zilele urm\u0103toare"},"content":{"rendered":"<div>\n<p><strong>Serviciul Hidrometeorologic de Stat informeaz\u0103 c\u0103 ast\u0103zi, vremea \u00een Republica Moldova va fi predominant stabil\u0103, f\u0103r\u0103 fenomene meteorologice semnificative. Cerul va fi variabil, f\u0103r\u0103 precipita\u021bii importante. \u00cen Chi\u0219in\u0103u, diminea\u021ba va \u00eencepe cu temperaturi sc\u0103zute, ating\u00e2nd un minim de -8.4 grade Celsius la ora 7:00. Pe parcursul zilei, temperatura va cre\u0219te treptat, ating\u00e2nd un maxim de aproximativ -0.6 grade Celsius \u00een jurul orei 15:00.<\/strong><\/p>\n<p>Cerul va fi par\u021bial noros diminea\u021ba \u0219i dup\u0103-amiaza, iar spre pr\u00e2nz condi\u021biile meteo se vor \u00eembun\u0103t\u0103\u021bi, cerul devenind mai mult senin. Nu sunt a\u0219teptate precipita\u021bii pe parcursul zilei, iar v\u00e2ntul va fi slab. Soarele va r\u0103s\u0103ri la ora 07:13 \u0219i va apune la ora 17:24.<\/p>\n<p>Pentru m\u00e2ine, prognoza preconizeaz\u0103 o u\u0219oar\u0103 \u00eenc\u0103lzire, cu temperaturi maxime de 3.5 grade Celsius, iar minimele vor r\u0103m\u00e2ne \u00een jur de -7.4 grade Celsius. Vremea va fi dominat\u0103 de cea\u021b\u0103 dens\u0103 pe parcursul zilei, f\u0103r\u0103 precipita\u021bii semnificative sau schimb\u0103ri majore ale vremii.<\/p>\n<p>Poim\u00e2ine, vremea va continua s\u0103 se \u00eenc\u0103lzeasc\u0103, cu maxime de p\u00e2n\u0103 la 6.4 grade Celsius \u0219i minime de -3.3 grade Celsius \u00een Chi\u0219in\u0103u. Condi\u021biile meteorologice vor r\u0103m\u00e2ne stabile, cu cea\u021b\u0103 persistent\u0103 \u0219i o probabilitate redus\u0103 de precipita\u021bii (sub 8%). Comparativ cu zilele anterioare, temperaturile vor fi mai ridicate pe parcursul \u00eentregii zile.<\/p>\n<\/div>\n","protected":false},"excerpt":{"rendered":"<div><img loading=\"lazy\" decoding=\"async\" width=\"696\" height=\"458\" src=\"https:\/\/canal5.md\/wp-content\/uploads\/2025\/02\/485904-optimized.webp\" class=\"attachment-large size-large wp-post-image\" alt=\"\" srcset=\"https:\/\/canal5.md\/wp-content\/uploads\/2025\/02\/485904-optimized.webp 760w, https:\/\/canal5.md\/wp-content\/uploads\/2025\/02\/485904-300x197-optimized.webp 300w, https:\/\/canal5.md\/wp-content\/uploads\/2025\/02\/485904-696x458-optimized.webp 696w\">Serviciul Hidrometeorologic de Stat informeaz\u0103 c\u0103 ast\u0103zi, vremea \u00een Republica Moldova va fi predominant stabil\u0103, f\u0103r\u0103 fenomene meteorologice semnificative. Cerul va fi variabil, f\u0103r\u0103 precipita\u021bii importante. \u00cen Chi\u0219in\u0103u, diminea\u021ba va \u00eencepe cu temperaturi sc\u0103zute, ating\u00e2nd un minim de -8.4 grade Celsius la ora 7:00. Pe parcursul zilei, temperatura va cre\u0219te treptat, ating\u00e2nd un maxim de [\u2026]<\/div>\n","protected":false},"author":1,"featured_media":66945,"comment_status":"closed","ping_status":"closed","sticky":false,"template":"","format":"standard","meta":{"jnews-multi-image_gallery":[],"jnews_single_post":[],"jnews_primary_category":[],"jnews_social_meta":[],"jnews_override_counter":[],"footnotes":""},"categories":[30],"tags":[],"class_list":["post-66944","post","type-post","status-publish","format-standard","has-post-thumbnail","hentry","category-social_ro"],"_links":{"self":[{"href":"https:\/\/orheifm.live\/index.php\/wp-json\/wp\/v2\/posts\/66944","targetHints":{"allow":["GET"]}}],"collection":[{"href":"https:\/\/orheifm.live\/index.php\/wp-json\/wp\/v2\/posts"}],"about":[{"href":"https:\/\/orheifm.live\/index.php\/wp-json\/wp\/v2\/types\/post"}],"author":[{"embeddable":true,"href":"https:\/\/orheifm.live\/index.php\/wp-json\/wp\/v2\/users\/1"}],"replies":[{"embeddable":true,"href":"https:\/\/orheifm.live\/index.php\/wp-json\/wp\/v2\/comments?post=66944"}],"version-history":[{"count":0,"href":"https:\/\/orheifm.live\/index.php\/wp-json\/wp\/v2\/posts\/66944\/revisions"}],"wp:featuredmedia":[{"embeddable":true,"href":"https:\/\/orheifm.live\/index.php\/wp-json\/wp\/v2\/media\/66945"}],"wp:attachment":[{"href":"https:\/\/orheifm.live\/index.php\/wp-json\/wp\/v2\/media?parent=66944"}],"wp:term":[{"taxonomy":"category","embeddable":true,"href":"https:\/\/orheifm.live\/index.php\/wp-json\/wp\/v2\/categories?post=66944"},{"taxonomy":"post_tag","embeddable":true,"href":"https:\/\/orheifm.live\/index.php\/wp-json\/wp\/v2\/tags?post=66944"}],"curies":[{"name":"wp","href":"https:\/\/api.w.org\/{rel}","templated":true}]}}