{"id":66936,"date":"2025-02-11T21:41:09","date_gmt":"2025-02-11T19:41:09","guid":{"rendered":"https:\/\/orheifm.live\/index.php\/2025\/02\/11\/ansp-informeaza-despre-situatia-epidemiologica-prin-infectiile-respiratorii-la-nivel-national\/"},"modified":"2025-02-11T21:41:09","modified_gmt":"2025-02-11T19:41:09","slug":"ansp-informeaza-despre-situatia-epidemiologica-prin-infectiile-respiratorii-la-nivel-national","status":"publish","type":"post","link":"https:\/\/orheifm.live\/index.php\/2025\/02\/11\/ansp-informeaza-despre-situatia-epidemiologica-prin-infectiile-respiratorii-la-nivel-national\/","title":{"rendered":"ANSP informeaz\u0103 despre situa\u021bia epidemiologic\u0103 prin infec\u021biile respiratorii la nivel na\u021bional"},"content":{"rendered":"<div>\n<p><strong>Agen\u021bia Na\u021bional\u0103 pentru S\u0103n\u0103tate Public\u0103 continu\u0103 monitorizarea situa\u021biei epidemiologice prin infec\u021biile respiratorii la nivel teritorial \u0219i na\u021bional.<\/strong><\/p>\n<p>Astfel, \u00een perioada 3-9 februarie curent, au fost \u00eenregistrate 9589 de cazuri de infec\u021bii acute ale c\u0103ilor respiratorii superioare (IACRS), majoritatea fiind la copii (61%). Morbiditatea prin IACRS s-a manifestat la un nivel de intensitate medie, cu 3% mai mult fa\u021b\u0103 de s\u0103pt\u0103m\u00eena precedent\u0103 a acesteia \u0219i \u00een descre\u0219tere cu 27% comparativ cu aceea\u0219i perioad\u0103 a sezonului anterior.<\/p>\n<p>Pe parcursul s\u0103pt\u0103m\u00eenii trecute, au fost \u00eenregistrate 324 de cazuri de grip\u0103 sezonier\u0103 (mun. Chi\u0219in\u0103u \u2013 250 de cazuri; B\u0103l\u021bi \u2013 15 cazuri; Ialoveni, Soroca \u2013 c\u00eete 6 cazuri; C\u0103l\u0103ra\u0219i, Criuleni \u2013 c\u00eete 5 cazuri; C\u0103u\u0219eni, Flore\u0219ti, Orhei, \u0218tefan-Vod\u0103 \u2013 4 cazuri; Cimi\u0219lia, Comrat, Edine\u021b, S\u00eengerei \u2013 3 cazuri; Str\u0103\u0219eni, Ungheni \u2013 c\u00eete 2 cazuri; Basarabeasca, Briceni, Dondu\u0219eni, F\u0103le\u0219ti, Leova \u2013 c\u00eete un caz), atest\u00eendu-se o descre\u0219tere cu 25% \u00een compara\u021bie cu s\u0103pt\u0103m\u00eena precedent\u0103.<\/p>\n<p>De la \u00eenceputul perioadei de monitorizare (30.09.2024 \u2013 09.02.2025), au fost \u00eenregistrate 1635 de cazuri de grip\u0103, 96 620 de cazuri de IACRS \u0219i 9198 de cazuri de infec\u021bii respiratorii acute severe. Totodat\u0103, pe parcursul s\u0103pt\u0103m\u00eenii trecute, au fost \u00eenregistrate 7 cazuri de COVID-19, \u00een descre\u0219tere cu 30% comparativ cu s\u0103pt\u0103m\u00eena precedent\u0103 a acesteia. La copii de p\u00een\u0103 la 14 ani nu au fost raportate cazuri.<\/p>\n<p>\u00cen contextul cre\u0219terii num\u0103rului de cazuri de infec\u021bii respiratorii, speciali\u0219tii ANSP recomand\u0103 \u00een continuare respectarea m\u0103surilor de protec\u021bie: p\u0103strare distan\u021bei sociale, evitare locurilor aglomerate; respectarea regulilor de igien\u0103, inclusiv igiena m\u00eeinilor, igiena respiratorie; respectarea m\u0103surilor sanitare la locul de trai, la locul de munc\u0103, de educa\u021bie \u0219i \u00eenv\u0103\u021b\u0103m\u00eent, cu aerisirea spa\u021biilor \u00eenchise; purtarea m\u0103\u0219tilor \u00een institu\u021biile medicale; adresarea la medicul de familie la apari\u021bia primelor simptome ale infec\u021biei respiratorii; men\u021binerea unui stil de via\u021b\u0103 s\u0103n\u0103tos, care s\u0103 includ\u0103 o alimenta\u021bie bogat\u0103 \u00een legume \u0219i fructe, odihn\u0103 adecvat\u0103 \u0219i exerci\u021bii fizice regulate.<\/p>\n<p><a href=\"https:\/\/noi.md\/md\/societate\/ansp-informeaza-despre-situatia-epidemiologica-prin-infectiile-respiratorii-la-nivel-national-797267\">Noi.md<\/a><\/p>\n<\/div>\n","protected":false},"excerpt":{"rendered":"<div><img loading=\"lazy\" decoding=\"async\" width=\"696\" height=\"458\" src=\"https:\/\/canal5.md\/wp-content\/uploads\/2025\/02\/797267-optimized.webp\" class=\"attachment-large size-large wp-post-image\" alt=\"\" srcset=\"https:\/\/canal5.md\/wp-content\/uploads\/2025\/02\/797267-optimized.webp 760w, https:\/\/canal5.md\/wp-content\/uploads\/2025\/02\/797267-300x197-optimized.webp 300w, https:\/\/canal5.md\/wp-content\/uploads\/2025\/02\/797267-696x458-optimized.webp 696w\">Agen\u021bia Na\u021bional\u0103 pentru S\u0103n\u0103tate Public\u0103 continu\u0103 monitorizarea situa\u021biei epidemiologice prin infec\u021biile respiratorii la nivel teritorial \u0219i na\u021bional. Astfel, \u00een perioada 3-9 februarie curent, au fost \u00eenregistrate 9589 de cazuri de infec\u021bii acute ale c\u0103ilor respiratorii superioare (IACRS), majoritatea fiind la copii (61%). Morbiditatea prin IACRS s-a manifestat la un nivel de intensitate medie, cu 3% [\u2026]<\/div>\n","protected":false},"author":1,"featured_media":66937,"comment_status":"closed","ping_status":"closed","sticky":false,"template":"","format":"standard","meta":{"jnews-multi-image_gallery":[],"jnews_single_post":[],"jnews_primary_category":[],"jnews_social_meta":[],"jnews_override_counter":[],"footnotes":""},"categories":[30],"tags":[],"class_list":["post-66936","post","type-post","status-publish","format-standard","has-post-thumbnail","hentry","category-social_ro"],"_links":{"self":[{"href":"https:\/\/orheifm.live\/index.php\/wp-json\/wp\/v2\/posts\/66936","targetHints":{"allow":["GET"]}}],"collection":[{"href":"https:\/\/orheifm.live\/index.php\/wp-json\/wp\/v2\/posts"}],"about":[{"href":"https:\/\/orheifm.live\/index.php\/wp-json\/wp\/v2\/types\/post"}],"author":[{"embeddable":true,"href":"https:\/\/orheifm.live\/index.php\/wp-json\/wp\/v2\/users\/1"}],"replies":[{"embeddable":true,"href":"https:\/\/orheifm.live\/index.php\/wp-json\/wp\/v2\/comments?post=66936"}],"version-history":[{"count":0,"href":"https:\/\/orheifm.live\/index.php\/wp-json\/wp\/v2\/posts\/66936\/revisions"}],"wp:featuredmedia":[{"embeddable":true,"href":"https:\/\/orheifm.live\/index.php\/wp-json\/wp\/v2\/media\/66937"}],"wp:attachment":[{"href":"https:\/\/orheifm.live\/index.php\/wp-json\/wp\/v2\/media?parent=66936"}],"wp:term":[{"taxonomy":"category","embeddable":true,"href":"https:\/\/orheifm.live\/index.php\/wp-json\/wp\/v2\/categories?post=66936"},{"taxonomy":"post_tag","embeddable":true,"href":"https:\/\/orheifm.live\/index.php\/wp-json\/wp\/v2\/tags?post=66936"}],"curies":[{"name":"wp","href":"https:\/\/api.w.org\/{rel}","templated":true}]}}