{"id":66934,"date":"2025-02-11T21:37:20","date_gmt":"2025-02-11T19:37:20","guid":{"rendered":"https:\/\/orheifm.live\/index.php\/2025\/02\/11\/precizari-privind-achitarea-primei-de-asigurare-de-catre-fondatorii-de-gospodarii-taranesti\/"},"modified":"2025-02-11T21:37:20","modified_gmt":"2025-02-11T19:37:20","slug":"precizari-privind-achitarea-primei-de-asigurare-de-catre-fondatorii-de-gospodarii-taranesti","status":"publish","type":"post","link":"https:\/\/orheifm.live\/index.php\/2025\/02\/11\/precizari-privind-achitarea-primei-de-asigurare-de-catre-fondatorii-de-gospodarii-taranesti\/","title":{"rendered":"Preciz\u0103ri privind achitarea primei de asigurare de c\u0103tre fondatorii de gospod\u0103rii \u021b\u0103r\u0103ne\u0219ti"},"content":{"rendered":"<div>\n<p><strong>Compania Na\u021bional\u0103 de Asigur\u0103ri \u00een Medicin\u0103 (CNAM) vine cu preciz\u0103ri privind modalitatea de achitare a primei de asigurare medical\u0103 \u00een sum\u0103 fix\u0103 de c\u0103tre fondatorii de gospod\u0103rii \u021b\u0103r\u0103ne\u0219ti, noteaz\u0103 <a href=\"https:\/\/noi.md\/md\/societate\/precizari-privind-achitarea-primei-de-asigurare-de-catre-fondatorii-de-gospodarii-taranesti\">Noi.md.<\/a><\/strong><\/p>\n<p>Potrivit Legii nr.1593 din 26.12.2002 cu privire la m\u0103rimea, modul \u0219i termenele de achitare a primelor de asigurare obligatorie de asisten\u021b\u0103 medical\u0103, fondatorii de gospod\u0103rii \u021b\u0103r\u0103ne\u0219ti s\u00eent obliga\u021bi s\u0103 achite p\u00een\u0103 pe 31 martie prima de asigurare medical\u0103 obligatorie \u00een sum\u0103 fix\u0103 \u00een m\u0103rime de 2527 de lei.<\/p>\n<p>Dac\u0103 gospod\u0103ria \u021b\u0103r\u0103neasc\u0103 nu a fost inclus\u0103 de prim\u0103rie \u00een lista celor radiate, aceasta este considerat\u0103 gospod\u0103rie activ\u0103 \u0219i, respectiv, fondatorul are obliga\u021bia de a achita anual prima de asigurare medical\u0103 obligatorie \u00een sum\u0103 fix\u0103.<\/p>\n<p>CNAM \u00eendeamn\u0103 fondatorii de gospod\u0103rii \u021b\u0103r\u0103ne\u0219ti care nu activeaz\u0103 s\u0103 radieze gospod\u0103ria p\u00een\u0103 \u00een data de 31 martie, pentru a nu fi nevoi\u021bi dup\u0103 aceast\u0103 dat\u0103 s\u0103 achite prima de asigurare \u0219i penalitatea conform legisla\u021biei.<\/p>\n<p>\u00cen cazul radierii gospod\u0103riei \u021b\u0103r\u0103ne\u0219ti, fondatorul acesteia care este concomitent pensionar ori persoan\u0103 cu dizabilit\u0103\u021bi, veteran de r\u0103zboi este inclus automat pe lista persoanelor asigurate de Guvern.<\/p>\n<p>Informa\u021bii suplimentare privind achitarea primei de asigurare obligatorie de asisten\u021b\u0103 medical\u0103 \u00een sum\u0103 fix\u0103 pot fi ob\u021binute la Serviciul telefonic Info CNAM \u2013 0 800 99999.<\/p>\n<\/div>\n","protected":false},"excerpt":{"rendered":"<div><img loading=\"lazy\" decoding=\"async\" width=\"696\" height=\"458\" src=\"https:\/\/canal5.md\/wp-content\/uploads\/2025\/02\/797196-optimized.webp\" class=\"attachment-large size-large wp-post-image\" alt=\"\" srcset=\"https:\/\/canal5.md\/wp-content\/uploads\/2025\/02\/797196-optimized.webp 760w, https:\/\/canal5.md\/wp-content\/uploads\/2025\/02\/797196-300x197-optimized.webp 300w, https:\/\/canal5.md\/wp-content\/uploads\/2025\/02\/797196-696x458-optimized.webp 696w\">Compania Na\u021bional\u0103 de Asigur\u0103ri \u00een Medicin\u0103 (CNAM) vine cu preciz\u0103ri privind modalitatea de achitare a primei de asigurare medical\u0103 \u00een sum\u0103 fix\u0103 de c\u0103tre fondatorii de gospod\u0103rii \u021b\u0103r\u0103ne\u0219ti, noteaz\u0103 Noi.md. Potrivit Legii nr.1593 din 26.12.2002 cu privire la m\u0103rimea, modul \u0219i termenele de achitare a primelor de asigurare obligatorie de asisten\u021b\u0103 medical\u0103, fondatorii de gospod\u0103rii [\u2026]<\/div>\n","protected":false},"author":1,"featured_media":66935,"comment_status":"closed","ping_status":"closed","sticky":false,"template":"","format":"standard","meta":{"jnews-multi-image_gallery":[],"jnews_single_post":[],"jnews_primary_category":[],"jnews_social_meta":[],"jnews_override_counter":[],"footnotes":""},"categories":[30],"tags":[],"class_list":["post-66934","post","type-post","status-publish","format-standard","has-post-thumbnail","hentry","category-social_ro"],"_links":{"self":[{"href":"https:\/\/orheifm.live\/index.php\/wp-json\/wp\/v2\/posts\/66934","targetHints":{"allow":["GET"]}}],"collection":[{"href":"https:\/\/orheifm.live\/index.php\/wp-json\/wp\/v2\/posts"}],"about":[{"href":"https:\/\/orheifm.live\/index.php\/wp-json\/wp\/v2\/types\/post"}],"author":[{"embeddable":true,"href":"https:\/\/orheifm.live\/index.php\/wp-json\/wp\/v2\/users\/1"}],"replies":[{"embeddable":true,"href":"https:\/\/orheifm.live\/index.php\/wp-json\/wp\/v2\/comments?post=66934"}],"version-history":[{"count":0,"href":"https:\/\/orheifm.live\/index.php\/wp-json\/wp\/v2\/posts\/66934\/revisions"}],"wp:featuredmedia":[{"embeddable":true,"href":"https:\/\/orheifm.live\/index.php\/wp-json\/wp\/v2\/media\/66935"}],"wp:attachment":[{"href":"https:\/\/orheifm.live\/index.php\/wp-json\/wp\/v2\/media?parent=66934"}],"wp:term":[{"taxonomy":"category","embeddable":true,"href":"https:\/\/orheifm.live\/index.php\/wp-json\/wp\/v2\/categories?post=66934"},{"taxonomy":"post_tag","embeddable":true,"href":"https:\/\/orheifm.live\/index.php\/wp-json\/wp\/v2\/tags?post=66934"}],"curies":[{"name":"wp","href":"https:\/\/api.w.org\/{rel}","templated":true}]}}