{"id":66932,"date":"2025-02-11T21:23:14","date_gmt":"2025-02-11T19:23:14","guid":{"rendered":"https:\/\/orheifm.live\/index.php\/2025\/02\/11\/tragedie-in-cahul-un-copil-de-6-ani-a-murit-intr-un-accident-rutier\/"},"modified":"2025-02-11T21:23:14","modified_gmt":"2025-02-11T19:23:14","slug":"tragedie-in-cahul-un-copil-de-6-ani-a-murit-intr-un-accident-rutier","status":"publish","type":"post","link":"https:\/\/orheifm.live\/index.php\/2025\/02\/11\/tragedie-in-cahul-un-copil-de-6-ani-a-murit-intr-un-accident-rutier\/","title":{"rendered":"Tragedie \u00een Cahul: Un copil de 6 ani a murit \u00eentr-un accident rutier"},"content":{"rendered":"<div>\n<p><strong>Poli\u021bia Republicii Moldova informeaz\u0103 c\u0103 \u00een aceast\u0103 sear\u0103, \u00een jurul orei 17:00, a fost recep\u021bionat un apel telefonic care anun\u021ba un accident rutier pe strada Doinelor din municipiul Cahul.<\/strong><\/p>\n<p>\u00cen urma cercet\u0103rilor preliminare, s-a stabilit c\u0103 victima, un copil de 6 ani, a \u00eenceput traversarea neregulamentar\u0103 a carosabilului, fiind lovit de un Opel condus de un b\u0103rbat de 39 de ani. Minorul a suferit multiple leziuni \u0219i, dup\u0103 ce a fost transportat de urgen\u021b\u0103 la Spitalul Raional Cahul, a decedat la scurt timp.<\/p>\n<p>Conduc\u0103torul auto a fost testat alcoolscopic, rezultatul fiind negativ. \u00cen prezent, poli\u021bia \u00eentreprinde m\u0103suri pentru a stabili circumstan\u021bele exacte ale accidentului. Autorit\u0103\u021bile fac apel c\u0103tre adul\u021bi s\u0103 monitorizeze \u0219i s\u0103 \u00eenso\u021beasc\u0103 minorii la traversarea carosabilului.<\/p>\n<\/div>\n","protected":false},"excerpt":{"rendered":"<div><img loading=\"lazy\" decoding=\"async\" width=\"696\" height=\"392\" src=\"https:\/\/canal5.md\/wp-content\/uploads\/2024\/12\/politia-nu-treceti-1-1280x720-1-1024x576-optimized.jpg\" class=\"attachment-large size-large wp-post-image\" alt=\"\" srcset=\"https:\/\/canal5.md\/wp-content\/uploads\/2024\/12\/politia-nu-treceti-1-1280x720-1-1024x576-optimized.jpg 1024w, https:\/\/canal5.md\/wp-content\/uploads\/2024\/12\/politia-nu-treceti-1-1280x720-1-300x169-optimized.jpg 300w, https:\/\/canal5.md\/wp-content\/uploads\/2024\/12\/politia-nu-treceti-1-1280x720-1-768x432-optimized.jpg 768w, https:\/\/canal5.md\/wp-content\/uploads\/2024\/12\/politia-nu-treceti-1-1280x720-1-696x392-optimized.jpg 696w, https:\/\/canal5.md\/wp-content\/uploads\/2024\/12\/politia-nu-treceti-1-1280x720-1-1068x601-optimized.jpg 1068w, https:\/\/canal5.md\/wp-content\/uploads\/2024\/12\/politia-nu-treceti-1-1280x720-1-optimized.jpg 1280w\">Poli\u021bia Republicii Moldova informeaz\u0103 c\u0103 \u00een aceast\u0103 sear\u0103, \u00een jurul orei 17:00, a fost recep\u021bionat un apel telefonic care anun\u021ba un accident rutier pe strada Doinelor din municipiul Cahul. \u00cen urma cercet\u0103rilor preliminare, s-a stabilit c\u0103 victima, un copil de 6 ani, a \u00eenceput traversarea neregulamentar\u0103 a carosabilului, fiind lovit de un Opel condus de [\u2026]<\/div>\n","protected":false},"author":1,"featured_media":66933,"comment_status":"closed","ping_status":"closed","sticky":false,"template":"","format":"standard","meta":{"jnews-multi-image_gallery":[],"jnews_single_post":[],"jnews_primary_category":[],"jnews_social_meta":[],"jnews_override_counter":[],"footnotes":""},"categories":[30],"tags":[],"class_list":["post-66932","post","type-post","status-publish","format-standard","has-post-thumbnail","hentry","category-social_ro"],"_links":{"self":[{"href":"https:\/\/orheifm.live\/index.php\/wp-json\/wp\/v2\/posts\/66932","targetHints":{"allow":["GET"]}}],"collection":[{"href":"https:\/\/orheifm.live\/index.php\/wp-json\/wp\/v2\/posts"}],"about":[{"href":"https:\/\/orheifm.live\/index.php\/wp-json\/wp\/v2\/types\/post"}],"author":[{"embeddable":true,"href":"https:\/\/orheifm.live\/index.php\/wp-json\/wp\/v2\/users\/1"}],"replies":[{"embeddable":true,"href":"https:\/\/orheifm.live\/index.php\/wp-json\/wp\/v2\/comments?post=66932"}],"version-history":[{"count":0,"href":"https:\/\/orheifm.live\/index.php\/wp-json\/wp\/v2\/posts\/66932\/revisions"}],"wp:featuredmedia":[{"embeddable":true,"href":"https:\/\/orheifm.live\/index.php\/wp-json\/wp\/v2\/media\/66933"}],"wp:attachment":[{"href":"https:\/\/orheifm.live\/index.php\/wp-json\/wp\/v2\/media?parent=66932"}],"wp:term":[{"taxonomy":"category","embeddable":true,"href":"https:\/\/orheifm.live\/index.php\/wp-json\/wp\/v2\/categories?post=66932"},{"taxonomy":"post_tag","embeddable":true,"href":"https:\/\/orheifm.live\/index.php\/wp-json\/wp\/v2\/tags?post=66932"}],"curies":[{"name":"wp","href":"https:\/\/api.w.org\/{rel}","templated":true}]}}