{"id":66928,"date":"2025-02-11T21:05:12","date_gmt":"2025-02-11T19:05:12","guid":{"rendered":"https:\/\/orheifm.live\/index.php\/2025\/02\/11\/atentie-parinti-ministerul-educatiei-schimba-regulile-de-inscriere-a-copiilor-in-clasa-i\/"},"modified":"2025-02-11T21:05:12","modified_gmt":"2025-02-11T19:05:12","slug":"atentie-parinti-ministerul-educatiei-schimba-regulile-de-inscriere-a-copiilor-in-clasa-i","status":"publish","type":"post","link":"https:\/\/orheifm.live\/index.php\/2025\/02\/11\/atentie-parinti-ministerul-educatiei-schimba-regulile-de-inscriere-a-copiilor-in-clasa-i\/","title":{"rendered":"Aten\u021bie p\u0103rin\u021bi! Ministerul Educa\u021biei schimb\u0103 regulile de \u00eenscriere a copiilor \u00een clasa I"},"content":{"rendered":"<div>\n<p><strong>Condi\u021biile de \u00eenscriere a copiilor \u00een clasa I au fost modificate. Ministerul Educa\u021biei \u0219i Cercet\u0103rii precizeaz\u0103 c\u0103 noua metodologie corespunde prevederilor actelor normative \u0219i legislative \u00een vigoare \u0219i asigur\u0103 incluziunea tuturor copiilor. Astfel, \u00een clasa \u00eent\u00e2i se pot \u00eenscrie cet\u0103\u021benii Republicii Moldova din diaspor\u0103, cet\u0103\u021benii Uniunii Europene, cei str\u0103ini \u0219i refugia\u021bi, inclusiv copiii cu cerin\u021be educa\u021bionale speciale.<\/strong><\/p>\n<p>\u201e\u00cen clasa I se \u00eenscriu obligatoriu, f\u0103r\u0103 probe de concurs, to\u021bi copiii din districtul \u0219colar corespunz\u0103tor, care au \u00eemplinit v\u00e2rsta de \u0219apte ani p\u00e2n\u0103 la \u00eenceputul anului de studii, inclusiv copiii cet\u0103\u021benilor Republicii Moldova din diaspor\u0103, ai cet\u0103\u021benilor Uniunii Europene, str\u0103inii, precum \u0219i copiii din familii refugiate. Acestor categorii li se acord\u0103 10 la sut\u0103 din num\u0103rul total de locuri\u201d, se men\u021bioneaz\u0103 \u00een comunicatul de pres\u0103 emis de Ministerul Educa\u021biei \u0219i Cercet\u0103rii.<\/p>\n<blockquote>\n<div class=\"margin-auto\">\n<div id=\"admixer-hb-216-637568592982450705\">Copiii cu cerin\u021be educa\u021bionale speciale vor avea o perioad\u0103 de tranzi\u021bie de la \u00eenv\u0103\u021b\u0103m\u00e2ntul pre\u0219colar la \u00eenv\u0103\u021b\u0103m\u00e2ntul primar, \u00een func\u021bie de recomand\u0103rile speciali\u0219tilor structurilor teritoriale de asisten\u021b\u0103 psihopedagogic\u0103 din cadrul Centrului Republican de Asisten\u021b\u0103 Psihopedagogic\u0103.<\/div>\n<\/div>\n<\/blockquote>\n<p>Procesul de tranzi\u021bie se va desf\u0103\u0219ura \u00een trei etape, dup\u0103 orarul stabilit de Ministerul Educa\u021biei \u0219i Cercet\u0103rii: organizarea procesului de tranzi\u021bie, \u00eenscrierea copiilor \u00een clasa I, monitorizarea adapt\u0103rii copilului la mediul \u0219colar.<\/p>\n<p>Copiii cu cerin\u021be educa\u021bionale speciale sau dizabilit\u0103\u021bi, c\u0103rora nu le pot fi asigurate condi\u021biile necesare pentru incluziunea educa\u021bional\u0103 \u00een \u0219coala din localitate, vor putea fi \u00eenscri\u0219i doar \u00een institu\u021biile de \u00eenv\u0103\u021b\u0103m\u00e2nt care dispun de condi\u021biile necesare, la solicitarea p\u0103rin\u021bilor.<\/p>\n<p>Pentru institu\u021biile cu profil de arte \u0219i sport, noile modific\u0103ri prev\u0103d realizarea probelor de aptitudini \u00een perioadele indicate \u0219i aprobate \u00een orarul de \u00eenscriere a copiilor \u00een clasa I.<\/p>\n<p>Potrivit Biroului Na\u021bional de Statistic\u0103, la \u00eenceputul anului de studii 2024-2025 \u00een \u00eenv\u0103\u021b\u0103m\u00e2ntul primar \u0219i secundar general activau 1185 de institu\u021bii, dintre care 88 \u0219coli primare, 752 de gimnazii, 337 de licee, \u0219ase \u0219coli pentru copii cu deficien\u021be \u00een dezvoltarea intelectual\u0103 sau fizic\u0103<sup>\u00a0<\/sup>\u0219i dou\u0103 \u0219coli serale.<\/p>\n<p><a href=\"https:\/\/realitatea.md\/atentie-parinti-ministerul-educatiei-schimba-regulile-de-inscriere-a-copiilor-in-clasa-i\/\">realitatea.md<\/a><\/p>\n<\/div>\n","protected":false},"excerpt":{"rendered":"<div><img loading=\"lazy\" decoding=\"async\" width=\"696\" height=\"391\" src=\"https:\/\/canal5.md\/wp-content\/uploads\/2025\/02\/copii-in-clasa-1-900x505-1-optimized.png\" class=\"attachment-large size-large wp-post-image\" alt=\"\" srcset=\"https:\/\/canal5.md\/wp-content\/uploads\/2025\/02\/copii-in-clasa-1-900x505-1-optimized.png 900w, https:\/\/canal5.md\/wp-content\/uploads\/2025\/02\/copii-in-clasa-1-900x505-1-300x168-optimized.png 300w, https:\/\/canal5.md\/wp-content\/uploads\/2025\/02\/copii-in-clasa-1-900x505-1-768x431-optimized.png 768w, https:\/\/canal5.md\/wp-content\/uploads\/2025\/02\/copii-in-clasa-1-900x505-1-696x391-optimized.png 696w\">Condi\u021biile de \u00eenscriere a copiilor \u00een clasa I au fost modificate. Ministerul Educa\u021biei \u0219i Cercet\u0103rii precizeaz\u0103 c\u0103 noua metodologie corespunde prevederilor actelor normative \u0219i legislative \u00een vigoare \u0219i asigur\u0103 incluziunea tuturor copiilor. Astfel, \u00een clasa \u00eent\u00e2i se pot \u00eenscrie cet\u0103\u021benii Republicii Moldova din diaspor\u0103, cet\u0103\u021benii Uniunii Europene, cei str\u0103ini \u0219i refugia\u021bi, inclusiv copiii cu cerin\u021be [\u2026]<\/div>\n","protected":false},"author":1,"featured_media":66929,"comment_status":"closed","ping_status":"closed","sticky":false,"template":"","format":"standard","meta":{"jnews-multi-image_gallery":[],"jnews_single_post":[],"jnews_primary_category":[],"jnews_social_meta":[],"jnews_override_counter":[],"footnotes":""},"categories":[30],"tags":[],"class_list":["post-66928","post","type-post","status-publish","format-standard","has-post-thumbnail","hentry","category-social_ro"],"_links":{"self":[{"href":"https:\/\/orheifm.live\/index.php\/wp-json\/wp\/v2\/posts\/66928","targetHints":{"allow":["GET"]}}],"collection":[{"href":"https:\/\/orheifm.live\/index.php\/wp-json\/wp\/v2\/posts"}],"about":[{"href":"https:\/\/orheifm.live\/index.php\/wp-json\/wp\/v2\/types\/post"}],"author":[{"embeddable":true,"href":"https:\/\/orheifm.live\/index.php\/wp-json\/wp\/v2\/users\/1"}],"replies":[{"embeddable":true,"href":"https:\/\/orheifm.live\/index.php\/wp-json\/wp\/v2\/comments?post=66928"}],"version-history":[{"count":0,"href":"https:\/\/orheifm.live\/index.php\/wp-json\/wp\/v2\/posts\/66928\/revisions"}],"wp:featuredmedia":[{"embeddable":true,"href":"https:\/\/orheifm.live\/index.php\/wp-json\/wp\/v2\/media\/66929"}],"wp:attachment":[{"href":"https:\/\/orheifm.live\/index.php\/wp-json\/wp\/v2\/media?parent=66928"}],"wp:term":[{"taxonomy":"category","embeddable":true,"href":"https:\/\/orheifm.live\/index.php\/wp-json\/wp\/v2\/categories?post=66928"},{"taxonomy":"post_tag","embeddable":true,"href":"https:\/\/orheifm.live\/index.php\/wp-json\/wp\/v2\/tags?post=66928"}],"curies":[{"name":"wp","href":"https:\/\/api.w.org\/{rel}","templated":true}]}}