{"id":66926,"date":"2025-02-11T21:02:25","date_gmt":"2025-02-11T19:02:25","guid":{"rendered":"https:\/\/orheifm.live\/index.php\/2025\/02\/11\/a-vrut-sa-treaca-vama-cu-un-permis-de-conducere-cumparat-online-ce-le-a-spus-tanarul-politistilor-de-frontiera-care-l-au-prins-cu-documentul-fals\/"},"modified":"2025-02-11T21:02:25","modified_gmt":"2025-02-11T19:02:25","slug":"a-vrut-sa-treaca-vama-cu-un-permis-de-conducere-cumparat-online-ce-le-a-spus-tanarul-politistilor-de-frontiera-care-l-au-prins-cu-documentul-fals","status":"publish","type":"post","link":"https:\/\/orheifm.live\/index.php\/2025\/02\/11\/a-vrut-sa-treaca-vama-cu-un-permis-de-conducere-cumparat-online-ce-le-a-spus-tanarul-politistilor-de-frontiera-care-l-au-prins-cu-documentul-fals\/","title":{"rendered":"A vrut s\u0103 treac\u0103 vama cu un permis de conducere cump\u0103rat online: Ce le-a spus t\u00e2n\u0103rul poli\u021bi\u0219tilor de frontier\u0103, care l-au prins cu documentul fals"},"content":{"rendered":"<div>\n<p><strong>Un t\u00e2n\u0103r \u00een v\u00e2rst\u0103 de 25 de ani a fost prins, la vama Albi\u021ba, de poli\u021bi\u0219tii de frontier\u0103 rom\u00e2ni, cu un permis de conducere fals. Acesta a relatat c\u0103 a procurat respectivul document prin intermediul unei persoane cunoscute, pe o re\u021bea de socializare, contra sumei de 150 de euro.<\/strong><\/p>\n<p>\u201ePoli\u0163i\u015ftii de frontier\u0103 din cadrul Punctului de Trecere a Frontierei Albi\u021ba efectueaz\u0103 cercet\u0103ri \u00een privin\u0163a unui b\u0103rbat cu cet\u0103\u021benie R. Moldova, care avea asupra sa un permis de conducere fals.<\/p>\n<p>\u00cen data de 11 februarie, \u00een jurul orei 00.00, \u00een Punctul de Trecere a Frontierei Albi\u021ba-ITPF Ia\u015fi, s-a prezentat pentru efectuarea formalit\u0103\u0163ilor de control, pentru a ie\u0219i din \u0163ar\u0103, pasager \u00eentr-un autocar, un b\u0103rbat cu cet\u0103\u021benie R. Moldova, \u00een v\u00e2rst\u0103 de 25 de ani.<\/p>\n<p>\u00cen baza profilului de risc, s-a procedat la efectuarea unui control am\u0103nun\u0163it asupra mijlocului de transport \u0219i persoanelor, ocazie cu care, asupra t\u00e2n\u0103rului, a fost descoperit, ascuns, un permis de conducere cu \u00eensemnele autorit\u0103\u0163ilor din Republica Moldova.<\/p>\n<p>Av\u00e2nd suspiciuni cu privire la autenticitatea documentului, au fost efectuate verific\u0103ri suplimentare, ocazie cu care s-a constatat c\u0103 permisul nu \u00eendepline\u015fte condi\u0163iile de form\u0103 \u015fi fond ale unuia autentic, fiind fals.<\/p>\n<p>Cu privire la cele constatate, t\u00e2n\u0103rul a declarat c\u0103 a procurat respectivul document prin intermediul unei persoane cunoscute, pe o re\u021bea de socializare, contra sumei de 150 de euro.<\/p>\n<p>\u00cen cauz\u0103, poli\u0163i\u015ftii de frontier\u0103 efectueaz\u0103 cercet\u0103ri sub aspectul s\u0103v\u00e2r\u015firii infrac\u0163iunii de fals material \u00een \u00eenscrisuri oficiale, la finalizare urm\u00e2nd a fi dispuse m\u0103surile legale care se impun\u201d, informeaz\u0103 ITPF Ia\u0219i.<\/p>\n<p><a href=\"https:\/\/unimedia.info\/ro\/news\/7994575b76cf88c1\/a-vrut-sa-treaca-vama-cu-un-permis-de-conducere-cumparat-online-ce-le-a-spus-tanarul-politistilor-de-frontiera-care-l-au-prins-cu-documentul-fals.html\">unimedia.info<\/a><\/p>\n<\/div>\n","protected":false},"excerpt":{"rendered":"<div><img loading=\"lazy\" decoding=\"async\" width=\"696\" height=\"392\" src=\"https:\/\/canal5.md\/wp-content\/uploads\/2025\/02\/5ef4319cd3b4e9c5ddfce1d9bae2c474008a02389d21d632d37b6a2060f23936-optimized.jpg\" class=\"attachment-large size-large wp-post-image\" alt=\"\" srcset=\"https:\/\/canal5.md\/wp-content\/uploads\/2025\/02\/5ef4319cd3b4e9c5ddfce1d9bae2c474008a02389d21d632d37b6a2060f23936-optimized.jpg 800w, https:\/\/canal5.md\/wp-content\/uploads\/2025\/02\/5ef4319cd3b4e9c5ddfce1d9bae2c474008a02389d21d632d37b6a2060f23936-300x169-optimized.jpg 300w, https:\/\/canal5.md\/wp-content\/uploads\/2025\/02\/5ef4319cd3b4e9c5ddfce1d9bae2c474008a02389d21d632d37b6a2060f23936-768x432-optimized.jpg 768w, https:\/\/canal5.md\/wp-content\/uploads\/2025\/02\/5ef4319cd3b4e9c5ddfce1d9bae2c474008a02389d21d632d37b6a2060f23936-696x392-optimized.jpg 696w\">Un t\u00e2n\u0103r \u00een v\u00e2rst\u0103 de 25 de ani a fost prins, la vama Albi\u021ba, de poli\u021bi\u0219tii de frontier\u0103 rom\u00e2ni, cu un permis de conducere fals. Acesta a relatat c\u0103 a procurat respectivul document prin intermediul unei persoane cunoscute, pe o re\u021bea de socializare, contra sumei de 150 de euro. \u201ePoli\u0163i\u015ftii de frontier\u0103 din cadrul Punctului [\u2026]<\/div>\n","protected":false},"author":1,"featured_media":66927,"comment_status":"closed","ping_status":"closed","sticky":false,"template":"","format":"standard","meta":{"jnews-multi-image_gallery":[],"jnews_single_post":[],"jnews_primary_category":[],"jnews_social_meta":[],"jnews_override_counter":[],"footnotes":""},"categories":[30],"tags":[],"class_list":["post-66926","post","type-post","status-publish","format-standard","has-post-thumbnail","hentry","category-social_ro"],"_links":{"self":[{"href":"https:\/\/orheifm.live\/index.php\/wp-json\/wp\/v2\/posts\/66926","targetHints":{"allow":["GET"]}}],"collection":[{"href":"https:\/\/orheifm.live\/index.php\/wp-json\/wp\/v2\/posts"}],"about":[{"href":"https:\/\/orheifm.live\/index.php\/wp-json\/wp\/v2\/types\/post"}],"author":[{"embeddable":true,"href":"https:\/\/orheifm.live\/index.php\/wp-json\/wp\/v2\/users\/1"}],"replies":[{"embeddable":true,"href":"https:\/\/orheifm.live\/index.php\/wp-json\/wp\/v2\/comments?post=66926"}],"version-history":[{"count":0,"href":"https:\/\/orheifm.live\/index.php\/wp-json\/wp\/v2\/posts\/66926\/revisions"}],"wp:featuredmedia":[{"embeddable":true,"href":"https:\/\/orheifm.live\/index.php\/wp-json\/wp\/v2\/media\/66927"}],"wp:attachment":[{"href":"https:\/\/orheifm.live\/index.php\/wp-json\/wp\/v2\/media?parent=66926"}],"wp:term":[{"taxonomy":"category","embeddable":true,"href":"https:\/\/orheifm.live\/index.php\/wp-json\/wp\/v2\/categories?post=66926"},{"taxonomy":"post_tag","embeddable":true,"href":"https:\/\/orheifm.live\/index.php\/wp-json\/wp\/v2\/tags?post=66926"}],"curies":[{"name":"wp","href":"https:\/\/api.w.org\/{rel}","templated":true}]}}