{"id":66920,"date":"2025-02-11T20:45:26","date_gmt":"2025-02-11T18:45:26","guid":{"rendered":"https:\/\/orheifm.live\/index.php\/2025\/02\/11\/cine-va-fi-capul-statului-roman-dupa-demisia-lui-klaus-iohannis-video\/"},"modified":"2025-02-11T20:45:26","modified_gmt":"2025-02-11T18:45:26","slug":"cine-va-fi-capul-statului-roman-dupa-demisia-lui-klaus-iohannis-video","status":"publish","type":"post","link":"https:\/\/orheifm.live\/index.php\/2025\/02\/11\/cine-va-fi-capul-statului-roman-dupa-demisia-lui-klaus-iohannis-video\/","title":{"rendered":"Cine va fi capul statului rom\u00e2n dup\u0103 demisia lui Klaus Iohannis? |VIDEO"},"content":{"rendered":"<div>\n<p><strong>Pre\u0219edintele Senatului, Ilie Bolojan va de\u021bine func\u021bia de pre\u0219edinte al Rom\u00e2niei. Decizia a fost luat\u0103 de c\u0103tre Curtea Constitu\u021bional\u0103 de la Bucure\u0219ti, dup\u0103 ce Klaus Iohannis \u0219i-a anun\u021bat demisia. <\/strong><br \/>\n<iframe loading=\"lazy\" title=\"YouTube video player\" src=\"https:\/\/www.youtube.com\/embed\/3Sv264bzyZ8?si=LXLzR4M8MTYg5TA4\" width=\"560\" height=\"315\" frameborder=\"0\" allowfullscreen=\"allowfullscreen\"><\/iframe><br \/>\nAstfel, \u00eencep\u00e2nd de miercuri, 12 februarie, Ilie Bolojan, va prelua atributele preziden\u021biale p\u00e2n\u0103 la finalizarea alegerilor \u0219i \u00eenceperea mandatului noului \u0219ef al statului. Atribu\u021biile sale sunt \u00eens\u0103 limitate.<\/p>\n<p>Pre\u0219edintele interimar nu poate dizolva Parlamentul \u0219i nu poate ini\u021bia referendumuri. Bolojan a ajuns la Bucure\u0219ti, \u00een Parlamentul Rom\u00e2niei, \u00een decembrie 2024, dup\u0103 ce a devenit senator de Bihor \u00een urma alegerilor parlamentare.<\/p>\n<p>Acesta este membru al Partidului Na\u021bional Liberal din 1993. Bolojan de\u021bine depozite bancare de 190.000 de lei rom\u00e2ne\u0219ti \u0219i a f\u0103cut dona\u021bii de 356.450 de lei. Preciz\u0103m c\u0103, pre\u0219edintele Klaus Iohannis \u0219i-a anun\u021bat demisia \u00eentr- o declara\u021bie de pres\u0103 sus\u021binut\u0103 luni la Palatul Cotroceni.<\/p>\n<p>Aceast\u0103 decizie a fost luat\u0103 dup\u0103 ce partidele de opozi\u021bie au depus pentru a treia oar\u0103 o cerere de destituire a lui Iohannis. Al doilea \u0219i ultimul mandat al lui Iohannis s-a \u00eencheiat pe 21 decembrie 2024.<\/p>\n<p>Cu toate acestea, din cauza anul\u0103rii alegerilor preziden\u021biale, noul \u0219ef al statului nu a fost ales, iar Curtea Constitu\u021bional\u0103 a Rom\u00e2niei i-a permis lui Iohannis s\u0103 r\u0103m\u00e2n\u0103 \u00een func\u021bia de pre\u0219edinte p\u00e2n\u0103 la alegeri \u0219i la \u00eenvestirea unui nou pre\u0219edinte.<\/p>\n<\/div>\n","protected":false},"excerpt":{"rendered":"<div><img loading=\"lazy\" decoding=\"async\" width=\"696\" height=\"363\" src=\"https:\/\/canal5.md\/wp-content\/uploads\/2025\/02\/blob-8-optimized.jpg\" class=\"attachment-large size-large wp-post-image\" alt=\"\" srcset=\"https:\/\/canal5.md\/wp-content\/uploads\/2025\/02\/blob-8-optimized.jpg 831w, https:\/\/canal5.md\/wp-content\/uploads\/2025\/02\/blob-8-300x156-optimized.jpg 300w, https:\/\/canal5.md\/wp-content\/uploads\/2025\/02\/blob-8-768x400-optimized.jpg 768w, https:\/\/canal5.md\/wp-content\/uploads\/2025\/02\/blob-8-696x363-optimized.jpg 696w\">Pre\u0219edintele Senatului, Ilie Bolojan va de\u021bine func\u021bia de pre\u0219edinte al Rom\u00e2niei. Decizia a fost luat\u0103 de c\u0103tre Curtea Constitu\u021bional\u0103 de la Bucure\u0219ti, dup\u0103 ce Klaus Iohannis \u0219i-a anun\u021bat demisia. Astfel, \u00eencep\u00e2nd de miercuri, 12 februarie, Ilie Bolojan, va prelua atributele preziden\u021biale p\u00e2n\u0103 la finalizarea alegerilor \u0219i \u00eenceperea mandatului noului \u0219ef al statului. Atribu\u021biile sale sunt [\u2026]<\/div>\n","protected":false},"author":1,"featured_media":66921,"comment_status":"closed","ping_status":"closed","sticky":false,"template":"","format":"standard","meta":{"jnews-multi-image_gallery":[],"jnews_single_post":[],"jnews_primary_category":[],"jnews_social_meta":[],"jnews_override_counter":[],"footnotes":""},"categories":[29],"tags":[],"class_list":["post-66920","post","type-post","status-publish","format-standard","has-post-thumbnail","hentry","category-externe_ro"],"_links":{"self":[{"href":"https:\/\/orheifm.live\/index.php\/wp-json\/wp\/v2\/posts\/66920","targetHints":{"allow":["GET"]}}],"collection":[{"href":"https:\/\/orheifm.live\/index.php\/wp-json\/wp\/v2\/posts"}],"about":[{"href":"https:\/\/orheifm.live\/index.php\/wp-json\/wp\/v2\/types\/post"}],"author":[{"embeddable":true,"href":"https:\/\/orheifm.live\/index.php\/wp-json\/wp\/v2\/users\/1"}],"replies":[{"embeddable":true,"href":"https:\/\/orheifm.live\/index.php\/wp-json\/wp\/v2\/comments?post=66920"}],"version-history":[{"count":0,"href":"https:\/\/orheifm.live\/index.php\/wp-json\/wp\/v2\/posts\/66920\/revisions"}],"wp:featuredmedia":[{"embeddable":true,"href":"https:\/\/orheifm.live\/index.php\/wp-json\/wp\/v2\/media\/66921"}],"wp:attachment":[{"href":"https:\/\/orheifm.live\/index.php\/wp-json\/wp\/v2\/media?parent=66920"}],"wp:term":[{"taxonomy":"category","embeddable":true,"href":"https:\/\/orheifm.live\/index.php\/wp-json\/wp\/v2\/categories?post=66920"},{"taxonomy":"post_tag","embeddable":true,"href":"https:\/\/orheifm.live\/index.php\/wp-json\/wp\/v2\/tags?post=66920"}],"curies":[{"name":"wp","href":"https:\/\/api.w.org\/{rel}","templated":true}]}}