{"id":66916,"date":"2025-02-11T20:35:46","date_gmt":"2025-02-11T18:35:46","guid":{"rendered":"https:\/\/orheifm.live\/index.php\/2025\/02\/11\/moldova-interzice-permisele-de-conducere-transnistrene-soferii-risca-amenzi-video\/"},"modified":"2025-02-11T20:35:46","modified_gmt":"2025-02-11T18:35:46","slug":"moldova-interzice-permisele-de-conducere-transnistrene-soferii-risca-amenzi-video","status":"publish","type":"post","link":"https:\/\/orheifm.live\/index.php\/2025\/02\/11\/moldova-interzice-permisele-de-conducere-transnistrene-soferii-risca-amenzi-video\/","title":{"rendered":"Moldova interzice permisele de conducere transnistrene: \u0218oferii risc\u0103 amenzi |VIDEO"},"content":{"rendered":"<div>\n<p><strong>Autorit\u0103\u021bile din Moldova au interzis conducerea vehiculelor pe teritoriul \u021b\u0103rii cu permise de conducere eliberate \u00een regiunea Transnistria. Informa\u021bii \u00een acest sens au fost oferite de c\u0103tre reprezentan\u021bii Ministerului Afacerilor Interne pentru NewsMaker. <\/strong><br \/>\n<iframe loading=\"lazy\" title=\"YouTube video player\" src=\"https:\/\/www.youtube.com\/embed\/Rfy9CFBd6RY?si=vxUBrgcD8hcx45gk\" width=\"560\" height=\"315\" frameborder=\"0\" allowfullscreen=\"allowfullscreen\"><\/iframe><br \/>\nPotrivit portalului, MAI a precizat c\u0103 permisele de conducere transnistrene nu sunt recunoscute de legisla\u021bia na\u021bional\u0103 \u0219i nu sunt incluse \u00een registrul na\u021bional al \u0219oferilor.<\/p>\n<p>\u201ePermisele de conducere eliberate \u00een localit\u0103\u021bile de pe malul st\u00e2ng al Nistrului \u0219i \u00een Bender nu sunt \u00eenregistrate \u00een sistemul automatizat de informa\u021bii \u201eRegistrul de stat al \u0219oferilor de vehicule\u201d \u0219i nu sunt eliberate de Agen\u021bia Servicii Publice\u201d, au subliniat reprezentan\u021bii MAI.<\/p>\n<p>Conducerea f\u0103r\u0103 permis eliberat de organiza\u021biile competente ale Republicii Moldova presupune o amend\u0103 de la 1500 la 3000 de lei.<\/p>\n<p>Men\u021bion\u0103m c\u0103, \u00een prezent, locuitorii din Transnistria, dup\u0103 sus\u021binerea examenelor teoretice \u0219i practice, pot solicita schimbarea permiselor lor de conducere cu unele valabile conform normelor na\u021bionale. P\u00e2n\u0103 la \u00eenceputul acestui an, schimbul putea fi efectuat f\u0103r\u0103 examen, iar mai mult de 40.000 de \u0219oferi de pe malul st\u00e2ng al Nistrului au profitat de aceast\u0103 oportunitate.<\/p>\n<\/div>\n","protected":false},"excerpt":{"rendered":"<div><img loading=\"lazy\" decoding=\"async\" width=\"696\" height=\"394\" src=\"https:\/\/canal5.md\/wp-content\/uploads\/2025\/02\/permisele-de-conducere-moldovenesti-recunoscute-in-statul-qatar-1024x579-optimized.jpg\" class=\"attachment-large size-large wp-post-image\" alt=\"\" srcset=\"https:\/\/canal5.md\/wp-content\/uploads\/2025\/02\/permisele-de-conducere-moldovenesti-recunoscute-in-statul-qatar-1024x579-optimized.jpg 1024w, https:\/\/canal5.md\/wp-content\/uploads\/2025\/02\/permisele-de-conducere-moldovenesti-recunoscute-in-statul-qatar-300x170-optimized.jpg 300w, https:\/\/canal5.md\/wp-content\/uploads\/2025\/02\/permisele-de-conducere-moldovenesti-recunoscute-in-statul-qatar-768x434-optimized.jpg 768w, https:\/\/canal5.md\/wp-content\/uploads\/2025\/02\/permisele-de-conducere-moldovenesti-recunoscute-in-statul-qatar-696x394-optimized.jpg 696w, https:\/\/canal5.md\/wp-content\/uploads\/2025\/02\/permisele-de-conducere-moldovenesti-recunoscute-in-statul-qatar-1068x604-optimized.jpg 1068w, https:\/\/canal5.md\/wp-content\/uploads\/2025\/02\/permisele-de-conducere-moldovenesti-recunoscute-in-statul-qatar-optimized.jpg 1188w\">Autorit\u0103\u021bile din Moldova au interzis conducerea vehiculelor pe teritoriul \u021b\u0103rii cu permise de conducere eliberate \u00een regiunea Transnistria. Informa\u021bii \u00een acest sens au fost oferite de c\u0103tre reprezentan\u021bii Ministerului Afacerilor Interne pentru NewsMaker. Potrivit portalului, MAI a precizat c\u0103 permisele de conducere transnistrene nu sunt recunoscute de legisla\u021bia na\u021bional\u0103 \u0219i nu sunt incluse \u00een registrul [\u2026]<\/div>\n","protected":false},"author":1,"featured_media":66917,"comment_status":"closed","ping_status":"closed","sticky":false,"template":"","format":"standard","meta":{"jnews-multi-image_gallery":[],"jnews_single_post":[],"jnews_primary_category":[],"jnews_social_meta":[],"jnews_override_counter":[],"footnotes":""},"categories":[30],"tags":[],"class_list":["post-66916","post","type-post","status-publish","format-standard","has-post-thumbnail","hentry","category-social_ro"],"_links":{"self":[{"href":"https:\/\/orheifm.live\/index.php\/wp-json\/wp\/v2\/posts\/66916","targetHints":{"allow":["GET"]}}],"collection":[{"href":"https:\/\/orheifm.live\/index.php\/wp-json\/wp\/v2\/posts"}],"about":[{"href":"https:\/\/orheifm.live\/index.php\/wp-json\/wp\/v2\/types\/post"}],"author":[{"embeddable":true,"href":"https:\/\/orheifm.live\/index.php\/wp-json\/wp\/v2\/users\/1"}],"replies":[{"embeddable":true,"href":"https:\/\/orheifm.live\/index.php\/wp-json\/wp\/v2\/comments?post=66916"}],"version-history":[{"count":0,"href":"https:\/\/orheifm.live\/index.php\/wp-json\/wp\/v2\/posts\/66916\/revisions"}],"wp:featuredmedia":[{"embeddable":true,"href":"https:\/\/orheifm.live\/index.php\/wp-json\/wp\/v2\/media\/66917"}],"wp:attachment":[{"href":"https:\/\/orheifm.live\/index.php\/wp-json\/wp\/v2\/media?parent=66916"}],"wp:term":[{"taxonomy":"category","embeddable":true,"href":"https:\/\/orheifm.live\/index.php\/wp-json\/wp\/v2\/categories?post=66916"},{"taxonomy":"post_tag","embeddable":true,"href":"https:\/\/orheifm.live\/index.php\/wp-json\/wp\/v2\/tags?post=66916"}],"curies":[{"name":"wp","href":"https:\/\/api.w.org\/{rel}","templated":true}]}}