{"id":66912,"date":"2025-02-11T20:30:05","date_gmt":"2025-02-11T18:30:05","guid":{"rendered":"https:\/\/orheifm.live\/index.php\/2025\/02\/11\/teren-abandonat-pe-strada-nicolae-testemitanu-in-capitala-locuitorii-se-plang-de-gunoaie-caini-vagabonzi-si-ignorarea-autoritatilor-video\/"},"modified":"2025-02-11T20:30:05","modified_gmt":"2025-02-11T18:30:05","slug":"teren-abandonat-pe-strada-nicolae-testemitanu-in-capitala-locuitorii-se-plang-de-gunoaie-caini-vagabonzi-si-ignorarea-autoritatilor-video","status":"publish","type":"post","link":"https:\/\/orheifm.live\/index.php\/2025\/02\/11\/teren-abandonat-pe-strada-nicolae-testemitanu-in-capitala-locuitorii-se-plang-de-gunoaie-caini-vagabonzi-si-ignorarea-autoritatilor-video\/","title":{"rendered":"Teren abandonat pe strada Nicolae Testemi\u021banu \u00een capital\u0103: Locuitorii se pl\u00e2ng de gunoaie, c\u00e2ini vagabonzi \u0219i ignorarea autorit\u0103\u021bilor |VIDEO"},"content":{"rendered":"<div>\n<p><strong>Locuitorii unui bloc din capital\u0103 de pe strada Nicolae Testemi\u021banu se pl\u00e2ng c\u0103 terenul din fa\u021ba lor, pe care st\u0103 o cl\u0103dire neterminat\u0103, s- a transformat \u00eentr-o groap\u0103 de gunoi \u0219i un ad\u0103post pentru c\u00e2ini \u0219i oameni ai str\u0103zii. <\/strong><br \/>\n<iframe loading=\"lazy\" title=\"YouTube video player\" src=\"https:\/\/www.youtube.com\/embed\/mox8MUJdvmQ?si=pCAT69E73LiCue6t\" width=\"560\" height=\"315\" frameborder=\"0\" allowfullscreen=\"allowfullscreen\"><\/iframe><br \/>\nEi spun c\u0103 autorit\u0103\u021bile locale nu au r\u0103spuns sesiz\u0103rilor lor de mai bine de cinci ani. Echipa noastr\u0103 a \u00eencercat s\u0103 afle cui apar\u021bine acest teren \u0219i cl\u0103direa abandonat\u0103.<\/p>\n<p>Locuitorii nemul\u021bumi\u021bi spun c\u0103, de mul\u021bi ani, \u00een mijlocul cartierului reziden\u021bial se repet\u0103 aceea\u0219i situa\u021bie nepl\u0103cut\u0103: v\u00e2ntul \u00eempr\u0103\u0219tie gunoiul pe \u00eentreaga zon\u0103, ajung\u00e2nd chiar sub geamurile locuin\u021belor, iar vara se adaug\u0103 \u0219i mirosul nepl\u0103cut. Totu\u0219i, se pare c\u0103 autorit\u0103\u021bilor capitalei nu le pas\u0103.<\/p>\n<p>\u2013 Oh\u2026 De c\u00e2nd tr\u0103im noi aici, cred c\u0103 sunt deja vreo 5- 6 ani.<\/p>\n<p>\u2013 Aceast\u0103 priveli\u0219te din fereastr\u0103 \u0219i faptul c\u0103 blocul st\u0103 gol, iar terenul st\u0103 neatins.<\/p>\n<p>\u2013 Probabil vreo 10 ani, dac\u0103 nu mai mult. \u2013 \u0218i nimeni nu o cur\u0103\u021b\u0103? \u2013 Nu. A\u0219a o v\u0103d tot timpul.<\/p>\n<p>\u2013 Cred c\u0103 nu intereseaz\u0103 pe nimeni.<\/p>\n<p>\u2013 Totul este murdar aici, numai ce nu se \u00eent\u00e2mpl\u0103.<\/p>\n<p>\u2013 Oamenii f\u0103r\u0103 ad\u0103post \u0219i c\u00e2inii g\u0103sesc tot ce vrei.<\/p>\n<p>\u2013 Desigur, nu este deloc pl\u0103cut. Ne dorim s\u0103 fie cur\u0103\u021benie \u0219i ordine.<\/p>\n<p>\u2013 P\u00e2n\u0103 c\u00e2nd Prim\u0103ria nu va deschide ochii \u0219i va vedea ce se \u00eent\u00e2mpl\u0103 aici, trebuie s\u0103 facem ordine.<\/p>\n<p>\u2013 Autorit\u0103\u021bile locale trebuie s\u0103 se ocupe de acest lucru.<\/p>\n<p>Mul\u021bi dintre cei cu care am discutat consider\u0103 c\u0103, dac\u0103 autorit\u0103\u021bile capitalei s-ar fi ocupat serios de problema cl\u0103dirilor neterminate \u0219i a terenurilor abandonate, nu ar fi existat o astfel de mizerie. Localnicii spun c\u0103, pe acest teren, ar putea fi construit\u0103 o gr\u0103dini\u021b\u0103 sau o policlinic\u0103, de care cartierul lor are mare nevoie.<\/p>\n<p>\u2013 Desigur, m\u0103car ar fi putut g\u0103si o solu\u021bie, ar fi putut transforma aceast\u0103 cl\u0103dire \u00een ceva util. Dar au \u00eenceput \u0219i a\u0219a a r\u0103mas.<\/p>\n<p>\u2013 \u00cen general, acest loc ar fi fost ideal pentru construirea unui centru medical pentru familii.<\/p>\n<p>\u2013 Este necesar, pentru c\u0103 \u00een cartier nu avem policlinic\u0103. Suntem aronda\u021bi la cea din centru, iar, dup\u0103 cum \u0219ti\u021bi, este greu s\u0103 ajungi acolo.<\/p>\n<p>Am \u00eencercat s\u0103 afl\u0103m de la autorit\u0103\u021bile locale cui apar\u021bine cl\u0103direa neterminat\u0103 \u0219i terenul adiacent, precum \u0219i de ce nu se cur\u0103\u021b\u0103 gunoaiele de acolo. Cu toate acestea, p\u00e2n\u0103 la editarea reportajului, nici Pretura sectorului Centru, nici Prim\u0103ria capitalei nu au r\u0103spuns apelurilor \u0219i mesajelor noastre.<\/p>\n<\/div>\n","protected":false},"excerpt":{"rendered":"<div><img loading=\"lazy\" decoding=\"async\" width=\"696\" height=\"349\" src=\"https:\/\/canal5.md\/wp-content\/uploads\/2025\/02\/blob-6-1-optimized.jpg\" class=\"attachment-large size-large wp-post-image\" alt=\"\" srcset=\"https:\/\/canal5.md\/wp-content\/uploads\/2025\/02\/blob-6-1-optimized.jpg 936w, https:\/\/canal5.md\/wp-content\/uploads\/2025\/02\/blob-6-1-300x151-optimized.jpg 300w, https:\/\/canal5.md\/wp-content\/uploads\/2025\/02\/blob-6-1-768x386-optimized.jpg 768w, https:\/\/canal5.md\/wp-content\/uploads\/2025\/02\/blob-6-1-696x349-optimized.jpg 696w\">Locuitorii unui bloc din capital\u0103 de pe strada Nicolae Testemi\u021banu se pl\u00e2ng c\u0103 terenul din fa\u021ba lor, pe care st\u0103 o cl\u0103dire neterminat\u0103, s- a transformat \u00eentr-o groap\u0103 de gunoi \u0219i un ad\u0103post pentru c\u00e2ini \u0219i oameni ai str\u0103zii. Ei spun c\u0103 autorit\u0103\u021bile locale nu au r\u0103spuns sesiz\u0103rilor lor de mai bine de cinci ani. [\u2026]<\/div>\n","protected":false},"author":1,"featured_media":66913,"comment_status":"closed","ping_status":"closed","sticky":false,"template":"","format":"standard","meta":{"jnews-multi-image_gallery":[],"jnews_single_post":[],"jnews_primary_category":[],"jnews_social_meta":[],"jnews_override_counter":[],"footnotes":""},"categories":[30],"tags":[],"class_list":["post-66912","post","type-post","status-publish","format-standard","has-post-thumbnail","hentry","category-social_ro"],"_links":{"self":[{"href":"https:\/\/orheifm.live\/index.php\/wp-json\/wp\/v2\/posts\/66912","targetHints":{"allow":["GET"]}}],"collection":[{"href":"https:\/\/orheifm.live\/index.php\/wp-json\/wp\/v2\/posts"}],"about":[{"href":"https:\/\/orheifm.live\/index.php\/wp-json\/wp\/v2\/types\/post"}],"author":[{"embeddable":true,"href":"https:\/\/orheifm.live\/index.php\/wp-json\/wp\/v2\/users\/1"}],"replies":[{"embeddable":true,"href":"https:\/\/orheifm.live\/index.php\/wp-json\/wp\/v2\/comments?post=66912"}],"version-history":[{"count":0,"href":"https:\/\/orheifm.live\/index.php\/wp-json\/wp\/v2\/posts\/66912\/revisions"}],"wp:featuredmedia":[{"embeddable":true,"href":"https:\/\/orheifm.live\/index.php\/wp-json\/wp\/v2\/media\/66913"}],"wp:attachment":[{"href":"https:\/\/orheifm.live\/index.php\/wp-json\/wp\/v2\/media?parent=66912"}],"wp:term":[{"taxonomy":"category","embeddable":true,"href":"https:\/\/orheifm.live\/index.php\/wp-json\/wp\/v2\/categories?post=66912"},{"taxonomy":"post_tag","embeddable":true,"href":"https:\/\/orheifm.live\/index.php\/wp-json\/wp\/v2\/tags?post=66912"}],"curies":[{"name":"wp","href":"https:\/\/api.w.org\/{rel}","templated":true}]}}