{"id":66910,"date":"2025-02-11T20:25:49","date_gmt":"2025-02-11T18:25:49","guid":{"rendered":"https:\/\/orheifm.live\/index.php\/2025\/02\/11\/la-intrebarea-canal5-veronica-dragalin-refuza-sa-dezvaluie-oficiali-pas-implicati-in-dosare-penale-dosarele-sunt-confidentiale-video\/"},"modified":"2025-02-11T20:25:49","modified_gmt":"2025-02-11T18:25:49","slug":"la-intrebarea-canal5-veronica-dragalin-refuza-sa-dezvaluie-oficiali-pas-implicati-in-dosare-penale-dosarele-sunt-confidentiale-video","status":"publish","type":"post","link":"https:\/\/orheifm.live\/index.php\/2025\/02\/11\/la-intrebarea-canal5-veronica-dragalin-refuza-sa-dezvaluie-oficiali-pas-implicati-in-dosare-penale-dosarele-sunt-confidentiale-video\/","title":{"rendered":"La \u00eentrebarea CANAL5, Veronica Dragalin refuz\u0103 s\u0103 dezv\u0103luie oficiali PAS implica\u021bi \u00een dosare penale: \u201eDosarele sunt confiden\u021biale\u201d |VIDEO"},"content":{"rendered":"<div>\n<p>\u0218<strong>efa Procuraturii Anticorup\u021bie, Veronica Dragalin, refuz\u0103 s\u0103 spune ce oficiali PAS ar figura \u00een dosare penale. Ea continu\u0103 s\u0103 p\u0103streze \u00een t\u0103cere \u0219i numele demnitarilor de la putere care i-au cerut s\u0103 plece din func\u021bia pe care o de\u021bine, lucru pe care l-a anun\u021bat acum o s\u0103pt\u0103m\u00e2n\u0103 \u00eentr-un platou de televiziune. <\/strong><br \/>\n<iframe loading=\"lazy\" title=\"YouTube video player\" src=\"https:\/\/www.youtube.com\/embed\/R2xbTgcKDh0?si=ty_WdoniintjiSHd\" width=\"560\" height=\"315\" frameborder=\"0\" allowfullscreen=\"allowfullscreen\"><\/iframe><br \/>\nEa \u0219i-a exprimat speran\u021ba c\u0103 institu\u021bia pe care o conduce nu va fi desfiin\u021bat\u0103 \u0219i \u00ee\u0219i va putea \u00eendeplini atribu\u021biile de procuror anticorup\u021bie p\u00e2n\u0103 la \u00eencheierea mandatului.<\/p>\n<p>Dup\u0103 ce, \u00eentr-o emisiune televizat\u0103, \u0219efa Procuraturii Anticorup\u021bie, Veronica Dragalin, a declarat c\u0103 persoane din v\u00e2rful puterii i-ar fi cerut s\u0103 demisioneze, \u00een ciuda separ\u0103rii puterilor \u00een stat, subliniind c\u0103 evaluarea performan\u021bei procurorilor este de competen\u021ba Consiliului Superior al Procurorilor, nu a politicienilor, aceasta a ales s\u0103 r\u0103m\u00e2n\u0103 t\u0103cut\u0103 \u0219i s\u0103 nu dezv\u0103luie numele membrilor PAS care i-ar fi sugerat s\u0103 p\u0103r\u0103seasc\u0103 func\u021bia.<\/p>\n<p>\u00centrebat\u0103 de reporterul Canal 5 despre membrii partidului aflat la guvernare care figureaz\u0103 \u00een dosarele penale aflate \u00een gestionarea Procuraturii Anticorup\u021bie, aceasta a evitat s\u0103 r\u0103spund\u0103, invoc\u00e2nd secretul anchetei.<\/p>\n<p>VERONICA DRAGALIN, procurorul-\u0219ef al Procuraturii Anticorup\u021bie<\/p>\n<p>-Dar a\u021bi putea s\u0103-mi spune\u021bi mai exact numele, prenumele persoanelor?<\/p>\n<p>-Nu, nu voi r\u0103spunde la aceast\u0103 \u00eentrebare!<\/p>\n<p>-Dar a\u021bi putea s\u0103-mi spune\u021bi, \u00een cadrul c\u0103ror dosare figureaz\u0103 numele unor membri PAS?<\/p>\n<p>-Noi nu d\u0103m a\u0219a fel de informa\u021bie public\u0103, dosarele care sunt \u00een lucru sunt confiden\u021biale. La un anumit punct, ajunge o etap\u0103 c\u00e2nd lucrurile devin mai cunoscute pentru c\u0103 de exemplu sunt efectuate perchezi\u021bii \u0219i doar atunci putem confirma unele detalii.<\/p>\n<p>De exemplu, institu\u021bie vizat\u0103 sau func\u021bie de persoan\u0103 care este vizat\u0103, dar p\u00e2n\u0103 \u00een prezent \u00eenc\u0103 nu avem a\u0219a fel de informa\u021bie care poate fi dat\u0103 public din punct de vedere al interesului de a proteja investiga\u021biile care sunt \u00een derulare.<\/p>\n<p>Cert e c\u0103 \u00een anchete nu figureaz\u0103 numele fostului ministru al Infrastructurii, Andrei Sp\u00eenu, \u00een mandatul c\u0103ruia a fost construit cel mai scump drum din istoria \u021b\u0103rii, Leova-Bumb\u0103ta, \u0219i, \u00een plus, cu licita\u021bii desf\u0103\u0219urate cu \u00eenc\u0103lc\u0103ri.<\/p>\n<p>VERONICA DRAGALIN, procurorul-\u0219ef al Procuraturii Anticorup\u021bie<\/p>\n<p>-Din punct de vedere de statut de \u00eenvinuit sau b\u0103nuit pe acest dosar erau doar dou\u0103 persoane care nu \u00eel include pe dl Sp\u00eenu.<\/p>\n<p>-Pentru final, este ultima \u00eentrebare dac\u0103 totu\u0219i fa fi lichidat\u0103 sau nu PA?<\/p>\n<p>-Eu sper foarte mult c\u0103 nu!<\/p>\n<p>Amintim c\u0103, dup\u0103 ce ministrul Justi\u021biei, Veronica Mihailov- Moraru a anun\u021bat c\u0103 Procuratura Anticorup\u021bie ar putea s\u0103 fuzioneze cu Procuratura pentru Combaterea Criminalit\u0103\u021bii Organizate \u0219i Cauze Speciale, Veronica Dragalin a declarat c\u0103 se opune \u0219i nu \u00een\u021belege rostul modific\u0103rilor propuse de Ministerul Justi\u021biei.<\/p>\n<p>Unele voci din spa\u021biul public spun \u00eens\u0103 c\u0103 \u00een acest fel, guvernarea ar vrea s\u0103 scape de Dragalin. \u00cen ce prive\u0219te drumul Leova-Bumb\u0103ta, proiectul de construc\u021bie a acestuia a costat 280 de milioane de lei.<\/p>\n<p>Procuratura Anticorup\u021bie ancheteaz\u0103 proiectul \u00eentr-o cauz\u0103 penal\u0103 pentru \u201eabuz de putere \u0219i abuz de serviciu\u201d, \u00een care \u0219eful Administra\u021biei de Stat a Drumurilor a primit statut de \u00eenvinuit. Acesta a respins acuza\u021biile \u015fi a declarat c\u0103 la mijloc, de fapt, ar sta interese ascunse a unor persoane, dar a refuzat s\u0103 ofere alte detalii.<\/p>\n<\/div>\n","protected":false},"excerpt":{"rendered":"<div><img loading=\"lazy\" decoding=\"async\" width=\"696\" height=\"458\" src=\"https:\/\/canal5.md\/wp-content\/uploads\/2024\/04\/727154-jpg-optimized.webp\" class=\"attachment-large size-large wp-post-image\" alt=\"\" srcset=\"https:\/\/canal5.md\/wp-content\/uploads\/2024\/04\/727154-jpg-optimized.webp 760w, https:\/\/canal5.md\/wp-content\/uploads\/2024\/04\/727154-300x197-optimized.webp 300w, https:\/\/canal5.md\/wp-content\/uploads\/2024\/04\/727154-696x458-optimized.webp 696w\">\u0218efa Procuraturii Anticorup\u021bie, Veronica Dragalin, refuz\u0103 s\u0103 spune ce oficiali PAS ar figura \u00een dosare penale. Ea continu\u0103 s\u0103 p\u0103streze \u00een t\u0103cere \u0219i numele demnitarilor de la putere care i-au cerut s\u0103 plece din func\u021bia pe care o de\u021bine, lucru pe care l-a anun\u021bat acum o s\u0103pt\u0103m\u00e2n\u0103 \u00eentr-un platou de televiziune. Ea \u0219i-a exprimat speran\u021ba [\u2026]<\/div>\n","protected":false},"author":1,"featured_media":66911,"comment_status":"closed","ping_status":"closed","sticky":false,"template":"","format":"standard","meta":{"jnews-multi-image_gallery":[],"jnews_single_post":[],"jnews_primary_category":[],"jnews_social_meta":[],"jnews_override_counter":[],"footnotes":""},"categories":[23],"tags":[],"class_list":["post-66910","post","type-post","status-publish","format-standard","has-post-thumbnail","hentry","category-politica_ro"],"_links":{"self":[{"href":"https:\/\/orheifm.live\/index.php\/wp-json\/wp\/v2\/posts\/66910","targetHints":{"allow":["GET"]}}],"collection":[{"href":"https:\/\/orheifm.live\/index.php\/wp-json\/wp\/v2\/posts"}],"about":[{"href":"https:\/\/orheifm.live\/index.php\/wp-json\/wp\/v2\/types\/post"}],"author":[{"embeddable":true,"href":"https:\/\/orheifm.live\/index.php\/wp-json\/wp\/v2\/users\/1"}],"replies":[{"embeddable":true,"href":"https:\/\/orheifm.live\/index.php\/wp-json\/wp\/v2\/comments?post=66910"}],"version-history":[{"count":0,"href":"https:\/\/orheifm.live\/index.php\/wp-json\/wp\/v2\/posts\/66910\/revisions"}],"wp:featuredmedia":[{"embeddable":true,"href":"https:\/\/orheifm.live\/index.php\/wp-json\/wp\/v2\/media\/66911"}],"wp:attachment":[{"href":"https:\/\/orheifm.live\/index.php\/wp-json\/wp\/v2\/media?parent=66910"}],"wp:term":[{"taxonomy":"category","embeddable":true,"href":"https:\/\/orheifm.live\/index.php\/wp-json\/wp\/v2\/categories?post=66910"},{"taxonomy":"post_tag","embeddable":true,"href":"https:\/\/orheifm.live\/index.php\/wp-json\/wp\/v2\/tags?post=66910"}],"curies":[{"name":"wp","href":"https:\/\/api.w.org\/{rel}","templated":true}]}}