{"id":66895,"date":"2025-02-11T18:23:00","date_gmt":"2025-02-11T16:23:00","guid":{"rendered":"https:\/\/orheifm.live\/index.php\/2025\/02\/11\/marina-tauber-a-anuntat-ca-datorita-sprijinului-lui-ilan-sor-si-ong-ului-eurasia-la-balti-va-fi-ridicat-un-monument-in-cinstea-marelui-scriitor-rus-a-s-puskin\/"},"modified":"2025-02-11T18:23:00","modified_gmt":"2025-02-11T16:23:00","slug":"marina-tauber-a-anuntat-ca-datorita-sprijinului-lui-ilan-sor-si-ong-ului-eurasia-la-balti-va-fi-ridicat-un-monument-in-cinstea-marelui-scriitor-rus-a-s-puskin","status":"publish","type":"post","link":"https:\/\/orheifm.live\/index.php\/2025\/02\/11\/marina-tauber-a-anuntat-ca-datorita-sprijinului-lui-ilan-sor-si-ong-ului-eurasia-la-balti-va-fi-ridicat-un-monument-in-cinstea-marelui-scriitor-rus-a-s-puskin\/","title":{"rendered":"Marina Tauber a anun\u021bat c\u0103 datorit\u0103 sprijinului lui Ilan \u0218or \u0219i ONG-ului \u201eEurasia\u201d, la B\u0103l\u021bi, va fi ridicat un monument \u00een cinstea marelui scriitor rus A.S. Pu\u0219kin"},"content":{"rendered":"<div>\n<p><strong>Reprezentan\u021bii blocului \u201eVictorie\u201d au onorat memoria marelui scriitor rus Alexandr Sergeevici Pu\u0219kin cu ocazia celei de-a 188-a anivers\u0103ri de la moartea sa. \u00cen semn de respect \u0219i recunoa\u0219tere a valorii operei sale literare, au fost depuse flori la monumentele din Chi\u0219in\u0103u, Orhei, Comrat \u0219i F\u0103le\u0219ti.<\/strong><\/p>\n<p>Liderul blocului \u201eVictorie\u201d, Ilan \u0218or, a subliniat c\u0103 va sus\u021bine promovarea \u0219i popularizarea operei lui Pu\u0219kin.<\/p>\n<p>\u201e\u00cen tinere\u021be, Pu\u0219kin a tr\u0103it c\u00e2\u021biva ani \u00een Basarabia \u2013 s-a \u00eemprietenit cu intelectualitatea local\u0103. Datorit\u0103 lui, \u021bara noastr\u0103 a intrat \u00een istoria literaturii mondiale. \u00cei aducem mul\u021bumiri marelui poet, de\u0219i actualele autorit\u0103\u021bi moldovene\u0219ti \u00eencearc\u0103 s\u0103 \u0219tearg\u0103 amintirea trecutului. Dar ei vor pleca cur\u00e2nd, iar Pu\u0219kin va r\u0103m\u00e2ne \u00een ve\u0219nicie\u201d, a scris Ilan \u0218or pe re\u021belele sociale.<\/p>\n<p>Vadim Fotescu, deputat \u00een grupul parlamentar \u201eVictorie\u201d, a subliniat importan\u021ba lui Pu\u0219kin \u00een cultura mondial\u0103.<\/p>\n<p>\u201eAst\u0103zi, noi cinstim memoria marelui poet rus Alexandr Pu\u0219kin, recunoscut \u0219i iubit \u00een \u00eentreaga lume. \u00cenc\u0103 din copil\u0103rie citim textele sale, iar odat\u0103 ce mai cre\u0219tem, ne familiariz\u0103m cu operele mai serioase scrise de acest poet rebel, promov\u00e2nd valori precum onestitatea, demnitatea \u0219i dragostea pentru patrie\u201d, a spus el.<\/p>\n<p>Reghina Apostolova, vicepre\u0219edinte al grupului parlamentar \u201eVictorie\u201d, a subliniat leg\u0103tura special\u0103 a poetului cu Moldova: \u201ePe 21 septembrie 1820, Pu\u0219kin, dup\u0103 ce a trecut prin Caucaz, Crimeea \u0219i Odesa, a ajuns la Chi\u0219in\u0103u. A stat pu\u021bin \u00een Moldova, dar \u00een aceast\u0103 perioad\u0103 a scris peste 220 de lucr\u0103ri. Sunt convins\u0103 c\u0103 marele scriitor rus, marele Pu\u0219kin tr\u0103ie\u0219te \u0219i va tr\u0103i ve\u0219nic.\u201d<\/p>\n<p>De asemenea, tinerii din aripa de tineret a blocului \u201eVictorie\u201d au depus flori la monumentul lui Pu\u0219kin din Chi\u0219in\u0103u, subliniind respectul lor fa\u021b\u0103 de opera scriitorului. \u201eAm omagiat memoria marelui poet! Ne raport\u0103m cu profund respect la opera sa\u201d, a declarat Iuri Vitneanski, pre\u0219edintele aripei de tineret a blocului \u201eVictorie\u201d.<\/p>\n<p>\u00cen ora\u0219ul Orhei, la ceremonie au participat at\u00e2t reprezentan\u021bi ai blocului \u201eVictorie\u201d, c\u00e2t \u0219i autorit\u0103\u021bi locale \u0219i raionale, care au depus flori la bustul lui Pu\u0219kin. Primarul municipiului Orhei, Tatiana Cociu, a declarat: \u201eAst\u0103zi ne-am adunat pentru a omagia memoria marelui poet rus A.S. Pu\u0219kin. De\u0219i a tr\u0103it pu\u021bin \u00een Moldova, el a l\u0103sat un patrimoniu literar imens, recunoscut \u00een \u00eentreaga lume. Datoria noastr\u0103 este s\u0103 p\u0103str\u0103m acest patrimoniu pentru copiii \u0219i nepo\u021bii no\u0219tri.\u201d<\/p>\n<p>Pavel Verejanu, fost primar al municipiului Orhei \u0219i reprezentant al blocului \u201eVictorie\u201d, a subliniat caracterul excep\u021bional al personalit\u0103\u021bii lui Pu\u0219kin: \u201eScriitorul s-a aflat \u00een Moldova \u00een exil, ceea ce subliniaz\u0103 faptul c\u0103 a fost o persoan\u0103 special\u0103. El a fost un lupt\u0103tor al vremii sale. Ne amintim c\u0103 tocmai aici Pu\u0219kin a scris \u201ePrizonierul din Caucaz\u201d, \u201eF\u00e2nt\u00e2na din Bahcisarai\u201d, \u201eC\u00e2ntecul despre Oleg cel V\u0103z\u0103tor\u201d \u0219i a \u00eenceput romanul \u201eEvghenii Oneghin\u201d.<\/p>\n<p>La Comrat, conducerea autonomiei, reprezentat\u0103 de ba\u0219canul G\u0103g\u0103uziei, Evghenia Gu\u021bul, pre\u0219edintele Adun\u0103rii Populare, Dmitri Constantinov, deputa\u021bi \u0219i localnici au depus flori la bustul lui Pu\u0219kin.<\/p>\n<p>\u201cOpera lui Alexandr Pu\u0219kin a \u00eembog\u0103\u021bit literatura mondial\u0103 \u0219i a devenit o mo\u0219tenire inestimabil\u0103 pentru to\u021bi vorbitorii de limb\u0103 rus\u0103. \u00cempreun\u0103 cu pre\u0219edintele Adun\u0103rii Populare, Dmitri Constantinov, \u0219i membrii executivului, am depus flori la bustul marelui poet din Comrat cu ocazia celei de-a 188-a anivers\u0103ri de la moartea sa. \u00cen vremurile noastre, c\u00e2nd politicienii \u00eencearc\u0103 f\u0103r\u0103 ru\u0219ine s\u0103 rescrie istoria \u0219i s\u0103 distrug\u0103 leg\u0103turile culturale \u00eentre popoarele noastre, mo\u0219tenirea lui Pu\u0219kin ne une\u0219te \u0219i ne solidarizeaz\u0103 \u00eentr-un spa\u021biu cultural \u0219i spiritual comun\u201d, a declarat ba\u0219canul Evghenia Gu\u021bul.<\/p>\n<p>Echipa din B\u0103l\u021bi \u0219i reprezentan\u021bii regiunilor de nord ale blocului \u201eVictorie\u201d au depus flori la F\u0103le\u0219ti, deoarece \u00een B\u0103l\u021bi nu exist\u0103 \u00eenc\u0103 un monument dedicat lui Alexandr Pu\u0219kin.<\/p>\n<p>\u201eOpera sa r\u0103m\u00e2ne un simbol al unit\u0103\u021bii \u0219i al for\u021bei spirituale a poporului. P\u0103strarea memoriei despre Pu\u0219kin este datoria noastr\u0103. Astfel de evenimente consolideaz\u0103 leg\u0103tura istoric\u0103 dintre genera\u021bii \u0219i ne amintesc de valorile eterne ale culturii noastre\u201d, a declarat la F\u0103le\u0219ti deputatul Alexandr Nesterovschi.<\/p>\n<p>Cu aceast\u0103 ocazie, secretarul executiv al executivului blocului \u201eVictorie\u201d, Marina Tauber, a anun\u021bat ini\u021biativa de a ridica un nou monument la B\u0103l\u021bi \u00een memoria scriitorului, subliniind influen\u021ba pe care Pu\u0219kin a avut-o asupra culturii locale.<\/p>\n<p>\u201eAst\u0103zi, de Ziua memoriei lui Alexandr Pu\u0219kin, blocul \u201eVictorie\u201d, cu sprijinul ONG-ului \u201eEurasia\u201d \u0219i al lui Ilan \u0218or, vine cu ini\u021biativa de a ridica un monument dedicat marelui poet \u00een B\u0103l\u021bi. Pu\u0219kin a petrecut aproximativ trei ani \u00een Basarabia, studiind cu aten\u021bie via\u021ba, tradi\u021biile \u0219i limba popula\u021biei locale. Aici a g\u0103sit inspira\u021bie pentru operele sale nemuritoare, iar ast\u0103zi scriitorul este pe bun\u0103 dreptate considerat primul colector al folclorului moldovenesc! Ideea ridic\u0103rii unui monument \u00een cinstea sa la B\u0103l\u021bi a fost discutat\u0103 la diferite niveluri. Echipa noastr\u0103, condus\u0103 de Ilan Mironovici, inten\u021bioneaz\u0103 s\u0103 se adreseze prim\u0103riei din B\u0103l\u021bi cu propunerea de a ridica monumentul, s\u0103 discute toate detaliile necesare cu conducerea ora\u0219ului \u0219i s\u0103 sus\u021bin\u0103 pe deplin realizarea acestei ini\u021biative\u201d, a subliniat deputatul.<\/p>\n<p>Amintim c\u0103, \u00een 2020, frac\u021biunea Partidului \u201e\u0218or\u201d a \u00eenaintat \u00een parlament un proiect de hot\u0103r\u00e2re privind instituirea \u00een Republica Moldova a Zilei culturii ruse, care s\u0103 fie s\u0103rb\u0103torit\u0103 pe 6 iunie, \u00een ziua na\u0219terii poetului. Din p\u0103cate, m\u00e2ndria politic\u0103 a unora s-a dovedit a fi mai presus de dragostea fa\u021b\u0103 de Pu\u0219kin. Lupta pentru promovarea culturii ruse \u0219i p\u0103strarea memoriei poetului continu\u0103. De aceea, ast\u0103zi a fost propus\u0103 ini\u021biativa de a ridica un monument la B\u0103l\u021bi.<\/p>\n<p>Pu\u0219kin, recunoscut drept un titan al literaturii ruse, a murit pe 10 februarie 1837, l\u0103s\u00e2nd \u00een urma sa o mo\u0219tenire literar\u0103 inestimabil\u0103. Operele sale nu doar c\u0103 reflect\u0103 complexitatea existen\u021bei umane, dar au \u0219i o semnifica\u021bie profund\u0103 pentru cultura \u0219i literatura mondial\u0103.<\/p>\n<p>\u00cen concluzie, trebuie men\u021bionat c\u0103 evenimentele de ast\u0103zi nu sunt doar un omagiu adus lui Alexandr Sergeevici Pu\u0219kin, ci \u0219i o confirmare a dorin\u021bei comunit\u0103\u021bii de a p\u0103stra memoria marelui poet, a c\u0103rui oper\u0103 va inspira genera\u021biile viitoare.<img loading=\"lazy\" decoding=\"async\" class=\"alignnone size-full wp-image-73861\" src=\"https:\/\/orheifm.live\/wp-content\/uploads\/2025\/02\/photo_2025-02-11_18-20-42-optimized.jpg\" alt=\"\" width=\"800\" height=\"600\" srcset=\"https:\/\/orheifm.live\/wp-content\/uploads\/2025\/02\/photo_2025-02-11_18-20-42-optimized.jpg 800w, https:\/\/canal5.md\/wp-content\/uploads\/2025\/02\/photo_2025-02-11_18-20-42-300x225-optimized.jpg 300w, https:\/\/canal5.md\/wp-content\/uploads\/2025\/02\/photo_2025-02-11_18-20-42-768x576-optimized.jpg 768w, https:\/\/canal5.md\/wp-content\/uploads\/2025\/02\/photo_2025-02-11_18-20-42-696x522-optimized.jpg 696w\" sizes=\"auto, (max-width: 800px) 100vw, 800px\"> <img loading=\"lazy\" decoding=\"async\" class=\"alignnone size-full wp-image-73862\" src=\"https:\/\/orheifm.live\/wp-content\/uploads\/2025\/02\/photo_2025-02-11_18-20-39-optimized.jpg\" alt=\"\" width=\"1280\" height=\"960\" srcset=\"https:\/\/orheifm.live\/wp-content\/uploads\/2025\/02\/photo_2025-02-11_18-20-39-optimized.jpg 1280w, https:\/\/canal5.md\/wp-content\/uploads\/2025\/02\/photo_2025-02-11_18-20-39-300x225-optimized.jpg 300w, https:\/\/canal5.md\/wp-content\/uploads\/2025\/02\/photo_2025-02-11_18-20-39-1024x768-optimized.jpg 1024w, https:\/\/canal5.md\/wp-content\/uploads\/2025\/02\/photo_2025-02-11_18-20-39-768x576-optimized.jpg 768w, https:\/\/canal5.md\/wp-content\/uploads\/2025\/02\/photo_2025-02-11_18-20-39-696x522-optimized.jpg 696w, https:\/\/canal5.md\/wp-content\/uploads\/2025\/02\/photo_2025-02-11_18-20-39-1068x801-optimized.jpg 1068w\" sizes=\"auto, (max-width: 1280px) 100vw, 1280px\"> <img loading=\"lazy\" decoding=\"async\" class=\"alignnone size-full wp-image-73863\" src=\"https:\/\/orheifm.live\/wp-content\/uploads\/2025\/02\/photo_2025-02-11_18-20-35-optimized.jpg\" alt=\"\" width=\"1280\" height=\"853\" srcset=\"https:\/\/orheifm.live\/wp-content\/uploads\/2025\/02\/photo_2025-02-11_18-20-35-optimized.jpg 1280w, https:\/\/canal5.md\/wp-content\/uploads\/2025\/02\/photo_2025-02-11_18-20-35-300x200-optimized.jpg 300w, https:\/\/canal5.md\/wp-content\/uploads\/2025\/02\/photo_2025-02-11_18-20-35-1024x682-optimized.jpg 1024w, https:\/\/canal5.md\/wp-content\/uploads\/2025\/02\/photo_2025-02-11_18-20-35-768x512-optimized.jpg 768w, https:\/\/canal5.md\/wp-content\/uploads\/2025\/02\/photo_2025-02-11_18-20-35-696x464-optimized.jpg 696w, https:\/\/canal5.md\/wp-content\/uploads\/2025\/02\/photo_2025-02-11_18-20-35-1068x712-optimized.jpg 1068w\" sizes=\"auto, (max-width: 1280px) 100vw, 1280px\"> <img loading=\"lazy\" decoding=\"async\" class=\"alignnone size-full wp-image-73864\" src=\"https:\/\/orheifm.live\/wp-content\/uploads\/2025\/02\/photo_2025-02-11_18-20-32-optimized.jpg\" alt=\"\" width=\"810\" height=\"1080\" srcset=\"https:\/\/orheifm.live\/wp-content\/uploads\/2025\/02\/photo_2025-02-11_18-20-32-optimized.jpg 810w, https:\/\/canal5.md\/wp-content\/uploads\/2025\/02\/photo_2025-02-11_18-20-32-225x300-optimized.jpg 225w, https:\/\/canal5.md\/wp-content\/uploads\/2025\/02\/photo_2025-02-11_18-20-32-768x1024-optimized.jpg 768w, https:\/\/canal5.md\/wp-content\/uploads\/2025\/02\/photo_2025-02-11_18-20-32-696x928-optimized.jpg 696w\" sizes=\"auto, (max-width: 810px) 100vw, 810px\"> <img loading=\"lazy\" decoding=\"async\" class=\"alignnone size-full wp-image-73865\" src=\"https:\/\/orheifm.live\/wp-content\/uploads\/2025\/02\/photo_2025-02-11_18-20-29-optimized.jpg\" alt=\"\" width=\"1280\" height=\"960\" srcset=\"https:\/\/orheifm.live\/wp-content\/uploads\/2025\/02\/photo_2025-02-11_18-20-29-optimized.jpg 1280w, https:\/\/canal5.md\/wp-content\/uploads\/2025\/02\/photo_2025-02-11_18-20-29-300x225-optimized.jpg 300w, https:\/\/canal5.md\/wp-content\/uploads\/2025\/02\/photo_2025-02-11_18-20-29-1024x768-optimized.jpg 1024w, https:\/\/canal5.md\/wp-content\/uploads\/2025\/02\/photo_2025-02-11_18-20-29-768x576-optimized.jpg 768w, https:\/\/canal5.md\/wp-content\/uploads\/2025\/02\/photo_2025-02-11_18-20-29-696x522-optimized.jpg 696w, https:\/\/canal5.md\/wp-content\/uploads\/2025\/02\/photo_2025-02-11_18-20-29-1068x801-optimized.jpg 1068w\" sizes=\"auto, (max-width: 1280px) 100vw, 1280px\"> <img loading=\"lazy\" decoding=\"async\" class=\"alignnone size-full wp-image-73866\" src=\"https:\/\/orheifm.live\/wp-content\/uploads\/2025\/02\/photo_2025-02-11_18-20-26-optimized.jpg\" alt=\"\" width=\"721\" height=\"1080\" srcset=\"https:\/\/orheifm.live\/wp-content\/uploads\/2025\/02\/photo_2025-02-11_18-20-26-optimized.jpg 721w, https:\/\/canal5.md\/wp-content\/uploads\/2025\/02\/photo_2025-02-11_18-20-26-200x300-optimized.jpg 200w, https:\/\/canal5.md\/wp-content\/uploads\/2025\/02\/photo_2025-02-11_18-20-26-684x1024-optimized.jpg 684w, https:\/\/canal5.md\/wp-content\/uploads\/2025\/02\/photo_2025-02-11_18-20-26-696x1043-optimized.jpg 696w\" sizes=\"auto, (max-width: 721px) 100vw, 721px\"> <img loading=\"lazy\" decoding=\"async\" class=\"alignnone size-full wp-image-73867\" src=\"https:\/\/orheifm.live\/wp-content\/uploads\/2025\/02\/photo_2025-02-11_18-20-23-optimized.jpg\" alt=\"\" width=\"1280\" height=\"960\" srcset=\"https:\/\/orheifm.live\/wp-content\/uploads\/2025\/02\/photo_2025-02-11_18-20-23-optimized.jpg 1280w, https:\/\/canal5.md\/wp-content\/uploads\/2025\/02\/photo_2025-02-11_18-20-23-300x225-optimized.jpg 300w, https:\/\/canal5.md\/wp-content\/uploads\/2025\/02\/photo_2025-02-11_18-20-23-1024x768-optimized.jpg 1024w, https:\/\/canal5.md\/wp-content\/uploads\/2025\/02\/photo_2025-02-11_18-20-23-768x576-optimized.jpg 768w, https:\/\/canal5.md\/wp-content\/uploads\/2025\/02\/photo_2025-02-11_18-20-23-696x522-optimized.jpg 696w, https:\/\/canal5.md\/wp-content\/uploads\/2025\/02\/photo_2025-02-11_18-20-23-1068x801-optimized.jpg 1068w\" sizes=\"auto, (max-width: 1280px) 100vw, 1280px\"> <img loading=\"lazy\" decoding=\"async\" class=\"alignnone size-full wp-image-73868\" src=\"https:\/\/orheifm.live\/wp-content\/uploads\/2025\/02\/photo_2025-02-11_18-20-19-optimized.jpg\" alt=\"\" width=\"1280\" height=\"960\" srcset=\"https:\/\/orheifm.live\/wp-content\/uploads\/2025\/02\/photo_2025-02-11_18-20-19-optimized.jpg 1280w, https:\/\/canal5.md\/wp-content\/uploads\/2025\/02\/photo_2025-02-11_18-20-19-300x225-optimized.jpg 300w, https:\/\/canal5.md\/wp-content\/uploads\/2025\/02\/photo_2025-02-11_18-20-19-1024x768-optimized.jpg 1024w, https:\/\/canal5.md\/wp-content\/uploads\/2025\/02\/photo_2025-02-11_18-20-19-768x576-optimized.jpg 768w, https:\/\/canal5.md\/wp-content\/uploads\/2025\/02\/photo_2025-02-11_18-20-19-696x522-optimized.jpg 696w, https:\/\/canal5.md\/wp-content\/uploads\/2025\/02\/photo_2025-02-11_18-20-19-1068x801-optimized.jpg 1068w\" sizes=\"auto, (max-width: 1280px) 100vw, 1280px\"> <img loading=\"lazy\" decoding=\"async\" class=\"alignnone size-full wp-image-73869\" src=\"https:\/\/orheifm.live\/wp-content\/uploads\/2025\/02\/photo_2025-02-11_18-20-16-optimized.jpg\" alt=\"\" width=\"800\" height=\"534\" srcset=\"https:\/\/orheifm.live\/wp-content\/uploads\/2025\/02\/photo_2025-02-11_18-20-16-optimized.jpg 800w, https:\/\/canal5.md\/wp-content\/uploads\/2025\/02\/photo_2025-02-11_18-20-16-300x200-optimized.jpg 300w, https:\/\/canal5.md\/wp-content\/uploads\/2025\/02\/photo_2025-02-11_18-20-16-768x513-optimized.jpg 768w, https:\/\/canal5.md\/wp-content\/uploads\/2025\/02\/photo_2025-02-11_18-20-16-696x465-optimized.jpg 696w\" sizes=\"auto, (max-width: 800px) 100vw, 800px\"><\/p>\n<\/div>\n","protected":false},"excerpt":{"rendered":"<div><img loading=\"lazy\" decoding=\"async\" width=\"696\" height=\"464\" src=\"https:\/\/canal5.md\/wp-content\/uploads\/2025\/02\/photo_2025-02-11_18-20-10-1024x683-optimized.jpg\" class=\"attachment-large size-large wp-post-image\" alt=\"\" srcset=\"https:\/\/canal5.md\/wp-content\/uploads\/2025\/02\/photo_2025-02-11_18-20-10-1024x683-optimized.jpg 1024w, https:\/\/canal5.md\/wp-content\/uploads\/2025\/02\/photo_2025-02-11_18-20-10-300x200-optimized.jpg 300w, https:\/\/canal5.md\/wp-content\/uploads\/2025\/02\/photo_2025-02-11_18-20-10-768x512-optimized.jpg 768w, https:\/\/canal5.md\/wp-content\/uploads\/2025\/02\/photo_2025-02-11_18-20-10-696x464-optimized.jpg 696w, https:\/\/canal5.md\/wp-content\/uploads\/2025\/02\/photo_2025-02-11_18-20-10-1068x713-optimized.jpg 1068w, https:\/\/canal5.md\/wp-content\/uploads\/2025\/02\/photo_2025-02-11_18-20-10-optimized.jpg 1280w\">Reprezentan\u021bii blocului \u201eVictorie\u201d au onorat memoria marelui scriitor rus Alexandr Sergeevici Pu\u0219kin cu ocazia celei de-a 188-a anivers\u0103ri de la moartea sa. \u00cen semn de respect \u0219i recunoa\u0219tere a valorii operei sale literare, au fost depuse flori la monumentele din Chi\u0219in\u0103u, Orhei, Comrat \u0219i F\u0103le\u0219ti. Liderul blocului \u201eVictorie\u201d, Ilan \u0218or, a subliniat c\u0103 va sus\u021bine [\u2026]<\/div>\n","protected":false},"author":1,"featured_media":66896,"comment_status":"closed","ping_status":"closed","sticky":false,"template":"","format":"standard","meta":{"jnews-multi-image_gallery":[],"jnews_single_post":[],"jnews_primary_category":[],"jnews_social_meta":[],"jnews_override_counter":[],"footnotes":""},"categories":[30],"tags":[],"class_list":["post-66895","post","type-post","status-publish","format-standard","has-post-thumbnail","hentry","category-social_ro"],"_links":{"self":[{"href":"https:\/\/orheifm.live\/index.php\/wp-json\/wp\/v2\/posts\/66895","targetHints":{"allow":["GET"]}}],"collection":[{"href":"https:\/\/orheifm.live\/index.php\/wp-json\/wp\/v2\/posts"}],"about":[{"href":"https:\/\/orheifm.live\/index.php\/wp-json\/wp\/v2\/types\/post"}],"author":[{"embeddable":true,"href":"https:\/\/orheifm.live\/index.php\/wp-json\/wp\/v2\/users\/1"}],"replies":[{"embeddable":true,"href":"https:\/\/orheifm.live\/index.php\/wp-json\/wp\/v2\/comments?post=66895"}],"version-history":[{"count":0,"href":"https:\/\/orheifm.live\/index.php\/wp-json\/wp\/v2\/posts\/66895\/revisions"}],"wp:featuredmedia":[{"embeddable":true,"href":"https:\/\/orheifm.live\/index.php\/wp-json\/wp\/v2\/media\/66896"}],"wp:attachment":[{"href":"https:\/\/orheifm.live\/index.php\/wp-json\/wp\/v2\/media?parent=66895"}],"wp:term":[{"taxonomy":"category","embeddable":true,"href":"https:\/\/orheifm.live\/index.php\/wp-json\/wp\/v2\/categories?post=66895"},{"taxonomy":"post_tag","embeddable":true,"href":"https:\/\/orheifm.live\/index.php\/wp-json\/wp\/v2\/tags?post=66895"}],"curies":[{"name":"wp","href":"https:\/\/api.w.org\/{rel}","templated":true}]}}