{"id":66893,"date":"2025-02-11T17:40:14","date_gmt":"2025-02-11T15:40:14","guid":{"rendered":"https:\/\/orheifm.live\/index.php\/2025\/02\/11\/soc-in-coreea-de-sud-o-profesoara-a-injunghiat-mortal-o-eleva-de-8-ani\/"},"modified":"2025-02-11T17:40:14","modified_gmt":"2025-02-11T15:40:14","slug":"soc-in-coreea-de-sud-o-profesoara-a-injunghiat-mortal-o-eleva-de-8-ani","status":"publish","type":"post","link":"https:\/\/orheifm.live\/index.php\/2025\/02\/11\/soc-in-coreea-de-sud-o-profesoara-a-injunghiat-mortal-o-eleva-de-8-ani\/","title":{"rendered":"\u0218oc \u00een Coreea de Sud: O profesoar\u0103 a \u00eenjunghiat mortal o elev\u0103 de 8 ani"},"content":{"rendered":"<div>\n<p data-sourcepos=\"1:1-1:408\"><strong>O profesoar\u0103 \u00een v\u00e2rst\u0103 de aproximativ 40 de ani a \u0219ocat Coreea de Sud dup\u0103 ce a \u00eenjunghiat mortal o elev\u0103 de 8 ani \u00eentr-o \u0219coal\u0103 elementar\u0103 din Daejeon. Crima a avut loc luni seara, iar profesoara \u0219i victima au fost g\u0103site de poli\u021bie cu r\u0103ni provocate de o arm\u0103 alb\u0103. Din nefericire, fata a murit la spital din cauza r\u0103nilor, \u00een timp ce profesoara a fost operat\u0103 pentru r\u0103ni, cel mai probabil auto-provocate.<\/strong><\/p>\n<p data-sourcepos=\"3:1-3:255\">Conform anchetei, profesoara luase un concediu medical la sf\u00e2r\u0219itul anului trecut din cauza depresiei, dar se \u00eentorsese la \u0219coal\u0103 recent. Incidentul a avut loc dup\u0103 ore, \u00een timp ce fata r\u0103m\u0103sese la \u0219coal\u0103 pentru a studia \u0219i a participa la un curs de art\u0103.<\/p>\n<p data-sourcepos=\"5:1-5:305\">De\u0219i Coreea de Sud este considerat\u0103 o \u021bar\u0103 sigur\u0103, cu o rat\u0103 a omuciderilor sc\u0103zut\u0103, o serie de crime violente au zguduit \u021bara \u00een 2023. Acest tragic eveniment vine dup\u0103 alte atacuri cu cu\u021bitul, inclusiv un atac asupra unui profesor de liceu \u0219i un atac \u00eentr-un magazin, ambele petrecute \u00een aceea\u0219i regiune.<\/p>\n<p data-sourcepos=\"7:1-7:248\">Autorit\u0103\u021bile au anun\u021bat c\u0103 vor continua ancheta dup\u0103 recuperarea profesoarei. \u00centre timp, acest caz a l\u0103sat comunitatea \u0219i \u021bara \u00een stare de \u0219oc \u0219i a ridicat \u00eentreb\u0103ri despre m\u0103surile de siguran\u021b\u0103 \u00een \u0219coli \u0219i despre s\u0103n\u0103tatea mintal\u0103 a profesorilor.<\/p>\n<\/div>\n","protected":false},"excerpt":{"rendered":"<div><img loading=\"lazy\" decoding=\"async\" width=\"696\" height=\"392\" src=\"https:\/\/canal5.md\/wp-content\/uploads\/2025\/02\/3654a3ecedd80fdaade4bc99a200888189e89840614425a59dd9f677864619f9-1024x576-optimized.png\" class=\"attachment-large size-large wp-post-image\" alt=\"\" srcset=\"https:\/\/canal5.md\/wp-content\/uploads\/2025\/02\/3654a3ecedd80fdaade4bc99a200888189e89840614425a59dd9f677864619f9-1024x576-optimized.png 1024w, https:\/\/canal5.md\/wp-content\/uploads\/2025\/02\/3654a3ecedd80fdaade4bc99a200888189e89840614425a59dd9f677864619f9-300x169-optimized.png 300w, https:\/\/canal5.md\/wp-content\/uploads\/2025\/02\/3654a3ecedd80fdaade4bc99a200888189e89840614425a59dd9f677864619f9-768x432-optimized.png 768w, https:\/\/canal5.md\/wp-content\/uploads\/2025\/02\/3654a3ecedd80fdaade4bc99a200888189e89840614425a59dd9f677864619f9-696x392-optimized.png 696w, https:\/\/canal5.md\/wp-content\/uploads\/2025\/02\/3654a3ecedd80fdaade4bc99a200888189e89840614425a59dd9f677864619f9-1068x601-optimized.png 1068w, https:\/\/canal5.md\/wp-content\/uploads\/2025\/02\/3654a3ecedd80fdaade4bc99a200888189e89840614425a59dd9f677864619f9-optimized.png 1200w\">O profesoar\u0103 \u00een v\u00e2rst\u0103 de aproximativ 40 de ani a \u0219ocat Coreea de Sud dup\u0103 ce a \u00eenjunghiat mortal o elev\u0103 de 8 ani \u00eentr-o \u0219coal\u0103 elementar\u0103 din Daejeon. Crima a avut loc luni seara, iar profesoara \u0219i victima au fost g\u0103site de poli\u021bie cu r\u0103ni provocate de o arm\u0103 alb\u0103. Din nefericire, fata a [\u2026]<\/div>\n","protected":false},"author":1,"featured_media":66894,"comment_status":"closed","ping_status":"closed","sticky":false,"template":"","format":"standard","meta":{"jnews-multi-image_gallery":[],"jnews_single_post":[],"jnews_primary_category":[],"jnews_social_meta":[],"jnews_override_counter":[],"footnotes":""},"categories":[30],"tags":[],"class_list":["post-66893","post","type-post","status-publish","format-standard","has-post-thumbnail","hentry","category-social_ro"],"_links":{"self":[{"href":"https:\/\/orheifm.live\/index.php\/wp-json\/wp\/v2\/posts\/66893","targetHints":{"allow":["GET"]}}],"collection":[{"href":"https:\/\/orheifm.live\/index.php\/wp-json\/wp\/v2\/posts"}],"about":[{"href":"https:\/\/orheifm.live\/index.php\/wp-json\/wp\/v2\/types\/post"}],"author":[{"embeddable":true,"href":"https:\/\/orheifm.live\/index.php\/wp-json\/wp\/v2\/users\/1"}],"replies":[{"embeddable":true,"href":"https:\/\/orheifm.live\/index.php\/wp-json\/wp\/v2\/comments?post=66893"}],"version-history":[{"count":0,"href":"https:\/\/orheifm.live\/index.php\/wp-json\/wp\/v2\/posts\/66893\/revisions"}],"wp:featuredmedia":[{"embeddable":true,"href":"https:\/\/orheifm.live\/index.php\/wp-json\/wp\/v2\/media\/66894"}],"wp:attachment":[{"href":"https:\/\/orheifm.live\/index.php\/wp-json\/wp\/v2\/media?parent=66893"}],"wp:term":[{"taxonomy":"category","embeddable":true,"href":"https:\/\/orheifm.live\/index.php\/wp-json\/wp\/v2\/categories?post=66893"},{"taxonomy":"post_tag","embeddable":true,"href":"https:\/\/orheifm.live\/index.php\/wp-json\/wp\/v2\/tags?post=66893"}],"curies":[{"name":"wp","href":"https:\/\/api.w.org\/{rel}","templated":true}]}}