{"id":66883,"date":"2025-02-11T15:22:28","date_gmt":"2025-02-11T13:22:28","guid":{"rendered":"https:\/\/orheifm.live\/index.php\/2025\/02\/11\/ecaterina-maniuc-scoasa-din-penitenciar-pentru-urgenta-medicala-avocatul-victimei-ridica-semne-de-intrebare\/"},"modified":"2025-02-11T15:22:28","modified_gmt":"2025-02-11T13:22:28","slug":"ecaterina-maniuc-scoasa-din-penitenciar-pentru-urgenta-medicala-avocatul-victimei-ridica-semne-de-intrebare","status":"publish","type":"post","link":"https:\/\/orheifm.live\/index.php\/2025\/02\/11\/ecaterina-maniuc-scoasa-din-penitenciar-pentru-urgenta-medicala-avocatul-victimei-ridica-semne-de-intrebare\/","title":{"rendered":"Ecaterina Maniuc, scoas\u0103 din penitenciar pentru urgen\u021b\u0103 medical\u0103: Avocatul victimei ridic\u0103 semne de \u00eentrebare"},"content":{"rendered":"<div>\n<p><strong>Ecaterina Maniuc, doctori\u021ba acuzat\u0103 \u00een decesul Liubei Babu\u021bchi, a fost ieri scoas\u0103 din penitenciar \u0219i dus\u0103 la spitalul de Urgen\u021b\u0103. Potrivit purt\u0103torului de cuv\u00e2nt al Administra\u021biei Na\u021bionale a Penitenciarelor, aceasta s-a fi pl\u00e2ns de dureri insuportabile. De cealalt\u0103 parte, avocatul lui Roman Babu\u021bchi \u2013 so\u021bul femeii decedate, sus\u021bine c\u0103 acest lucru ar putea s\u0103 fie f\u0103cut doar cu un singur scop, ca Maniuc s\u0103 aib\u0103 acces liber \u00een comunicarea cu persoanele care cumva o ajut\u0103 s\u0103 reguleze situa\u021bia \u00een dosar.\u00a0<\/strong><br \/>\n<iframe loading=\"lazy\" title=\"YouTube video player\" src=\"https:\/\/www.youtube.com\/embed\/GskGjg_L8nc?si=aScgCicobaqC_L0G\" width=\"560\" height=\"315\" frameborder=\"0\" allowfullscreen=\"allowfullscreen\"><\/iframe><\/p>\n<p>\u00centr-un interviu oferit \u00een exclusivitate postului nostru de televiziune, avocata lui Roman Babu\u021bchi \u2013 Oxana Ivanov ne-a comunicat c\u0103 o persoan\u0103 aflat\u0103 \u00een arest la Penitenciarul nr. 13 nu poate nici \u00eentr-un caz s\u0103 p\u0103r\u0103seac\u0103 institu\u021bia. Astfel, faptul c\u0103 Ecaterina Maniuc, doctori\u021ba acuzat\u0103 \u00een decesul Liubei Babu\u021bchi, a fost scoas\u0103 din \u00eenchisoare, ridic\u0103 mari semne de \u00eentrebare, sus\u021bine Ivanov.<\/p>\n<p>OXANA IVANOV, avocat<\/p>\n<p>Nu e posibil ca persoana aflat\u0103 \u00een arest, dac\u0103 nu are careva probleme grave de s\u0103n\u0103tate, s\u0103 le insuflu: ce, a murit? A avut un stop cardiac, insult, ce a avut, care a fost motivul c\u0103 a ajuns anume la salvare? Penitenciarul 13 este dotat absolut cu toate celea pentru acordarea asisten\u021bei medicale. Care e necesitatea s\u0103 plece la Urgen\u021b\u0103? \u00cen calitate de avocat a\u0219 putea avea ni\u0219te dubii, ori \u00eei trebuie acces liber \u00een comunicarea cu persoanele care cumva o ajut\u0103 s\u0103 reguleze situa\u021bia \u00een dosar?<\/p>\n<p>Mai mult, ap\u0103r\u0103toarea ne-a comunicat c\u0103 de\u021bine probe care ar demonstra c\u0103 se \u00eencearc\u0103 mu\u0219amalizarea acestui caz.<\/p>\n<p>OXANA IVANOV, avocat<\/p>\n<p>Activ\u00e2nd \u00een calitate ca avocat de mai mul\u021bi ani nu am avut \u00een practic\u0103 nici un client c\u0103ruia i-au fost admise careva demersuri s\u0103 fie spitalizat cumva \u00een alte institu\u021bii medicale \u00een afar\u0103 de acordarea asisten\u021bei juridice \u00een cadrul Penitenciarului sau spitalul care apar\u021bine dup\u0103 competen\u021be Penitenciarului 13. Nu prea \u00een\u021beleg ce privilegii are doamna, \u00een afar\u0103 de dubiile pe care noi le avem ast\u0103zi, din mesajele, sutele de mesaje pe care le prime\u0219te at\u00e2t Roman, c\u00e2t \u0219i eu \u00een calitate de avocat, unde ni se comunic\u0103 numele persoanei care ar avea influen\u021ba asupra medicilor din cadrul spitalului care acord\u0103 servicii de urgen\u021b\u0103, ceea ce noi ast\u0103zi avem \u00eendoieli \u0219i b\u0103nuieli c\u0103 probabil este corect ceea ce spune lumea din jur.<\/p>\n<p>Oxana Ivanov afirm\u0103 c\u0103 \u00eenc\u0103 nu poate dezv\u0103lui public persoanele care ar sta \u00een spatele Ecaterinei Maniuc. Cu toate acestea, ea a depus o pl\u00e2ngere la autorit\u0103\u021bile competente pentru a investiga toate mesajele pe care le prime\u0219te at\u00e2t ea, c\u00e2t \u0219i clientul s\u0103u, Roman Babu\u021bchi.<\/p>\n<p>OXANA IVANOV, avocat<\/p>\n<p>Eu nume concret nu o s\u0103 dau pentru c\u0103 personal nu am avut nicio tangen\u021b\u0103 \u0219i nicio prob\u0103 concret\u0103 \u2013 c\u0103 am v\u0103zut ceva cu ochii mei. \u00cens\u0103, noi avem foarte multe mesaje, pe care o s\u0103 le d\u0103m presei, \u0219i \u00een care oamenii scriu anume despre aceast\u0103 familie, a acestei persoane. Tare \u00eemi doresc, \u00een mediul online sunt foarte multe videouri \u00een care se face trimitere la mai multe persoane, la mai mul\u021bi procurori, la persoane care au fost implicate \u00een favorizarea \u0219i mu\u0219amalizarea dosarelor de mai \u00eenainte a doamnei doctor Borodkina, acum, cumva, motiveaz\u0103 implicarea lor. A\u0219a c\u0103, am preg\u0103tit un demers c\u0103tre Procuratura General\u0103 ca totu\u0219i cumva s\u0103 se cerceteze, s\u0103 se examineze aceste videouri \u0219i s\u0103 se vad\u0103 ele cum apar, de unde apar?<\/p>\n<p>Ap\u0103r\u0103toarea ne-a mai comunicat c\u0103 un alt caz care ridic\u0103 semne de \u00eentrebare sunt declara\u021biile avocatului doctori\u021bei.<\/p>\n<p>OXANA IVANOV, avocat<\/p>\n<p>Ieri, din informa\u021bia care a comuncat-o avocatul doamnei precum c\u0103 chipurile ultima ar fi avut contract de angajare \u00een calitate de medic. Ce, la frezerie? Ce servicii poate presta un medic anesteziolog \u00eentr-o frezerie?\u00a0 Uita\u021bi-v\u0103, noi avem un om care are decedat, asta e clar da? Atunci, dac\u0103 noi avem un om decedat, urmeaz\u0103 cineva s\u0103 r\u0103spund\u0103 pentru asta.<\/p>\n<p>Sau cum, avem un stat de drept, moare lumea \u0219i noi nimic nu \u00eentreprindem?<\/p>\n<p>Oxana Ivanov mai spune c\u0103 urmeaz\u0103 s\u0103 ob\u021bin\u0103 probele biologice, pe care le vor expedia \u00een Rom\u00e2nia pentru o expertiz\u0103 medico-legal\u0103. Prin aceast\u0103 metod\u0103, ea \u0219i clientul s\u0103u \u00ee\u0219i doresc s\u0103 vad\u0103 dac\u0103 rezultatele din Rom\u00e2nia vor coincide cu cele din \u021bara noastr\u0103.<\/p>\n<p>Preciz\u0103m c\u0103, purt\u0103torului de cuv\u00e2nt al Administra\u021biei Na\u021bionale a Penitenciarelor a confirmat pentru Unimedia c\u0103 Ecaterina Maniuc a fost internat\u0103 la Institutul de Medicin\u0103 Urgent\u0103. Ulterior, purt\u0103torul de cuv\u00e2nt al IMU, Dorina Arsene a anun\u021bat \u00een pres\u0103 c\u0103, diminea\u021b\u0103 aceasta a fost externat\u0103 din spital.<\/p>\n<\/div>\n","protected":false},"excerpt":{"rendered":"<div><img loading=\"lazy\" decoding=\"async\" width=\"696\" height=\"344\" src=\"https:\/\/canal5.md\/wp-content\/uploads\/2025\/02\/snimok-ekrana_11-2-2025_152258_www.youtube.com_-optimized.jpeg\" class=\"attachment-large size-large wp-post-image\" alt=\"\" srcset=\"https:\/\/canal5.md\/wp-content\/uploads\/2025\/02\/snimok-ekrana_11-2-2025_152258_www.youtube.com_-optimized.jpeg 944w, https:\/\/canal5.md\/wp-content\/uploads\/2025\/02\/snimok-ekrana_11-2-2025_152258_www.youtube.com_-300x148-optimized.jpeg 300w, https:\/\/canal5.md\/wp-content\/uploads\/2025\/02\/snimok-ekrana_11-2-2025_152258_www.youtube.com_-768x379-optimized.jpeg 768w, https:\/\/canal5.md\/wp-content\/uploads\/2025\/02\/snimok-ekrana_11-2-2025_152258_www.youtube.com_-696x344-optimized.jpeg 696w, https:\/\/canal5.md\/wp-content\/uploads\/2025\/02\/snimok-ekrana_11-2-2025_152258_www.youtube.com_-324x160-optimized.jpeg 324w, https:\/\/canal5.md\/wp-content\/uploads\/2025\/02\/snimok-ekrana_11-2-2025_152258_www.youtube.com_-648x320-optimized.jpeg 648w\">Ecaterina Maniuc, doctori\u021ba acuzat\u0103 \u00een decesul Liubei Babu\u021bchi, a fost ieri scoas\u0103 din penitenciar \u0219i dus\u0103 la spitalul de Urgen\u021b\u0103. Potrivit purt\u0103torului de cuv\u00e2nt al Administra\u021biei Na\u021bionale a Penitenciarelor, aceasta s-a fi pl\u00e2ns de dureri insuportabile. De cealalt\u0103 parte, avocatul lui Roman Babu\u021bchi \u2013 so\u021bul femeii decedate, sus\u021bine c\u0103 acest lucru ar putea s\u0103 fie [\u2026]<\/div>\n","protected":false},"author":1,"featured_media":66884,"comment_status":"closed","ping_status":"closed","sticky":false,"template":"","format":"standard","meta":{"jnews-multi-image_gallery":[],"jnews_single_post":[],"jnews_primary_category":[],"jnews_social_meta":[],"jnews_override_counter":[],"footnotes":""},"categories":[23],"tags":[],"class_list":["post-66883","post","type-post","status-publish","format-standard","has-post-thumbnail","hentry","category-politica_ro"],"_links":{"self":[{"href":"https:\/\/orheifm.live\/index.php\/wp-json\/wp\/v2\/posts\/66883","targetHints":{"allow":["GET"]}}],"collection":[{"href":"https:\/\/orheifm.live\/index.php\/wp-json\/wp\/v2\/posts"}],"about":[{"href":"https:\/\/orheifm.live\/index.php\/wp-json\/wp\/v2\/types\/post"}],"author":[{"embeddable":true,"href":"https:\/\/orheifm.live\/index.php\/wp-json\/wp\/v2\/users\/1"}],"replies":[{"embeddable":true,"href":"https:\/\/orheifm.live\/index.php\/wp-json\/wp\/v2\/comments?post=66883"}],"version-history":[{"count":0,"href":"https:\/\/orheifm.live\/index.php\/wp-json\/wp\/v2\/posts\/66883\/revisions"}],"wp:featuredmedia":[{"embeddable":true,"href":"https:\/\/orheifm.live\/index.php\/wp-json\/wp\/v2\/media\/66884"}],"wp:attachment":[{"href":"https:\/\/orheifm.live\/index.php\/wp-json\/wp\/v2\/media?parent=66883"}],"wp:term":[{"taxonomy":"category","embeddable":true,"href":"https:\/\/orheifm.live\/index.php\/wp-json\/wp\/v2\/categories?post=66883"},{"taxonomy":"post_tag","embeddable":true,"href":"https:\/\/orheifm.live\/index.php\/wp-json\/wp\/v2\/tags?post=66883"}],"curies":[{"name":"wp","href":"https:\/\/api.w.org\/{rel}","templated":true}]}}