{"id":66879,"date":"2025-02-11T15:19:02","date_gmt":"2025-02-11T13:19:02","guid":{"rendered":"https:\/\/orheifm.live\/index.php\/2025\/02\/11\/reactia-expertilor-armata-nationala-schimba-uniformele-pentru-standardele-nato\/"},"modified":"2025-02-11T15:19:02","modified_gmt":"2025-02-11T13:19:02","slug":"reactia-expertilor-armata-nationala-schimba-uniformele-pentru-standardele-nato","status":"publish","type":"post","link":"https:\/\/orheifm.live\/index.php\/2025\/02\/11\/reactia-expertilor-armata-nationala-schimba-uniformele-pentru-standardele-nato\/","title":{"rendered":"Reac\u021bia Exper\u021bilor: Armata Na\u021bional\u0103 schimb\u0103 uniformele pentru standardele NATO"},"content":{"rendered":"<div>\n<p><strong>Pun\u00e2nd \u00een aplicare decretul Maiei Sandu, privind trecerea Armatei Na\u021bionale la uniforme \u0219i \u00eensemne noi, Ministerul Ap\u0103r\u0103rii al Republicii Moldova a alocat peste 7 milioane de lei pentru producerea \u0219i achizi\u021bionarea acestora. \u00cen acela\u0219i timp, uniformele \u0219i \u00eensemnele aprobate sunt \u00een deplin\u0103 conformitate cu standardele NATO, ceea ce a fost puternic criticat de o serie de exper\u021bi. Potrivit lor, acest lucru confirm\u0103 temerile pe care actualele autorit\u0103\u021bi le induc \u00een perspectiva c\u0103 solda\u021bii Armatei Na\u021bionale vor lupta \u0219i vor muri pentru interese str\u0103ine \u00een afara \u021b\u0103rii lor, contrar statutului de neutralitate al Republicii Moldova.<\/strong><br \/>\n<iframe loading=\"lazy\" title=\"YouTube video player\" src=\"https:\/\/www.youtube.com\/embed\/TOBY-UIP5cA?si=BrfYuwwM-IZ8eFIe\" width=\"560\" height=\"315\" frameborder=\"0\" allowfullscreen=\"allowfullscreen\"><\/iframe><\/p>\n<p>Principala diferen\u021b\u0103 \u00eentre noile uniforme este c\u0103 acestea sunt strict conforme cu standardele NATO, iar \u00een ceea ce prive\u0219te culorile de camuflaj, de exemplu, sunt aproape identice cu modelele americane. De men\u021bionat c\u0103 Ministerul Ap\u0103r\u0103rii a alocat aproape 4 milioane de lei pentru ca infanteri\u0219tii moldoveni s\u0103 poarte camuflaj cu modelul Multicam \u2013 ca al solda\u021bilor americani. De asemenea, \u201d125 de mii de lei vor fi cheltui\u021bi pentru achizi\u021bionarea a 3.000 de seturi de lenjerie intim\u0103.<\/p>\n<p>Cea mai mare sum\u0103, de 3.670.000 de lei, a fost alocat\u0103 de minister pentru achizi\u021bionarea de \u021bes\u0103turi pentru uniformele de teren: 1.830.000 de lei pentru \u021bes\u0103turi simple cu model Multicam \u0219i 1.840.000 de lei pentru \u021bes\u0103turi cu model Multicam cu impregnare hidrofug\u0103. Suma de 3.500 de perechi de bocanci este estimat\u0103 la 3,5 milioane de lei.\u201d<\/p>\n<p>De men\u021bionat c\u0103 noile uniforme vor fi de mai multe tipuri \u2013 pentru diferite zone climaterice, inclusiv cele care nu exist\u0103 \u00een Moldova. Toate acestea, potrivit pre\u0219edintelui Comitetului Na\u021bional \u201eVictoria\u201d, Alexei Petrovici, indic\u0103 faptul c\u0103 armata moldoveneasc\u0103, pe care actuala guvernare o transfer\u0103 complet la standardele NATO, va fi utilizat\u0103 ca parte a forma\u021biunilor militare ale blocului nord-atlantic, iar solda\u021bii no\u0219tri vor lupta \u0219i vor muri pentru interese str\u0103ine, de exemplu, undeva la tropice, contrar statutului neutru al Republicii Moldova.<\/p>\n<p>ALEXEI PETROVICI, pre\u0219edintele Comitetului Na\u021bional \u201dVictoria\u201d<\/p>\n<p>\u00cen for\u021bele noastre armate sunt introduse uniforme de inspira\u021bie NATO, statute NATO \u0219i, scuza\u021bi-m\u0103, obiective de inspira\u021bie NATO. Asta \u0219i uniformele prev\u0103zute pentru r\u0103zboiul \u00een de\u0219ert. Marea \u00eentrebare este \u2013 chiar \u00een documentul care implic\u0103 introducerea de noi uniforme militare, este prezentat \u0219i acest e\u0219antion, adic\u0103 uniforme tropicale \u2013 m\u0103 \u00eentreb ce vor face militarii no\u0219tri la tropice? Ce sarcin\u0103 de lupt\u0103 vor \u00eendeplini acolo? Sau \u00een de\u0219ert \u2013 ce sarcin\u0103 de ap\u0103rare a integrit\u0103\u021bii, independen\u021bei \u0219i suveranit\u0103\u021bii vor \u00eendeplini militarii no\u0219tri \u00een de\u0219ert sau la tropice?<\/p>\n<p>Un alt element copiat de Ministerul Ap\u0103r\u0103rii de la NATO este un anumit tip \u0219i aranjament al \u00eensemnelor, care faciliteaz\u0103 recunoa\u0219terea \u201eprietenului sau du\u0219manului\u201d, inclusiv prin podoaba capului. \u00cen plus, simbolurile de pe chevronurile solda\u021bilor Armatei Na\u021bionale a Moldovei cu imaginea unor animale mitice, inclusiv animale marine \u2013 din anumite motive pentru unit\u0103\u021bile terestre \u2013 provoac\u0103 surprindere \u0219i nedumerire. Deseori pe uniformele unor solda\u021bi se pot vedea petice \u0219i chevronuri neregulare, iar acest lucru vorbe\u0219te despre disciplina din for\u021bele armate ale Republicii Moldova. Ministerul Ap\u0103r\u0103rii, unde am cerut explica\u021bii cu privire la imaginile \u0219i simbolurile de pe \u00eensemne, nu a r\u0103spuns \u00eenc\u0103 la \u00eentreb\u0103rile noastre.<\/p>\n<p>Potrivit lui Alexei Petrovici, militarizarea \u0219i cheltuielile uria\u0219e ale statului \u00een scopuri militare \u00een contextul crizei energetice \u0219i al situa\u021biei economice deplorabile din \u021bar\u0103 ridic\u0103 o serie de \u00eentreb\u0103ri la care autorit\u0103\u021bile nu dau r\u0103spunsuri rezonabile.<\/p>\n<p>ALEXEI PETROVICI, pre\u0219edintele Comitetului Na\u021bional \u201dVictoria\u201d<\/p>\n<p>Acest curs care are loc este f\u0103r\u0103 echivoc militarist. Nimeni nu spune c\u0103 solda\u021bii ar trebui s\u0103 poarte uniforme proaste. \u00centrebarea este: de ce \u00een \u021bara noastr\u0103 neutr\u0103, \u00een condi\u021bii de tensiune regional\u0103, care exist\u0103 de mul\u021bi ani, armata noastr\u0103 se schimb\u0103 \u00een uniforme de tip NATO? Aceasta este o \u00eentrebare pe care fiecare cet\u0103\u021bean ar trebui s\u0103 \u0219i-o pun\u0103, \u00een special cei care poart\u0103 aceste uniforme militare, familiile \u0219i apropia\u021bii lor.<\/p>\n<p>Am contactat Ministerul Ap\u0103r\u0103rii pentru a afla: pentru c\u00e2\u021bi solda\u021bi vor fi achizi\u021bionate noile uniforme, unde \u0219i de c\u0103tre cine vor fi confec\u021bionate, de ce armata noastr\u0103 trebuie s\u0103 respecte cerin\u021bele NATO dac\u0103 suntem o \u021bar\u0103 neutr\u0103, cine este responsabil de proiectarea \u0219i dezvoltarea noilor uniforme? \u0218i, de asemenea, ce m\u0103n\u00e2nc\u0103 solda\u021bii ast\u0103zi, c\u00e2t cost\u0103 meniul zilnic, c\u00e2nd a fost modificat ultima dat\u0103, ce feluri de m\u00e2ncare \u0219i produse sunt incluse \u00een acesta; exist\u0103 legume, fructe, pe\u0219te, carne \u00een meniul zilnic? C\u00e2t de oportun\u0103 este introducerea de noi uniforme \u00een condi\u021biile \u00een care \u021bara noastr\u0103 se confrunt\u0103 cu crize dup\u0103 crize, cre\u0219teri galopante ale pre\u021burilor \u0219i s\u0103r\u0103cirea total\u0103 a popula\u021biei? P\u00e2n\u0103 \u00een momentul \u00een care reportajul a fost preg\u0103tit pentru difuzare, nu am primit niciun r\u0103spuns.<\/p>\n<p>Trebuie remarcat faptul c\u0103, \u00een decretul preziden\u021bial publicat pe site- ul Ministerului Ap\u0103r\u0103rii, necesitatea de a schimba uniformele militare este explicat\u0103 prin \u201esitua\u021bia din domeniul securit\u0103\u021bii regionale ca urmare a revizuirii tipurilor de echipament individual al lupt\u0103torilor, pe baza lec\u021biilor armatei ucrainene\u201d.<\/p>\n<p>\u201dLec\u021biile armatei ucrainene\u201d sun\u0103 deosebit de interesant. Schimbarea anterioar\u0103 a uniformei militare a Armatei Na\u021bionale a Moldovei a avut loc \u00een 2011. Ministerul Ap\u0103r\u0103rii informeaz\u0103 c\u0103 trecerea la uniformele actualizate se va efectua treptat, pe m\u0103sur\u0103 ce stocurile actuale sunt epuizate. Primele seturi de uniforme noi au fost oferite solda\u021bilor contingentului de men\u021binere a p\u0103cii din Kosovo, care deja reprezint\u0103 Moldova peste hotare.<\/p>\n<\/div>\n","protected":false},"excerpt":{"rendered":"<div><img loading=\"lazy\" decoding=\"async\" width=\"459\" height=\"444\" src=\"https:\/\/canal5.md\/wp-content\/uploads\/2025\/02\/snimok-ekrana_11-2-2025_151923_www.youtube.com_-optimized.jpeg\" class=\"attachment-large size-large wp-post-image\" alt=\"\" srcset=\"https:\/\/canal5.md\/wp-content\/uploads\/2025\/02\/snimok-ekrana_11-2-2025_151923_www.youtube.com_-optimized.jpeg 459w, https:\/\/canal5.md\/wp-content\/uploads\/2025\/02\/snimok-ekrana_11-2-2025_151923_www.youtube.com_-300x290-optimized.jpeg 300w\">Pun\u00e2nd \u00een aplicare decretul Maiei Sandu, privind trecerea Armatei Na\u021bionale la uniforme \u0219i \u00eensemne noi, Ministerul Ap\u0103r\u0103rii al Republicii Moldova a alocat peste 7 milioane de lei pentru producerea \u0219i achizi\u021bionarea acestora. \u00cen acela\u0219i timp, uniformele \u0219i \u00eensemnele aprobate sunt \u00een deplin\u0103 conformitate cu standardele NATO, ceea ce a fost puternic criticat de o serie [\u2026]<\/div>\n","protected":false},"author":1,"featured_media":66880,"comment_status":"closed","ping_status":"closed","sticky":false,"template":"","format":"standard","meta":{"jnews-multi-image_gallery":[],"jnews_single_post":[],"jnews_primary_category":[],"jnews_social_meta":[],"jnews_override_counter":[],"footnotes":""},"categories":[23],"tags":[],"class_list":["post-66879","post","type-post","status-publish","format-standard","has-post-thumbnail","hentry","category-politica_ro"],"_links":{"self":[{"href":"https:\/\/orheifm.live\/index.php\/wp-json\/wp\/v2\/posts\/66879","targetHints":{"allow":["GET"]}}],"collection":[{"href":"https:\/\/orheifm.live\/index.php\/wp-json\/wp\/v2\/posts"}],"about":[{"href":"https:\/\/orheifm.live\/index.php\/wp-json\/wp\/v2\/types\/post"}],"author":[{"embeddable":true,"href":"https:\/\/orheifm.live\/index.php\/wp-json\/wp\/v2\/users\/1"}],"replies":[{"embeddable":true,"href":"https:\/\/orheifm.live\/index.php\/wp-json\/wp\/v2\/comments?post=66879"}],"version-history":[{"count":0,"href":"https:\/\/orheifm.live\/index.php\/wp-json\/wp\/v2\/posts\/66879\/revisions"}],"wp:featuredmedia":[{"embeddable":true,"href":"https:\/\/orheifm.live\/index.php\/wp-json\/wp\/v2\/media\/66880"}],"wp:attachment":[{"href":"https:\/\/orheifm.live\/index.php\/wp-json\/wp\/v2\/media?parent=66879"}],"wp:term":[{"taxonomy":"category","embeddable":true,"href":"https:\/\/orheifm.live\/index.php\/wp-json\/wp\/v2\/categories?post=66879"},{"taxonomy":"post_tag","embeddable":true,"href":"https:\/\/orheifm.live\/index.php\/wp-json\/wp\/v2\/tags?post=66879"}],"curies":[{"name":"wp","href":"https:\/\/api.w.org\/{rel}","templated":true}]}}