{"id":66877,"date":"2025-02-11T14:59:30","date_gmt":"2025-02-11T12:59:30","guid":{"rendered":"https:\/\/orheifm.live\/index.php\/2025\/02\/11\/pudra-din-larve-de-gandaci-de-faina-devine-aliment-autorizat-in-uniunea-europeana\/"},"modified":"2025-02-11T14:59:30","modified_gmt":"2025-02-11T12:59:30","slug":"pudra-din-larve-de-gandaci-de-faina-devine-aliment-autorizat-in-uniunea-europeana","status":"publish","type":"post","link":"https:\/\/orheifm.live\/index.php\/2025\/02\/11\/pudra-din-larve-de-gandaci-de-faina-devine-aliment-autorizat-in-uniunea-europeana\/","title":{"rendered":"Pudra din larve de g\u00e2ndaci de f\u0103in\u0103 devine aliment autorizat \u00een uniunea european\u0103"},"content":{"rendered":"<div>\n<p><strong>Pudra din viermi galbeni de f\u0103in\u0103, larve ale g\u00e2ndacilor de f\u0103in\u0103, este \u00eencep\u00e2nd din 10 februarie un aliment autorizat pentru a fi introdus pe pia\u021ba alimentar\u0103 european\u0103, conform unui regulament emis de Comisia European\u0103 la 20 ianuarie, sub semn\u0103tura pre\u0219edintei Ursula von der Leyen, \u0219i publicat pe eur-lex.europa.eu, scrie agerpres. P\u00e2n\u0103 acum, permisiunea a fost acordat\u0103 doar companiei franceze Nutri\u2019Earth.<\/strong><br \/>\n<iframe loading=\"lazy\" title=\"YouTube video player\" src=\"https:\/\/www.youtube.com\/embed\/7fXO-cYcQL4?si=wYiUWXITa_HlX2Q6\" width=\"560\" height=\"315\" frameborder=\"0\" allowfullscreen=\"allowfullscreen\"><\/iframe><\/p>\n<p>Dup\u0103 ce a studiat rezultatele studiilor \u0219tiin\u021bifice, Comisia European\u0103 a ajuns la concluzia c\u0103 pulberea de larve \u00eentregi de Tenebrio molitor tratat\u0103 cu UV este un produs sigur \u0219i poate fi utilizat\u0103 \u00een p\u00e2ine, chifle, pr\u0103jituri, paste, produse din br\u00e2nz\u0103 \u0219i br\u00e2nz\u0103, produse din cartofi, precum \u0219i \u00een compoturi de fructe \u0219i legume. \u00cen plus, Comisia European\u0103 mai sus\u021bine c\u0103 diversificarea ofertei alimentare cu hran\u0103 din insecte contribuie pozitiv la mediu \u0219i la s\u0103n\u0103tate. Noile alimente nu sunt \u00eens\u0103 pentru boga\u021bi, ci pentru clasa de mijloc, care nu are acces la suficiente proteine, av\u00e2nd \u00een vedere cre\u0219terea costurilor economice \u0219i de mediu ale produc\u021biei de proteine animale.<\/p>\n<p>Potrivit agerpres, pia\u021ba european\u0103 pentru aceste noi alimente este \u00eenc\u0103 subdezvoltat\u0103, dar ar putea s\u0103 se extind\u0103 \u00een cur\u00e2nd \u0219i prin ad\u0103ugarea c\u0103rnii sintetice, ob\u021binut\u0103 \u00een laborator \u2013 o solicitare a start- upului francez Gourmey de a autoriza v\u00e2nzarea de foie gras ob\u021binut \u00een eprubet\u0103 se afl\u0103 pe masa Comisiei \u00eenc\u0103 de vara trecut\u0103.<\/p>\n<p>Nu este prima dat\u0103 c\u00e2nd Parlamentul European permite utilizarea produselor din insecte ca surs\u0103 alternativ\u0103 de proteine. Anterior, s-a dat aprobarea pentru utilizarea l\u0103custelor migratoare, a greierilor de cas\u0103 \u0219i a viermilor mici de f\u0103in\u0103 \u00een acest scop<\/p>\n<\/div>\n","protected":false},"excerpt":{"rendered":"<div><img loading=\"lazy\" decoding=\"async\" width=\"696\" height=\"317\" src=\"https:\/\/canal5.md\/wp-content\/uploads\/2025\/02\/snimok-ekrana_11-2-2025_144121_www.youtube.com_-optimized.jpeg\" class=\"attachment-large size-large wp-post-image\" alt=\"\" srcset=\"https:\/\/canal5.md\/wp-content\/uploads\/2025\/02\/snimok-ekrana_11-2-2025_144121_www.youtube.com_-optimized.jpeg 998w, https:\/\/canal5.md\/wp-content\/uploads\/2025\/02\/snimok-ekrana_11-2-2025_144121_www.youtube.com_-300x136-optimized.jpeg 300w, https:\/\/canal5.md\/wp-content\/uploads\/2025\/02\/snimok-ekrana_11-2-2025_144121_www.youtube.com_-768x349-optimized.jpeg 768w, https:\/\/canal5.md\/wp-content\/uploads\/2025\/02\/snimok-ekrana_11-2-2025_144121_www.youtube.com_-696x317-optimized.jpeg 696w\">Pudra din viermi galbeni de f\u0103in\u0103, larve ale g\u00e2ndacilor de f\u0103in\u0103, este \u00eencep\u00e2nd din 10 februarie un aliment autorizat pentru a fi introdus pe pia\u021ba alimentar\u0103 european\u0103, conform unui regulament emis de Comisia European\u0103 la 20 ianuarie, sub semn\u0103tura pre\u0219edintei Ursula von der Leyen, \u0219i publicat pe eur-lex.europa.eu, scrie agerpres. P\u00e2n\u0103 acum, permisiunea a fost [\u2026]<\/div>\n","protected":false},"author":1,"featured_media":66878,"comment_status":"closed","ping_status":"closed","sticky":false,"template":"","format":"standard","meta":{"jnews-multi-image_gallery":[],"jnews_single_post":[],"jnews_primary_category":[],"jnews_social_meta":[],"jnews_override_counter":[],"footnotes":""},"categories":[30],"tags":[],"class_list":["post-66877","post","type-post","status-publish","format-standard","has-post-thumbnail","hentry","category-social_ro"],"_links":{"self":[{"href":"https:\/\/orheifm.live\/index.php\/wp-json\/wp\/v2\/posts\/66877","targetHints":{"allow":["GET"]}}],"collection":[{"href":"https:\/\/orheifm.live\/index.php\/wp-json\/wp\/v2\/posts"}],"about":[{"href":"https:\/\/orheifm.live\/index.php\/wp-json\/wp\/v2\/types\/post"}],"author":[{"embeddable":true,"href":"https:\/\/orheifm.live\/index.php\/wp-json\/wp\/v2\/users\/1"}],"replies":[{"embeddable":true,"href":"https:\/\/orheifm.live\/index.php\/wp-json\/wp\/v2\/comments?post=66877"}],"version-history":[{"count":0,"href":"https:\/\/orheifm.live\/index.php\/wp-json\/wp\/v2\/posts\/66877\/revisions"}],"wp:featuredmedia":[{"embeddable":true,"href":"https:\/\/orheifm.live\/index.php\/wp-json\/wp\/v2\/media\/66878"}],"wp:attachment":[{"href":"https:\/\/orheifm.live\/index.php\/wp-json\/wp\/v2\/media?parent=66877"}],"wp:term":[{"taxonomy":"category","embeddable":true,"href":"https:\/\/orheifm.live\/index.php\/wp-json\/wp\/v2\/categories?post=66877"},{"taxonomy":"post_tag","embeddable":true,"href":"https:\/\/orheifm.live\/index.php\/wp-json\/wp\/v2\/tags?post=66877"}],"curies":[{"name":"wp","href":"https:\/\/api.w.org\/{rel}","templated":true}]}}