{"id":66875,"date":"2025-02-11T14:39:00","date_gmt":"2025-02-11T12:39:00","guid":{"rendered":"https:\/\/orheifm.live\/index.php\/2025\/02\/11\/detinutii-de-la-penitenciarul-nr-17-rezina-in-greva-foamei-dupa-modificarea-meniului\/"},"modified":"2025-02-11T14:39:00","modified_gmt":"2025-02-11T12:39:00","slug":"detinutii-de-la-penitenciarul-nr-17-rezina-in-greva-foamei-dupa-modificarea-meniului","status":"publish","type":"post","link":"https:\/\/orheifm.live\/index.php\/2025\/02\/11\/detinutii-de-la-penitenciarul-nr-17-rezina-in-greva-foamei-dupa-modificarea-meniului\/","title":{"rendered":"De\u021binu\u021bii de la Penitenciarul nr. 17-Rezina \u00een greva foamei dup\u0103 modificarea meniului"},"content":{"rendered":"<div>\n<p><strong>Un grup de de\u021binu\u021bi din cadrul Penitenciarului nr.17-Rezina, unde sunt \u00eencarcera\u021bi cei condamna\u021bi la pu\u0219c\u0103rie pe via\u021b\u0103, sunt \u00een greva foamei. Informa\u021bia a fost confirmat\u0103 de reprezentan\u021bii Administra\u021biei Na\u021bionale a Penitenciarelor. Ac\u021biunea are loc dup\u0103 ce de la 1 ianuarie curent a fost modificat meniul de\u021binu\u021bilor.<\/strong><br \/>\n<iframe loading=\"lazy\" title=\"YouTube video player\" src=\"https:\/\/www.youtube.com\/embed\/Ua-9q2b4QX8?si=sFDu1NUFssmdfw7z\" width=\"560\" height=\"315\" frameborder=\"0\" allowfullscreen=\"allowfullscreen\"><\/iframe><br \/>\nPurt\u0103torul de cuv\u00e2nt al Administra\u021biei Na\u021bionale a Penitenciarelor, Mihai Rotaru, a declarat pentru Canal 5 c\u0103, pe 10 februarie, mai mul\u021bi de\u021binu\u021bi de la Penitenciarul nr. 17-Rezina nu au consumat micul dejun \u0219i pr\u00e2nzul, \u00eens\u0103 au participat la toate activit\u0103\u021bile de reintegrare social\u0103, conform programului zilnic.<\/p>\n<p>Rotaru a mai ad\u0103ugat c\u0103, de\u021binu\u021bii nu au depus reclama\u021bii cu privire la calitatea hranei sau la refuzul de hran\u0103 c\u0103tre conducerea Penitenciarului \u0219i nici c\u0103tre Administra\u021bia Na\u021bional\u0103 a Penitenciarelor. Potrivit acestuia, de\u021binu\u021bii au r\u0103mas \u00een camerele lor, unde beneficiaz\u0103 de produse alimentare primite prin intermediul coletelor \u0219i pachetelor de provizii de la rude.<\/p>\n<p>Reprezentan\u021bii ANP afirm\u0103 c\u0103 administra\u021bia Penitenciarului, \u00eempreun\u0103 cu sec\u021biile \u0219i serviciile competente, a discutat cu de\u021binu\u021bii \u0219i a rezolvat problemele ap\u0103rute pe parcurs. \u00cen leg\u0103tur\u0103 cu modificarea meniului, ace\u0219tia spun c\u0103, de la implementarea noilor reguli privind alimenta\u021bia, nu au primit pl\u00e2ngeri pe acest subiect.<\/p>\n<p>\u201eNormele de alimenta\u021bie au fost actualizate, deoarece cele aprobate \u00een 2006 erau \u00eenvechite. Modificarea a fost realizat\u0103 cu ajutorul unui medic nutri\u021bionist delegat de Ministerul S\u0103n\u0103t\u0103\u021bii \u0219i cu sprijinul Oficiului Consiliului Europei la Chi\u0219in\u0103u\u201d, a spus Mihai Rotaru, subliniind c\u0103 Ministerul Justi\u021biei \u0219i ANP fac toate demersurile necesare pentru a asigura condi\u021bii decente de deten\u021bie \u0219i respectarea drepturilor fundamentale ale de\u021binu\u021bilor.<\/p>\n<p>De asemenea, men\u021bion\u0103m c\u0103, din 1 ianuarie, meniul de\u021binu\u021bilor a fost modificat, reduc\u00e2ndu-se cantitatea de carne \u0219i p\u00e2ine, iar \u00een locul acestora au fost ad\u0103ugate magiunul \u0219i merele.<\/p>\n<p>Amintim c\u0103 mediul de deten\u021bie din \u00eenchisorile Moldovei este una dintre restan\u021bele semnalate de Comisia European\u0103 \u00een raportul privind deschiderea negocierilor de aderare la Uniunea European\u0103.<\/p>\n<p>Autorii raportului au remarcat c\u0103, \u00een timpul elabor\u0103rii documentului, \u201eautorit\u0103\u021bile nu au \u00eentreprins niciun fel de ac\u021biuni pentru a \u00eembun\u0103t\u0103\u021bi situa\u021bia\u201d din penitenciare \u0219i au subliniat c\u0103 majoritatea deciziilor CEDO \u00eempotriva Moldovei se refer\u0103 la condi\u021biile inumane de deten\u021bie.<\/p>\n<\/div>\n","protected":false},"excerpt":{"rendered":"<div><img loading=\"lazy\" decoding=\"async\" width=\"696\" height=\"465\" src=\"https:\/\/canal5.md\/wp-content\/uploads\/2025\/02\/snimok-ekrana_11-2-2025_143945_www.youtube.com_-optimized.jpeg\" class=\"attachment-large size-large wp-post-image\" alt=\"\" srcset=\"https:\/\/canal5.md\/wp-content\/uploads\/2025\/02\/snimok-ekrana_11-2-2025_143945_www.youtube.com_-optimized.jpeg 711w, https:\/\/canal5.md\/wp-content\/uploads\/2025\/02\/snimok-ekrana_11-2-2025_143945_www.youtube.com_-300x200-optimized.jpeg 300w, https:\/\/canal5.md\/wp-content\/uploads\/2025\/02\/snimok-ekrana_11-2-2025_143945_www.youtube.com_-696x465-optimized.jpeg 696w\">Un grup de de\u021binu\u021bi din cadrul Penitenciarului nr.17-Rezina, unde sunt \u00eencarcera\u021bi cei condamna\u021bi la pu\u0219c\u0103rie pe via\u021b\u0103, sunt \u00een greva foamei. Informa\u021bia a fost confirmat\u0103 de reprezentan\u021bii Administra\u021biei Na\u021bionale a Penitenciarelor. Ac\u021biunea are loc dup\u0103 ce de la 1 ianuarie curent a fost modificat meniul de\u021binu\u021bilor. Purt\u0103torul de cuv\u00e2nt al Administra\u021biei Na\u021bionale a Penitenciarelor, Mihai [\u2026]<\/div>\n","protected":false},"author":1,"featured_media":66876,"comment_status":"closed","ping_status":"closed","sticky":false,"template":"","format":"standard","meta":{"jnews-multi-image_gallery":[],"jnews_single_post":[],"jnews_primary_category":[],"jnews_social_meta":[],"jnews_override_counter":[],"footnotes":""},"categories":[23],"tags":[],"class_list":["post-66875","post","type-post","status-publish","format-standard","has-post-thumbnail","hentry","category-politica_ro"],"_links":{"self":[{"href":"https:\/\/orheifm.live\/index.php\/wp-json\/wp\/v2\/posts\/66875","targetHints":{"allow":["GET"]}}],"collection":[{"href":"https:\/\/orheifm.live\/index.php\/wp-json\/wp\/v2\/posts"}],"about":[{"href":"https:\/\/orheifm.live\/index.php\/wp-json\/wp\/v2\/types\/post"}],"author":[{"embeddable":true,"href":"https:\/\/orheifm.live\/index.php\/wp-json\/wp\/v2\/users\/1"}],"replies":[{"embeddable":true,"href":"https:\/\/orheifm.live\/index.php\/wp-json\/wp\/v2\/comments?post=66875"}],"version-history":[{"count":0,"href":"https:\/\/orheifm.live\/index.php\/wp-json\/wp\/v2\/posts\/66875\/revisions"}],"wp:featuredmedia":[{"embeddable":true,"href":"https:\/\/orheifm.live\/index.php\/wp-json\/wp\/v2\/media\/66876"}],"wp:attachment":[{"href":"https:\/\/orheifm.live\/index.php\/wp-json\/wp\/v2\/media?parent=66875"}],"wp:term":[{"taxonomy":"category","embeddable":true,"href":"https:\/\/orheifm.live\/index.php\/wp-json\/wp\/v2\/categories?post=66875"},{"taxonomy":"post_tag","embeddable":true,"href":"https:\/\/orheifm.live\/index.php\/wp-json\/wp\/v2\/tags?post=66875"}],"curies":[{"name":"wp","href":"https:\/\/api.w.org\/{rel}","templated":true}]}}