{"id":66869,"date":"2025-02-11T13:20:51","date_gmt":"2025-02-11T11:20:51","guid":{"rendered":"https:\/\/orheifm.live\/index.php\/2025\/02\/11\/stefan-voda-barbat-rapit-de-un-cunoscut-si-batut-de-un-grup-de-indivizi-intr-o-padure\/"},"modified":"2025-02-11T13:20:51","modified_gmt":"2025-02-11T11:20:51","slug":"stefan-voda-barbat-rapit-de-un-cunoscut-si-batut-de-un-grup-de-indivizi-intr-o-padure","status":"publish","type":"post","link":"https:\/\/orheifm.live\/index.php\/2025\/02\/11\/stefan-voda-barbat-rapit-de-un-cunoscut-si-batut-de-un-grup-de-indivizi-intr-o-padure\/","title":{"rendered":"\u0218tefan Vod\u0103: B\u0103rbat r\u0103pit de un cunoscut \u0219i b\u0103tut de un grup de indivizi \u00eentr-o p\u0103dure"},"content":{"rendered":"<div>\n<p data-sourcepos=\"1:1-1:381\"><strong>\u00cen seara zilei de 8 februarie, un b\u0103rbat din raionul \u0218tefan Vod\u0103 a fost victima unui r\u0103pire \u0219i a unei agresiuni fizice. <\/strong><\/p>\n<p data-sourcepos=\"1:1-1:381\">Conform informa\u021biilor furnizate de \u0218tiri.md, victima a fost contactat\u0103 de un cunoscut \u00een v\u00e2rst\u0103 de 52 de ani \u0219i chemat\u0103 \u00een strad\u0103. Acolo, a fost urcat\u0103 cu for\u021ba \u00eentr-un autoturism Nissan, unde se aflau al\u021bi trei b\u0103rba\u021bi cu v\u00e2rste cuprinse \u00eentre 33 \u0219i 54 de ani.<\/p>\n<p data-sourcepos=\"3:1-3:237\">Ace\u0219tia l-au transportat pe b\u0103rbat \u00eentr-o p\u0103dure din apropierea localit\u0103\u021bii Talmaza, unde l-au agresat fizic \u0219i l-au abandonat la marginea p\u0103durii. Victima a alertat autorit\u0103\u021bile, iar cei patru suspec\u021bi au fost re\u021binu\u021bi pentru 72 de ore.<\/p>\n<p data-sourcepos=\"5:1-5:48\">Poli\u021bia a ini\u021biat o anchet\u0103 penal\u0103 \u00een acest caz.<\/p>\n<\/div>\n","protected":false},"excerpt":{"rendered":"<div><img loading=\"lazy\" decoding=\"async\" width=\"696\" height=\"392\" src=\"https:\/\/canal5.md\/wp-content\/uploads\/2025\/02\/4243d2d730b9f2c114e739e02bbfc4ea-optimized.jpg\" class=\"attachment-large size-large wp-post-image\" alt=\"\" srcset=\"https:\/\/canal5.md\/wp-content\/uploads\/2025\/02\/4243d2d730b9f2c114e739e02bbfc4ea-optimized.jpg 809w, https:\/\/canal5.md\/wp-content\/uploads\/2025\/02\/4243d2d730b9f2c114e739e02bbfc4ea-300x169-optimized.jpg 300w, https:\/\/canal5.md\/wp-content\/uploads\/2025\/02\/4243d2d730b9f2c114e739e02bbfc4ea-768x433-optimized.jpg 768w, https:\/\/canal5.md\/wp-content\/uploads\/2025\/02\/4243d2d730b9f2c114e739e02bbfc4ea-696x392-optimized.jpg 696w\">\u00cen seara zilei de 8 februarie, un b\u0103rbat din raionul \u0218tefan Vod\u0103 a fost victima unui r\u0103pire \u0219i a unei agresiuni fizice. Conform informa\u021biilor furnizate de \u0218tiri.md, victima a fost contactat\u0103 de un cunoscut \u00een v\u00e2rst\u0103 de 52 de ani \u0219i chemat\u0103 \u00een strad\u0103. Acolo, a fost urcat\u0103 cu for\u021ba \u00eentr-un autoturism Nissan, unde se [\u2026]<\/div>\n","protected":false},"author":1,"featured_media":66870,"comment_status":"closed","ping_status":"closed","sticky":false,"template":"","format":"standard","meta":{"jnews-multi-image_gallery":[],"jnews_single_post":[],"jnews_primary_category":[],"jnews_social_meta":[],"jnews_override_counter":[],"footnotes":""},"categories":[30],"tags":[],"class_list":["post-66869","post","type-post","status-publish","format-standard","has-post-thumbnail","hentry","category-social_ro"],"_links":{"self":[{"href":"https:\/\/orheifm.live\/index.php\/wp-json\/wp\/v2\/posts\/66869","targetHints":{"allow":["GET"]}}],"collection":[{"href":"https:\/\/orheifm.live\/index.php\/wp-json\/wp\/v2\/posts"}],"about":[{"href":"https:\/\/orheifm.live\/index.php\/wp-json\/wp\/v2\/types\/post"}],"author":[{"embeddable":true,"href":"https:\/\/orheifm.live\/index.php\/wp-json\/wp\/v2\/users\/1"}],"replies":[{"embeddable":true,"href":"https:\/\/orheifm.live\/index.php\/wp-json\/wp\/v2\/comments?post=66869"}],"version-history":[{"count":0,"href":"https:\/\/orheifm.live\/index.php\/wp-json\/wp\/v2\/posts\/66869\/revisions"}],"wp:featuredmedia":[{"embeddable":true,"href":"https:\/\/orheifm.live\/index.php\/wp-json\/wp\/v2\/media\/66870"}],"wp:attachment":[{"href":"https:\/\/orheifm.live\/index.php\/wp-json\/wp\/v2\/media?parent=66869"}],"wp:term":[{"taxonomy":"category","embeddable":true,"href":"https:\/\/orheifm.live\/index.php\/wp-json\/wp\/v2\/categories?post=66869"},{"taxonomy":"post_tag","embeddable":true,"href":"https:\/\/orheifm.live\/index.php\/wp-json\/wp\/v2\/tags?post=66869"}],"curies":[{"name":"wp","href":"https:\/\/api.w.org\/{rel}","templated":true}]}}