{"id":66865,"date":"2025-02-11T12:40:25","date_gmt":"2025-02-11T10:40:25","guid":{"rendered":"https:\/\/orheifm.live\/index.php\/2025\/02\/11\/detinutii-de-la-penitenciarul-rezina-intra-in-greva-a-foamei-din-cauza-noilor-modificari-ale-meniului\/"},"modified":"2025-02-11T12:40:25","modified_gmt":"2025-02-11T10:40:25","slug":"detinutii-de-la-penitenciarul-rezina-intra-in-greva-a-foamei-din-cauza-noilor-modificari-ale-meniului","status":"publish","type":"post","link":"https:\/\/orheifm.live\/index.php\/2025\/02\/11\/detinutii-de-la-penitenciarul-rezina-intra-in-greva-a-foamei-din-cauza-noilor-modificari-ale-meniului\/","title":{"rendered":"De\u021binu\u021bii de la Penitenciarul Rezina intr\u0103 \u00een grev\u0103 a foamei din cauza noilor modific\u0103ri ale meniului"},"content":{"rendered":"<div>\n<p><strong>Zeci de de\u021binu\u021bi de la Penitenciarul Nr. 17 din Rezina, unde sunt \u00eencarcera\u021bi condamna\u021bi pe via\u021b\u0103, au intrat \u00een grev\u0103 a foamei \u00eencep\u00e2nd de ieri diminea\u021b\u0103, informeaz\u0103 surse din cadrul Administra\u021biei Na\u021bionale a Penitenciarelor (ANP), potrivit PulsMedia.MD.<\/strong><\/p>\n<p>Potrivit acestora, protestul a \u00eenceput ieri la ora 07:00, c\u00e2nd aproximativ 57 de de\u021binu\u021bi au refuzat s\u0103 primeasc\u0103 micul dejun. Situa\u021bia s-a repetat \u0219i la pr\u00e2nz, c\u00e2nd num\u0103rul celor care au refuzat hrana a ajuns la 68.<\/p>\n<p>Motivele acestui protest sunt legate de modific\u0103rile aduse meniului, care de la 1 ianuarie a sc\u0103zut cantitatea de carne \u0219i p\u00e2ine, \u00eenlocuind-o cu magiun \u0219i mere. Schimb\u0103rile alimentare au fost implementate de fosta secretar\u0103 de stat la Ministerul Justi\u021biei, Nadejda Burciu, iar sursele sugereaz\u0103 c\u0103 acestea ar fi fost menite s\u0103 destabilizeze sistemul penitenciar.<\/p>\n<p>De asemenea, se men\u021bioneaz\u0103 c\u0103 ac\u021biuni similare de protest ar fi avut loc \u0219i \u00een alte penitenciare din Republica Moldova, \u00eens\u0103 acestea ar fi fost ascunse de autorit\u0103\u021bile competente.<\/p>\n<\/div>\n","protected":false},"excerpt":{"rendered":"<div><img loading=\"lazy\" decoding=\"async\" width=\"696\" height=\"392\" src=\"https:\/\/canal5.md\/wp-content\/uploads\/2025\/02\/c01235eccd415fa052d01f2bbad7605fae3231d01c6ea5bcd4e5c2d25a25ea04-1024x576-optimized.png\" class=\"attachment-large size-large wp-post-image\" alt=\"\" srcset=\"https:\/\/canal5.md\/wp-content\/uploads\/2025\/02\/c01235eccd415fa052d01f2bbad7605fae3231d01c6ea5bcd4e5c2d25a25ea04-1024x576-optimized.png 1024w, https:\/\/canal5.md\/wp-content\/uploads\/2025\/02\/c01235eccd415fa052d01f2bbad7605fae3231d01c6ea5bcd4e5c2d25a25ea04-300x169-optimized.png 300w, https:\/\/canal5.md\/wp-content\/uploads\/2025\/02\/c01235eccd415fa052d01f2bbad7605fae3231d01c6ea5bcd4e5c2d25a25ea04-768x432-optimized.png 768w, https:\/\/canal5.md\/wp-content\/uploads\/2025\/02\/c01235eccd415fa052d01f2bbad7605fae3231d01c6ea5bcd4e5c2d25a25ea04-696x392-optimized.png 696w, https:\/\/canal5.md\/wp-content\/uploads\/2025\/02\/c01235eccd415fa052d01f2bbad7605fae3231d01c6ea5bcd4e5c2d25a25ea04-1068x601-optimized.png 1068w, https:\/\/canal5.md\/wp-content\/uploads\/2025\/02\/c01235eccd415fa052d01f2bbad7605fae3231d01c6ea5bcd4e5c2d25a25ea04-optimized.png 1200w\">Zeci de de\u021binu\u021bi de la Penitenciarul Nr. 17 din Rezina, unde sunt \u00eencarcera\u021bi condamna\u021bi pe via\u021b\u0103, au intrat \u00een grev\u0103 a foamei \u00eencep\u00e2nd de ieri diminea\u021b\u0103, informeaz\u0103 surse din cadrul Administra\u021biei Na\u021bionale a Penitenciarelor (ANP), potrivit PulsMedia.MD. Potrivit acestora, protestul a \u00eenceput ieri la ora 07:00, c\u00e2nd aproximativ 57 de de\u021binu\u021bi au refuzat s\u0103 primeasc\u0103 [\u2026]<\/div>\n","protected":false},"author":1,"featured_media":66866,"comment_status":"closed","ping_status":"closed","sticky":false,"template":"","format":"standard","meta":{"jnews-multi-image_gallery":[],"jnews_single_post":[],"jnews_primary_category":[],"jnews_social_meta":[],"jnews_override_counter":[],"footnotes":""},"categories":[30],"tags":[],"class_list":["post-66865","post","type-post","status-publish","format-standard","has-post-thumbnail","hentry","category-social_ro"],"_links":{"self":[{"href":"https:\/\/orheifm.live\/index.php\/wp-json\/wp\/v2\/posts\/66865","targetHints":{"allow":["GET"]}}],"collection":[{"href":"https:\/\/orheifm.live\/index.php\/wp-json\/wp\/v2\/posts"}],"about":[{"href":"https:\/\/orheifm.live\/index.php\/wp-json\/wp\/v2\/types\/post"}],"author":[{"embeddable":true,"href":"https:\/\/orheifm.live\/index.php\/wp-json\/wp\/v2\/users\/1"}],"replies":[{"embeddable":true,"href":"https:\/\/orheifm.live\/index.php\/wp-json\/wp\/v2\/comments?post=66865"}],"version-history":[{"count":0,"href":"https:\/\/orheifm.live\/index.php\/wp-json\/wp\/v2\/posts\/66865\/revisions"}],"wp:featuredmedia":[{"embeddable":true,"href":"https:\/\/orheifm.live\/index.php\/wp-json\/wp\/v2\/media\/66866"}],"wp:attachment":[{"href":"https:\/\/orheifm.live\/index.php\/wp-json\/wp\/v2\/media?parent=66865"}],"wp:term":[{"taxonomy":"category","embeddable":true,"href":"https:\/\/orheifm.live\/index.php\/wp-json\/wp\/v2\/categories?post=66865"},{"taxonomy":"post_tag","embeddable":true,"href":"https:\/\/orheifm.live\/index.php\/wp-json\/wp\/v2\/tags?post=66865"}],"curies":[{"name":"wp","href":"https:\/\/api.w.org\/{rel}","templated":true}]}}