{"id":66861,"date":"2025-02-11T12:00:36","date_gmt":"2025-02-11T10:00:36","guid":{"rendered":"https:\/\/orheifm.live\/index.php\/2025\/02\/11\/captura-impresionanta-grupare-de-trafic-de-droguri-sintetice-destructurata-in-republica-moldova\/"},"modified":"2025-02-11T12:00:36","modified_gmt":"2025-02-11T10:00:36","slug":"captura-impresionanta-grupare-de-trafic-de-droguri-sintetice-destructurata-in-republica-moldova","status":"publish","type":"post","link":"https:\/\/orheifm.live\/index.php\/2025\/02\/11\/captura-impresionanta-grupare-de-trafic-de-droguri-sintetice-destructurata-in-republica-moldova\/","title":{"rendered":"Captur\u0103 impresionant\u0103: Grupare de trafic de droguri sintetice destructurat\u0103 \u00een Republica Moldova"},"content":{"rendered":"<div>\n<p><strong>Ofi\u021berii Direc\u021biei Antidrog, \u00eempreun\u0103 cu cei ai INI \u0219i procurorii PCCOCS, au distrus o grupare criminal\u0103 specializat\u0103 \u00een contrabanda cu droguri sintetice \u00een Republica Moldova, destinate comercializ\u0103rii prin intermediul magazinelor online.<\/strong><\/p>\n<p>\u00cen urma investiga\u021biilor, autorit\u0103\u021bile au identificat un membru activ al grup\u0103rii, un t\u00e2n\u0103r de 22 de ani, care, \u00eempreun\u0103 cu concubina sa de 18 ani, aveau rolul de a prelua droguri \u00een cantit\u0103\u021bi mari din ascunzi\u0219uri, de a le diviza \u00een doze de 1 gram \u0219i de a le depozita \u00een diverse loca\u021bii din Chi\u0219in\u0103u pentru a fi preluate ulterior de consumatori, contra cost.<\/p>\n<p>Poli\u021bi\u0219tii au aflat c\u0103 cei doi sunt din raionul Edine\u021b \u0219i c\u0103, sub \u00eendrumarea liderului grup\u0103rii, au \u00eenchiriat un apartament \u00een capital\u0103 unde depozitau drogurile. Tinerii au fost re\u021binu\u021bi \u00een momentul \u00een care inten\u021bionau s\u0103 ascund\u0103 drogurile. \u00cen urma perchezi\u021biilor, au fost g\u0103site pachete cu cocain\u0103, 1 kg de marijuana, zeci de \u021big\u0103ri electronice cu ulei de cannabis, 110 doze de cocain\u0103, 81 de doze de marijuana, c\u00e2ntare electronice de precizie \u0219i alte obiecte utilizate la ambalarea drogurilor.<\/p>\n<p>Liderul grup\u0103rii, \u00een v\u00e2rst\u0103 de 26 de ani, a fost perchezi\u021bionat la domiciliul s\u0103u, unde au fost descoperite mefedron\u0103, cocain\u0103, c\u00e2ntare electronice de mic\u0103 capacitate, telefoane mobile \u0219i aparate de vidat drogurile. De asemenea, au fost identificate cinci ascunzi\u0219uri cu droguri \u00eentr-o p\u0103dure din raionul Ialoveni, de unde au fost ridicate 10 kg de amfetamin\u0103.<\/p>\n<p>Valoarea total\u0103 a drogurilor confiscate dep\u0103\u0219e\u0219te 6,5 milioane de lei. Cei trei suspec\u021bi au fost aresta\u021bi pentru 30 de zile \u0219i risc\u0103 pedepse cu \u00eenchisoare de la 7 la 15 ani, conform legii.<\/p>\n<\/div>\n","protected":false},"excerpt":{"rendered":"<div><img loading=\"lazy\" decoding=\"async\" width=\"696\" height=\"392\" src=\"https:\/\/canal5.md\/wp-content\/uploads\/2025\/02\/e8d985c2fab5c61d4cbcf49546dd04a6862cb13e68c91c7cccc5bf7987849ca1-1-1024x576-optimized.png\" class=\"attachment-large size-large wp-post-image\" alt=\"\" srcset=\"https:\/\/canal5.md\/wp-content\/uploads\/2025\/02\/e8d985c2fab5c61d4cbcf49546dd04a6862cb13e68c91c7cccc5bf7987849ca1-1-1024x576-optimized.png 1024w, https:\/\/canal5.md\/wp-content\/uploads\/2025\/02\/e8d985c2fab5c61d4cbcf49546dd04a6862cb13e68c91c7cccc5bf7987849ca1-1-300x169-optimized.png 300w, https:\/\/canal5.md\/wp-content\/uploads\/2025\/02\/e8d985c2fab5c61d4cbcf49546dd04a6862cb13e68c91c7cccc5bf7987849ca1-1-768x432-optimized.png 768w, https:\/\/canal5.md\/wp-content\/uploads\/2025\/02\/e8d985c2fab5c61d4cbcf49546dd04a6862cb13e68c91c7cccc5bf7987849ca1-1-696x392-optimized.png 696w, https:\/\/canal5.md\/wp-content\/uploads\/2025\/02\/e8d985c2fab5c61d4cbcf49546dd04a6862cb13e68c91c7cccc5bf7987849ca1-1-1068x601-optimized.png 1068w, https:\/\/canal5.md\/wp-content\/uploads\/2025\/02\/e8d985c2fab5c61d4cbcf49546dd04a6862cb13e68c91c7cccc5bf7987849ca1-1-optimized.png 1200w\">Ofi\u021berii Direc\u021biei Antidrog, \u00eempreun\u0103 cu cei ai INI \u0219i procurorii PCCOCS, au distrus o grupare criminal\u0103 specializat\u0103 \u00een contrabanda cu droguri sintetice \u00een Republica Moldova, destinate comercializ\u0103rii prin intermediul magazinelor online. \u00cen urma investiga\u021biilor, autorit\u0103\u021bile au identificat un membru activ al grup\u0103rii, un t\u00e2n\u0103r de 22 de ani, care, \u00eempreun\u0103 cu concubina sa de 18 [\u2026]<\/div>\n","protected":false},"author":1,"featured_media":66862,"comment_status":"closed","ping_status":"closed","sticky":false,"template":"","format":"standard","meta":{"jnews-multi-image_gallery":[],"jnews_single_post":[],"jnews_primary_category":[],"jnews_social_meta":[],"jnews_override_counter":[],"footnotes":""},"categories":[30],"tags":[],"class_list":["post-66861","post","type-post","status-publish","format-standard","has-post-thumbnail","hentry","category-social_ro"],"_links":{"self":[{"href":"https:\/\/orheifm.live\/index.php\/wp-json\/wp\/v2\/posts\/66861","targetHints":{"allow":["GET"]}}],"collection":[{"href":"https:\/\/orheifm.live\/index.php\/wp-json\/wp\/v2\/posts"}],"about":[{"href":"https:\/\/orheifm.live\/index.php\/wp-json\/wp\/v2\/types\/post"}],"author":[{"embeddable":true,"href":"https:\/\/orheifm.live\/index.php\/wp-json\/wp\/v2\/users\/1"}],"replies":[{"embeddable":true,"href":"https:\/\/orheifm.live\/index.php\/wp-json\/wp\/v2\/comments?post=66861"}],"version-history":[{"count":0,"href":"https:\/\/orheifm.live\/index.php\/wp-json\/wp\/v2\/posts\/66861\/revisions"}],"wp:featuredmedia":[{"embeddable":true,"href":"https:\/\/orheifm.live\/index.php\/wp-json\/wp\/v2\/media\/66862"}],"wp:attachment":[{"href":"https:\/\/orheifm.live\/index.php\/wp-json\/wp\/v2\/media?parent=66861"}],"wp:term":[{"taxonomy":"category","embeddable":true,"href":"https:\/\/orheifm.live\/index.php\/wp-json\/wp\/v2\/categories?post=66861"},{"taxonomy":"post_tag","embeddable":true,"href":"https:\/\/orheifm.live\/index.php\/wp-json\/wp\/v2\/tags?post=66861"}],"curies":[{"name":"wp","href":"https:\/\/api.w.org\/{rel}","templated":true}]}}