{"id":66856,"date":"2025-02-11T10:40:15","date_gmt":"2025-02-11T08:40:15","guid":{"rendered":"https:\/\/orheifm.live\/index.php\/2025\/02\/11\/tragedie-in-donduseni-un-tanar-a-murit-strivit-de-crengi\/"},"modified":"2025-02-11T10:40:15","modified_gmt":"2025-02-11T08:40:15","slug":"tragedie-in-donduseni-un-tanar-a-murit-strivit-de-crengi","status":"publish","type":"post","link":"https:\/\/orheifm.live\/index.php\/2025\/02\/11\/tragedie-in-donduseni-un-tanar-a-murit-strivit-de-crengi\/","title":{"rendered":"Tragedie \u00een Dondu\u0219eni: un t\u00e2n\u0103r a murit strivit de crengi"},"content":{"rendered":"<div>\n<p><strong>Un t\u00e2n\u0103r de 33 de ani a murit dup\u0103 ce a fost strivit de o gr\u0103mad\u0103 de crengi. Tragedia s-a petrecut ieri, \u00een jurul orei 14:50, \u00een localitatea Rediul Mare, raionul Dondu\u0219eni.<\/strong><\/p>\n<p>Victima se afla \u00een curtea propriei gospod\u0103rii, \u00eencerc\u00e2nd s\u0103 descarce o remorc\u0103 cu crengi. \u00cen timp ce tr\u0103gea de un lan\u021b cu care erau legate crengile, \u00eenc\u0103rc\u0103tura s-a pr\u0103bu\u0219it peste el, iar t\u00e2n\u0103rul a decedat pe loc, \u00eenainte de sosirea ambulan\u021bei.<\/p>\n<p>Poli\u021bia investigheaz\u0103 incidentul pentru a clarifica toate \u00eemprejur\u0103rile \u00een care s-a produs tragedia.<\/p>\n<\/div>\n","protected":false},"excerpt":{"rendered":"<div><img loading=\"lazy\" decoding=\"async\" width=\"696\" height=\"392\" src=\"https:\/\/canal5.md\/wp-content\/uploads\/2025\/02\/b1ced88995f2cf820cbcc4aa0bf22ebf6df0eb732c9bc40d7fbc3dc20686904d-1024x576-optimized.png\" class=\"attachment-large size-large wp-post-image\" alt=\"\" srcset=\"https:\/\/canal5.md\/wp-content\/uploads\/2025\/02\/b1ced88995f2cf820cbcc4aa0bf22ebf6df0eb732c9bc40d7fbc3dc20686904d-1024x576-optimized.png 1024w, https:\/\/canal5.md\/wp-content\/uploads\/2025\/02\/b1ced88995f2cf820cbcc4aa0bf22ebf6df0eb732c9bc40d7fbc3dc20686904d-300x169-optimized.png 300w, https:\/\/canal5.md\/wp-content\/uploads\/2025\/02\/b1ced88995f2cf820cbcc4aa0bf22ebf6df0eb732c9bc40d7fbc3dc20686904d-768x432-optimized.png 768w, https:\/\/canal5.md\/wp-content\/uploads\/2025\/02\/b1ced88995f2cf820cbcc4aa0bf22ebf6df0eb732c9bc40d7fbc3dc20686904d-696x392-optimized.png 696w, https:\/\/canal5.md\/wp-content\/uploads\/2025\/02\/b1ced88995f2cf820cbcc4aa0bf22ebf6df0eb732c9bc40d7fbc3dc20686904d-1068x601-optimized.png 1068w, https:\/\/canal5.md\/wp-content\/uploads\/2025\/02\/b1ced88995f2cf820cbcc4aa0bf22ebf6df0eb732c9bc40d7fbc3dc20686904d-optimized.png 1200w\">Un t\u00e2n\u0103r de 33 de ani a murit dup\u0103 ce a fost strivit de o gr\u0103mad\u0103 de crengi. Tragedia s-a petrecut ieri, \u00een jurul orei 14:50, \u00een localitatea Rediul Mare, raionul Dondu\u0219eni. Victima se afla \u00een curtea propriei gospod\u0103rii, \u00eencerc\u00e2nd s\u0103 descarce o remorc\u0103 cu crengi. \u00cen timp ce tr\u0103gea de un lan\u021b cu care [\u2026]<\/div>\n","protected":false},"author":1,"featured_media":66857,"comment_status":"closed","ping_status":"closed","sticky":false,"template":"","format":"standard","meta":{"jnews-multi-image_gallery":[],"jnews_single_post":[],"jnews_primary_category":[],"jnews_social_meta":[],"jnews_override_counter":[],"footnotes":""},"categories":[30],"tags":[],"class_list":["post-66856","post","type-post","status-publish","format-standard","has-post-thumbnail","hentry","category-social_ro"],"_links":{"self":[{"href":"https:\/\/orheifm.live\/index.php\/wp-json\/wp\/v2\/posts\/66856","targetHints":{"allow":["GET"]}}],"collection":[{"href":"https:\/\/orheifm.live\/index.php\/wp-json\/wp\/v2\/posts"}],"about":[{"href":"https:\/\/orheifm.live\/index.php\/wp-json\/wp\/v2\/types\/post"}],"author":[{"embeddable":true,"href":"https:\/\/orheifm.live\/index.php\/wp-json\/wp\/v2\/users\/1"}],"replies":[{"embeddable":true,"href":"https:\/\/orheifm.live\/index.php\/wp-json\/wp\/v2\/comments?post=66856"}],"version-history":[{"count":0,"href":"https:\/\/orheifm.live\/index.php\/wp-json\/wp\/v2\/posts\/66856\/revisions"}],"wp:featuredmedia":[{"embeddable":true,"href":"https:\/\/orheifm.live\/index.php\/wp-json\/wp\/v2\/media\/66857"}],"wp:attachment":[{"href":"https:\/\/orheifm.live\/index.php\/wp-json\/wp\/v2\/media?parent=66856"}],"wp:term":[{"taxonomy":"category","embeddable":true,"href":"https:\/\/orheifm.live\/index.php\/wp-json\/wp\/v2\/categories?post=66856"},{"taxonomy":"post_tag","embeddable":true,"href":"https:\/\/orheifm.live\/index.php\/wp-json\/wp\/v2\/tags?post=66856"}],"curies":[{"name":"wp","href":"https:\/\/api.w.org\/{rel}","templated":true}]}}