{"id":66854,"date":"2025-02-11T10:20:04","date_gmt":"2025-02-11T08:20:04","guid":{"rendered":"https:\/\/orheifm.live\/index.php\/2025\/02\/11\/sofer-ucrainean-implicat-intr-un-accident-rutier-la-tudora-dar-fara-victime\/"},"modified":"2025-02-11T10:20:04","modified_gmt":"2025-02-11T08:20:04","slug":"sofer-ucrainean-implicat-intr-un-accident-rutier-la-tudora-dar-fara-victime","status":"publish","type":"post","link":"https:\/\/orheifm.live\/index.php\/2025\/02\/11\/sofer-ucrainean-implicat-intr-un-accident-rutier-la-tudora-dar-fara-victime\/","title":{"rendered":"\u0218ofer ucrainean implicat \u00eentr-un accident rutier la Tudora, dar f\u0103r\u0103 victime"},"content":{"rendered":"<div>\n<p><strong>Un ucrainean care \u00eencerca s\u0103 p\u0103r\u0103seasc\u0103 Republica Moldova prin punctul de trecere a frontierei Tudora a fost nevoit s\u0103 se \u00eentoarc\u0103 la Inspectoratul de Poli\u021bie Anenii Noi, escortat de poli\u021bie, pentru a face declara\u021bii, dup\u0103 ce a fost reclamat la 112. Incidentul a avut loc \u00een seara zilei de 9 februarie, c\u00e2nd \u00een jurul orei 21:20, poli\u021bia din Moldova a fost alertat\u0103 despre un accident rutier provocat de un Mercedes S 500 cu pl\u0103cu\u021be de \u00eenmatriculare ucrainene.<\/strong><\/p>\n<p>Potrivit unui apel anonim, \u0219oferul ar fi lovit un pieton \u0219i ar fi avariat doi st\u00e2lpi de delimitare, apoi a fugit de la fa\u021ba locului.<\/p>\n<p>Autorit\u0103\u021bile au pus imediat ma\u0219ina \u00een c\u0103utare, iar la scurt timp, \u00een jurul orei 22:00, Mercedesul a fost oprit la frontiera Tudora, iar \u0219oferul a fost re\u021binut. Ulterior, acesta a fost escortat la Inspectoratul de Poli\u021bie Anenii Noi pentru declara\u021bii. Se stabilit c\u0103, de fapt, \u00een timp ce circula prin localitatea Chetrosu, \u0219oferul \u0219i-ar fi sc\u0103pat telefonul \u0219i, \u00eencerc\u00e2nd s\u0103-l ridice, a efectuat o manevr\u0103 brusc\u0103, avariind doi st\u00e2lpi. Un pieton care a asistat la incident s-a speriat \u0219i a sunat la 112, dar nu a dorit s\u0103 se prezinte la poli\u021bie \u0219i a declarat fals c\u0103 ar fi fost accidentat.<\/p>\n<p>\u00cen final, ucraineanul a fost documentat, iar apelantul care a sunat la 112 a refuzat s\u0103 se prezinte. \u0218oferul a fost l\u0103sat s\u0103-\u0219i continue drumul. De asemenea, Poli\u021bia a anun\u021bat c\u0103, \u00eencep\u00e2nd cu 10 februarie, noile camere de monitorizare a traficului vor detecta \u0219i abaterile privind nefolosirea centurii de siguran\u021b\u0103 \u0219i utilizarea telefonului \u00een timpul condusului.<\/p>\n<\/div>\n","protected":false},"excerpt":{"rendered":"<div><img loading=\"lazy\" decoding=\"async\" width=\"696\" height=\"392\" src=\"https:\/\/canal5.md\/wp-content\/uploads\/2025\/02\/98b45695f0abad97af9073510f6ec6b52642c61c232e76ba5c201b31bf4c0cb4-1024x576-optimized.png\" class=\"attachment-large size-large wp-post-image\" alt=\"\" srcset=\"https:\/\/canal5.md\/wp-content\/uploads\/2025\/02\/98b45695f0abad97af9073510f6ec6b52642c61c232e76ba5c201b31bf4c0cb4-1024x576-optimized.png 1024w, https:\/\/canal5.md\/wp-content\/uploads\/2025\/02\/98b45695f0abad97af9073510f6ec6b52642c61c232e76ba5c201b31bf4c0cb4-300x169-optimized.png 300w, https:\/\/canal5.md\/wp-content\/uploads\/2025\/02\/98b45695f0abad97af9073510f6ec6b52642c61c232e76ba5c201b31bf4c0cb4-768x432-optimized.png 768w, https:\/\/canal5.md\/wp-content\/uploads\/2025\/02\/98b45695f0abad97af9073510f6ec6b52642c61c232e76ba5c201b31bf4c0cb4-696x392-optimized.png 696w, https:\/\/canal5.md\/wp-content\/uploads\/2025\/02\/98b45695f0abad97af9073510f6ec6b52642c61c232e76ba5c201b31bf4c0cb4-1068x601-optimized.png 1068w, https:\/\/canal5.md\/wp-content\/uploads\/2025\/02\/98b45695f0abad97af9073510f6ec6b52642c61c232e76ba5c201b31bf4c0cb4-optimized.png 1200w\">Un ucrainean care \u00eencerca s\u0103 p\u0103r\u0103seasc\u0103 Republica Moldova prin punctul de trecere a frontierei Tudora a fost nevoit s\u0103 se \u00eentoarc\u0103 la Inspectoratul de Poli\u021bie Anenii Noi, escortat de poli\u021bie, pentru a face declara\u021bii, dup\u0103 ce a fost reclamat la 112. Incidentul a avut loc \u00een seara zilei de 9 februarie, c\u00e2nd \u00een jurul orei [\u2026]<\/div>\n","protected":false},"author":1,"featured_media":66855,"comment_status":"closed","ping_status":"closed","sticky":false,"template":"","format":"standard","meta":{"jnews-multi-image_gallery":[],"jnews_single_post":[],"jnews_primary_category":[],"jnews_social_meta":[],"jnews_override_counter":[],"footnotes":""},"categories":[30],"tags":[],"class_list":["post-66854","post","type-post","status-publish","format-standard","has-post-thumbnail","hentry","category-social_ro"],"_links":{"self":[{"href":"https:\/\/orheifm.live\/index.php\/wp-json\/wp\/v2\/posts\/66854","targetHints":{"allow":["GET"]}}],"collection":[{"href":"https:\/\/orheifm.live\/index.php\/wp-json\/wp\/v2\/posts"}],"about":[{"href":"https:\/\/orheifm.live\/index.php\/wp-json\/wp\/v2\/types\/post"}],"author":[{"embeddable":true,"href":"https:\/\/orheifm.live\/index.php\/wp-json\/wp\/v2\/users\/1"}],"replies":[{"embeddable":true,"href":"https:\/\/orheifm.live\/index.php\/wp-json\/wp\/v2\/comments?post=66854"}],"version-history":[{"count":0,"href":"https:\/\/orheifm.live\/index.php\/wp-json\/wp\/v2\/posts\/66854\/revisions"}],"wp:featuredmedia":[{"embeddable":true,"href":"https:\/\/orheifm.live\/index.php\/wp-json\/wp\/v2\/media\/66855"}],"wp:attachment":[{"href":"https:\/\/orheifm.live\/index.php\/wp-json\/wp\/v2\/media?parent=66854"}],"wp:term":[{"taxonomy":"category","embeddable":true,"href":"https:\/\/orheifm.live\/index.php\/wp-json\/wp\/v2\/categories?post=66854"},{"taxonomy":"post_tag","embeddable":true,"href":"https:\/\/orheifm.live\/index.php\/wp-json\/wp\/v2\/tags?post=66854"}],"curies":[{"name":"wp","href":"https:\/\/api.w.org\/{rel}","templated":true}]}}