{"id":66852,"date":"2025-02-11T10:00:05","date_gmt":"2025-02-11T08:00:05","guid":{"rendered":"https:\/\/orheifm.live\/index.php\/2025\/02\/11\/moldovean-retinut-in-ptf-albita-cautat-pentru-furt-in-franta-si-romania\/"},"modified":"2025-02-11T10:00:05","modified_gmt":"2025-02-11T08:00:05","slug":"moldovean-retinut-in-ptf-albita-cautat-pentru-furt-in-franta-si-romania","status":"publish","type":"post","link":"https:\/\/orheifm.live\/index.php\/2025\/02\/11\/moldovean-retinut-in-ptf-albita-cautat-pentru-furt-in-franta-si-romania\/","title":{"rendered":"Moldovean re\u021binut \u00een PTF Albi\u021ba, c\u0103utat pentru furt \u00een Fran\u021ba \u0219i Rom\u00e2nia"},"content":{"rendered":"<div>\n<p style=\"text-align: left;\"><strong>Un moldovean de 42 de ani, c\u0103utat de autorit\u0103\u021bile din Fran\u021ba \u0219i Rom\u00e2nia pentru furt, a fost re\u021binut \u00een Punctul de Trecere a Frontierei Albi\u021ba, \u00een timp ce \u00eencerca s\u0103 treac\u0103 grani\u021ba ca pasager \u00eentr-un autocar. <\/strong><\/p>\n<p style=\"text-align: left;\">\u00cen data de 9 februarie, \u00een jurul orei 03:15, b\u0103rbatul, cu dubl\u0103 cet\u0103\u021benie rom\u00e2n\u0103 \u0219i moldoveneasc\u0103, a fost supus controlului de frontier\u0103.<\/p>\n<p style=\"text-align: left;\">Cu aceast\u0103 ocazie, poli\u021bi\u0219tii de frontier\u0103 au descoperit c\u0103 pe numele s\u0103u erau emise dou\u0103 alerte pentru executarea unui mandat de arestare \u0219i extr\u0103dare, solicitat de autorit\u0103\u021bile din Rom\u00e2nia \u0219i Fran\u021ba, pentru furt din proprietate privat\u0103 \u00een Fran\u021ba.<\/p>\n<p style=\"text-align: left;\">B\u0103rbatul a fost predat unei echipe din cadrul Serviciului de Investiga\u021bii Criminale al IPJ Vaslui pentru continuarea procedurilor legale.<\/p>\n<\/div>\n","protected":false},"excerpt":{"rendered":"<div><img loading=\"lazy\" decoding=\"async\" width=\"696\" height=\"392\" src=\"https:\/\/canal5.md\/wp-content\/uploads\/2025\/02\/78874faf7eb8bcb6f384eab7fca7b920b28f90de538c3ddbf6e22c88c6235fe8-optimized.jpg\" class=\"attachment-large size-large wp-post-image\" alt=\"\" srcset=\"https:\/\/canal5.md\/wp-content\/uploads\/2025\/02\/78874faf7eb8bcb6f384eab7fca7b920b28f90de538c3ddbf6e22c88c6235fe8-optimized.jpg 800w, https:\/\/canal5.md\/wp-content\/uploads\/2025\/02\/78874faf7eb8bcb6f384eab7fca7b920b28f90de538c3ddbf6e22c88c6235fe8-300x169-optimized.jpg 300w, https:\/\/canal5.md\/wp-content\/uploads\/2025\/02\/78874faf7eb8bcb6f384eab7fca7b920b28f90de538c3ddbf6e22c88c6235fe8-768x432-optimized.jpg 768w, https:\/\/canal5.md\/wp-content\/uploads\/2025\/02\/78874faf7eb8bcb6f384eab7fca7b920b28f90de538c3ddbf6e22c88c6235fe8-696x392-optimized.jpg 696w\">Un moldovean de 42 de ani, c\u0103utat de autorit\u0103\u021bile din Fran\u021ba \u0219i Rom\u00e2nia pentru furt, a fost re\u021binut \u00een Punctul de Trecere a Frontierei Albi\u021ba, \u00een timp ce \u00eencerca s\u0103 treac\u0103 grani\u021ba ca pasager \u00eentr-un autocar. \u00cen data de 9 februarie, \u00een jurul orei 03:15, b\u0103rbatul, cu dubl\u0103 cet\u0103\u021benie rom\u00e2n\u0103 \u0219i moldoveneasc\u0103, a fost supus [\u2026]<\/div>\n","protected":false},"author":1,"featured_media":66853,"comment_status":"closed","ping_status":"closed","sticky":false,"template":"","format":"standard","meta":{"jnews-multi-image_gallery":[],"jnews_single_post":[],"jnews_primary_category":[],"jnews_social_meta":[],"jnews_override_counter":[],"footnotes":""},"categories":[30],"tags":[],"class_list":["post-66852","post","type-post","status-publish","format-standard","has-post-thumbnail","hentry","category-social_ro"],"_links":{"self":[{"href":"https:\/\/orheifm.live\/index.php\/wp-json\/wp\/v2\/posts\/66852","targetHints":{"allow":["GET"]}}],"collection":[{"href":"https:\/\/orheifm.live\/index.php\/wp-json\/wp\/v2\/posts"}],"about":[{"href":"https:\/\/orheifm.live\/index.php\/wp-json\/wp\/v2\/types\/post"}],"author":[{"embeddable":true,"href":"https:\/\/orheifm.live\/index.php\/wp-json\/wp\/v2\/users\/1"}],"replies":[{"embeddable":true,"href":"https:\/\/orheifm.live\/index.php\/wp-json\/wp\/v2\/comments?post=66852"}],"version-history":[{"count":0,"href":"https:\/\/orheifm.live\/index.php\/wp-json\/wp\/v2\/posts\/66852\/revisions"}],"wp:featuredmedia":[{"embeddable":true,"href":"https:\/\/orheifm.live\/index.php\/wp-json\/wp\/v2\/media\/66853"}],"wp:attachment":[{"href":"https:\/\/orheifm.live\/index.php\/wp-json\/wp\/v2\/media?parent=66852"}],"wp:term":[{"taxonomy":"category","embeddable":true,"href":"https:\/\/orheifm.live\/index.php\/wp-json\/wp\/v2\/categories?post=66852"},{"taxonomy":"post_tag","embeddable":true,"href":"https:\/\/orheifm.live\/index.php\/wp-json\/wp\/v2\/tags?post=66852"}],"curies":[{"name":"wp","href":"https:\/\/api.w.org\/{rel}","templated":true}]}}