{"id":66848,"date":"2025-02-11T09:30:53","date_gmt":"2025-02-11T07:30:53","guid":{"rendered":"https:\/\/orheifm.live\/index.php\/2025\/02\/11\/ecaterina-maniuc-scoasa-din-penitenciar-pentru-ingrijiri-medicale-dupa-retinerea-in-cazul-mortii-femeii-de-afaceri\/"},"modified":"2025-02-11T09:30:53","modified_gmt":"2025-02-11T07:30:53","slug":"ecaterina-maniuc-scoasa-din-penitenciar-pentru-ingrijiri-medicale-dupa-retinerea-in-cazul-mortii-femeii-de-afaceri","status":"publish","type":"post","link":"https:\/\/orheifm.live\/index.php\/2025\/02\/11\/ecaterina-maniuc-scoasa-din-penitenciar-pentru-ingrijiri-medicale-dupa-retinerea-in-cazul-mortii-femeii-de-afaceri\/","title":{"rendered":"Ecaterina Maniuc, scoas\u0103 din penitenciar pentru \u00eengrijiri medicale dup\u0103 re\u021binerea \u00een cazul mor\u021bii femeii de afaceri"},"content":{"rendered":"<div>\n<p><strong>Ecaterina Maniuc, anesteziologul care a fost re\u021binut \u00een cazul decesului unei femei de afaceri, \u00eentr-un salon cosmetologic din Chi\u0219in\u0103u, \u0219i care ieri a primit mandat de arest pentru 30 de zile, a fost scoas\u0103 din Penitenciarul Nr.13, ieri-seara, \u00een jurul orei 22:00, sus\u021bin sursele <a href=\"https:\/\/pulsmedia.md\/article\/c5f0e31571e69b8c\/news-alert-surse-ecaterina-maniuc-anesteziologul-arestat-in-cazul-decesului-unei-femei-de-afaceri-intr-un-salon-cosmetologic-scoasa-din-penitenciarul-nr-13-si-escortata-cu-ambulanta-la-spital.html\">PulsMedia.MD<\/a>, din cadrul Administra\u021biei Na\u021bionale a Penitenciarelor.<\/strong><\/p>\n<p>Astfel, potrivit surselor, Ecaterina Maniuc ar fi acuzat c\u0103 i s-ar fi agravat starea de s\u0103n\u0103tate, \u00een jurul orei 21:15, iar ulterior, factorii de decizie ai institu\u021biei de deten\u021bie, au decis ca la Penitenciarul Nr.13 s\u0103 fie chemat\u0103 o ambulan\u021b\u0103 cu care a fost escortat\u0103 Maniuc la Institutul de Medicin\u0103 Urgent\u0103 pentru investiga\u021bii medicale.<\/p>\n<p>Ulterior, aceasta a fost adus\u0103 \u00eenapoi la penitenciar \u0219i \u00eencarcerat\u0103 \u00een celula unde urmeaz\u0103 s\u0103 fie de\u021binut\u0103 pentru 30 de zile de arest preventiv, \u00een baza deciziei luat\u0103 ieri de c\u0103tre magistratul de instruc\u021bie de la Judec\u0103toria Chi\u0219in\u0103u, sediul Ciocana.<\/p>\n<p>Amintim c\u0103 Maniuc a fost re\u021binut\u0103 vineri, 7 februarie, la intersec\u021bia str\u0103zii Columna cu strada Alexandr Pu\u0219kin din Chi\u0219in\u0103u, dup\u0103 ce la solicitarea procurorilor ma\u0219ina acesteia a fost tras\u0103 pe dreapta de poli\u021bi\u0219ti.<\/p>\n<p>Aceasta ar fi primit statut de b\u0103nuit \u00een dosar, pentru practicarea ilegal\u0103 a medicinei sau a activit\u0103\u0163ii farmaceutice, fapt care a cauzat din impruden\u021b\u0103 decesul victimei, fiind re\u021binut\u0103 pentru 72 de ore \u00een Izolatorul de Deten\u021bie Preventiv\u0103 a Direc\u021biei de Poli\u021bie a mun.Chi\u0219in\u0103u, dup\u0103 ce o femeie de afaceri a ,murit la o un salon din Capital\u0103, pe 30 ianuarie. \u00een timpul unei proceduri cosmetologice.<\/p>\n<p>Proprietara salonului, Irina Borodkina, a p\u0103r\u0103sit \u021bara dup\u0103 ce victima a fost transportat\u0103 la spital.<\/p>\n<p>Potrivit ministrului S\u0103n\u0103t\u0103\u021bii, Ala Nemerenco, anesteziologul implicat \u00een cazul femeii de afaceri, care a murit la un salon de \u00eenfrumuse\u021bare, a activat anterior \u00eentr-un spital public, unde s-au descoperit multiple ilegalit\u0103\u021bi, inclusiv o sec\u021bie clandestin\u0103 de chirurgie cosmetologic\u0103.<\/p>\n<p>Urmare a tragediei, Agen\u021bia Na\u021bional\u0103 pentru S\u0103n\u0103tate Public\u0103 a anun\u021bat c\u0103 va face verific\u0103ri la mai multe cabinete \u0219i saloane cosmetologice. Conform ANSP, salonul de \u00eenfrumuse\u021bare unde a decedat victima nu avea autoriza\u021bie pentru proceduri medicale invazive.<\/p>\n<p>Alexandru Zmeu, avocatul medicului anestezist, sus\u021bine c\u0103 victimei nu i-a fost administrat\u0103 anestezie general\u0103, iar clienta sa nu activa \u00een acel salon ca anesteziolog, dar ca medic specialist \u0219i avea toate actele \u00een regul\u0103<\/p>\n<\/div>\n","protected":false},"excerpt":{"rendered":"<div><img loading=\"lazy\" decoding=\"async\" width=\"696\" height=\"392\" src=\"https:\/\/canal5.md\/wp-content\/uploads\/2025\/02\/b24eec32af978426b93738474aa2937fdd313d37e2c88add4b5d9cba322eea3e-1024x576-optimized.jpg\" class=\"attachment-large size-large wp-post-image\" alt=\"\" srcset=\"https:\/\/canal5.md\/wp-content\/uploads\/2025\/02\/b24eec32af978426b93738474aa2937fdd313d37e2c88add4b5d9cba322eea3e-1024x576-optimized.jpg 1024w, https:\/\/canal5.md\/wp-content\/uploads\/2025\/02\/b24eec32af978426b93738474aa2937fdd313d37e2c88add4b5d9cba322eea3e-300x169-optimized.jpg 300w, https:\/\/canal5.md\/wp-content\/uploads\/2025\/02\/b24eec32af978426b93738474aa2937fdd313d37e2c88add4b5d9cba322eea3e-768x432-optimized.jpg 768w, https:\/\/canal5.md\/wp-content\/uploads\/2025\/02\/b24eec32af978426b93738474aa2937fdd313d37e2c88add4b5d9cba322eea3e-696x392-optimized.jpg 696w, https:\/\/canal5.md\/wp-content\/uploads\/2025\/02\/b24eec32af978426b93738474aa2937fdd313d37e2c88add4b5d9cba322eea3e-1068x601-optimized.jpg 1068w, https:\/\/canal5.md\/wp-content\/uploads\/2025\/02\/b24eec32af978426b93738474aa2937fdd313d37e2c88add4b5d9cba322eea3e-optimized.jpg 1200w\">Ecaterina Maniuc, anesteziologul care a fost re\u021binut \u00een cazul decesului unei femei de afaceri, \u00eentr-un salon cosmetologic din Chi\u0219in\u0103u, \u0219i care ieri a primit mandat de arest pentru 30 de zile, a fost scoas\u0103 din Penitenciarul Nr.13, ieri-seara, \u00een jurul orei 22:00, sus\u021bin sursele PulsMedia.MD, din cadrul Administra\u021biei Na\u021bionale a Penitenciarelor. Astfel, potrivit surselor, Ecaterina [\u2026]<\/div>\n","protected":false},"author":1,"featured_media":66849,"comment_status":"closed","ping_status":"closed","sticky":false,"template":"","format":"standard","meta":{"jnews-multi-image_gallery":[],"jnews_single_post":[],"jnews_primary_category":[],"jnews_social_meta":[],"jnews_override_counter":[],"footnotes":""},"categories":[30],"tags":[],"class_list":["post-66848","post","type-post","status-publish","format-standard","has-post-thumbnail","hentry","category-social_ro"],"_links":{"self":[{"href":"https:\/\/orheifm.live\/index.php\/wp-json\/wp\/v2\/posts\/66848","targetHints":{"allow":["GET"]}}],"collection":[{"href":"https:\/\/orheifm.live\/index.php\/wp-json\/wp\/v2\/posts"}],"about":[{"href":"https:\/\/orheifm.live\/index.php\/wp-json\/wp\/v2\/types\/post"}],"author":[{"embeddable":true,"href":"https:\/\/orheifm.live\/index.php\/wp-json\/wp\/v2\/users\/1"}],"replies":[{"embeddable":true,"href":"https:\/\/orheifm.live\/index.php\/wp-json\/wp\/v2\/comments?post=66848"}],"version-history":[{"count":0,"href":"https:\/\/orheifm.live\/index.php\/wp-json\/wp\/v2\/posts\/66848\/revisions"}],"wp:featuredmedia":[{"embeddable":true,"href":"https:\/\/orheifm.live\/index.php\/wp-json\/wp\/v2\/media\/66849"}],"wp:attachment":[{"href":"https:\/\/orheifm.live\/index.php\/wp-json\/wp\/v2\/media?parent=66848"}],"wp:term":[{"taxonomy":"category","embeddable":true,"href":"https:\/\/orheifm.live\/index.php\/wp-json\/wp\/v2\/categories?post=66848"},{"taxonomy":"post_tag","embeddable":true,"href":"https:\/\/orheifm.live\/index.php\/wp-json\/wp\/v2\/tags?post=66848"}],"curies":[{"name":"wp","href":"https:\/\/api.w.org\/{rel}","templated":true}]}}