{"id":66846,"date":"2025-02-11T09:15:16","date_gmt":"2025-02-11T07:15:16","guid":{"rendered":"https:\/\/orheifm.live\/index.php\/2025\/02\/11\/cum-va-fi-vremea-in-chisinau-temperaturi-scazute-si-cer-partial-noros\/"},"modified":"2025-02-11T09:15:16","modified_gmt":"2025-02-11T07:15:16","slug":"cum-va-fi-vremea-in-chisinau-temperaturi-scazute-si-cer-partial-noros","status":"publish","type":"post","link":"https:\/\/orheifm.live\/index.php\/2025\/02\/11\/cum-va-fi-vremea-in-chisinau-temperaturi-scazute-si-cer-partial-noros\/","title":{"rendered":"Cum va fi vremea \u00een Chi\u0219in\u0103u: Temperaturi sc\u0103zute \u0219i cer par\u021bial noros"},"content":{"rendered":"<div>\n<p><strong>Ast\u0103zi, \u00een Moldova, vremea va fi predominant stabil\u0103, f\u0103r\u0103 precipita\u021bii semnificative sau fluctua\u021bii bruste de temperatur\u0103, conform prognozei Serviciului Hidrometeorologic de Stat. \u00cen Chi\u0219in\u0103u, temperatura maxim\u0103 va ajunge la -2.7\u00b0C, iar minima va cobor\u00ee p\u00e2n\u0103 la -8.2\u00b0C. Diminea\u021ba va \u00eencepe cu cer par\u021bial noros \u0219i temperaturi sc\u0103zute de aproximativ -8.2\u00b0C la ora 7:00. <\/strong><\/p>\n<p>Pe parcursul zilei, cerul se va \u00eennora treptat, dar nu vor ap\u0103rea precipita\u021bii. Probabilitatea de precipita\u021bii va fi de 0% pe tot parcursul zilei. Soarele va r\u0103s\u0103ri la ora 07:14 \u0219i va apune la 17:22.<\/p>\n<p>M\u00e2ine, se preconizeaz\u0103 o u\u0219oar\u0103 cre\u0219tere a temperaturii maxime p\u00e2n\u0103 la -0.6\u00b0C \u0219i o minim\u0103 de -8.7\u00b0C. Cerul va fi par\u021bial noros \u0219i nu sunt a\u0219teptate precipita\u021bii pe parcursul zilei. Comparativ cu ziua de ast\u0103zi, vremea de m\u00e2ine va aduce o temperatur\u0103 mai ridicat\u0103 \u00een timpul zilei.<\/p>\n<p>Poim\u00e2ine, condi\u021biile termice se vor \u00eembun\u0103t\u0103\u021bi, cu o temperatur\u0103 maxim\u0103 de 3.4\u00b0C \u0219i o minim\u0103 mai bl\u00e2nd\u0103 de -6.8\u00b0C. Cerul va r\u0103m\u00e2ne par\u021bial noros, iar probabilitatea de precipita\u021bii va fi sc\u0103zut\u0103, de 3%. Temperaturile vor fi semnificativ mai ridicate fa\u021b\u0103 de zilele anterioare, indic\u00e2nd o u\u0219oar\u0103 tendin\u021b\u0103 de \u00eenc\u0103lzire \u00een regiune.<\/p>\n<\/div>\n","protected":false},"excerpt":{"rendered":"<div><img loading=\"lazy\" decoding=\"async\" width=\"696\" height=\"391\" src=\"https:\/\/canal5.md\/wp-content\/uploads\/2025\/02\/replica-51eee2c9e79cca340ff3295225722f59_1280x720_fill-optimized.webp\" class=\"attachment-large size-large wp-post-image\" alt=\"\" srcset=\"https:\/\/canal5.md\/wp-content\/uploads\/2025\/02\/replica-51eee2c9e79cca340ff3295225722f59_1280x720_fill-optimized.webp 820w, https:\/\/canal5.md\/wp-content\/uploads\/2025\/02\/replica-51eee2c9e79cca340ff3295225722f59_1280x720_fill-300x169-optimized.webp 300w, https:\/\/canal5.md\/wp-content\/uploads\/2025\/02\/replica-51eee2c9e79cca340ff3295225722f59_1280x720_fill-768x432-optimized.webp 768w, https:\/\/canal5.md\/wp-content\/uploads\/2025\/02\/replica-51eee2c9e79cca340ff3295225722f59_1280x720_fill-696x391-optimized.webp 696w\">Ast\u0103zi, \u00een Moldova, vremea va fi predominant stabil\u0103, f\u0103r\u0103 precipita\u021bii semnificative sau fluctua\u021bii bruste de temperatur\u0103, conform prognozei Serviciului Hidrometeorologic de Stat. \u00cen Chi\u0219in\u0103u, temperatura maxim\u0103 va ajunge la -2.7\u00b0C, iar minima va cobor\u00ee p\u00e2n\u0103 la -8.2\u00b0C. Diminea\u021ba va \u00eencepe cu cer par\u021bial noros \u0219i temperaturi sc\u0103zute de aproximativ -8.2\u00b0C la ora 7:00. Pe parcursul [\u2026]<\/div>\n","protected":false},"author":1,"featured_media":66847,"comment_status":"closed","ping_status":"closed","sticky":false,"template":"","format":"standard","meta":{"jnews-multi-image_gallery":[],"jnews_single_post":[],"jnews_primary_category":[],"jnews_social_meta":[],"jnews_override_counter":[],"footnotes":""},"categories":[30],"tags":[],"class_list":["post-66846","post","type-post","status-publish","format-standard","has-post-thumbnail","hentry","category-social_ro"],"_links":{"self":[{"href":"https:\/\/orheifm.live\/index.php\/wp-json\/wp\/v2\/posts\/66846","targetHints":{"allow":["GET"]}}],"collection":[{"href":"https:\/\/orheifm.live\/index.php\/wp-json\/wp\/v2\/posts"}],"about":[{"href":"https:\/\/orheifm.live\/index.php\/wp-json\/wp\/v2\/types\/post"}],"author":[{"embeddable":true,"href":"https:\/\/orheifm.live\/index.php\/wp-json\/wp\/v2\/users\/1"}],"replies":[{"embeddable":true,"href":"https:\/\/orheifm.live\/index.php\/wp-json\/wp\/v2\/comments?post=66846"}],"version-history":[{"count":0,"href":"https:\/\/orheifm.live\/index.php\/wp-json\/wp\/v2\/posts\/66846\/revisions"}],"wp:featuredmedia":[{"embeddable":true,"href":"https:\/\/orheifm.live\/index.php\/wp-json\/wp\/v2\/media\/66847"}],"wp:attachment":[{"href":"https:\/\/orheifm.live\/index.php\/wp-json\/wp\/v2\/media?parent=66846"}],"wp:term":[{"taxonomy":"category","embeddable":true,"href":"https:\/\/orheifm.live\/index.php\/wp-json\/wp\/v2\/categories?post=66846"},{"taxonomy":"post_tag","embeddable":true,"href":"https:\/\/orheifm.live\/index.php\/wp-json\/wp\/v2\/tags?post=66846"}],"curies":[{"name":"wp","href":"https:\/\/api.w.org\/{rel}","templated":true}]}}