{"id":66844,"date":"2025-02-11T00:08:47","date_gmt":"2025-02-10T22:08:47","guid":{"rendered":"https:\/\/orheifm.live\/index.php\/2025\/02\/11\/gaze-lacrimogene-folosite-de-jandarmi-la-protestul-din-piata-victoriei-al-sustinatorilor-lui-calin-georgescu-sunt-persoane-care-indeamna-la-violente-impotriva-fortelor-de-ordine\/"},"modified":"2025-02-11T00:08:47","modified_gmt":"2025-02-10T22:08:47","slug":"gaze-lacrimogene-folosite-de-jandarmi-la-protestul-din-piata-victoriei-al-sustinatorilor-lui-calin-georgescu-sunt-persoane-care-indeamna-la-violente-impotriva-fortelor-de-ordine","status":"publish","type":"post","link":"https:\/\/orheifm.live\/index.php\/2025\/02\/11\/gaze-lacrimogene-folosite-de-jandarmi-la-protestul-din-piata-victoriei-al-sustinatorilor-lui-calin-georgescu-sunt-persoane-care-indeamna-la-violente-impotriva-fortelor-de-ordine\/","title":{"rendered":"Gaze lacrimogene folosite de jandarmi la protestul din Pia\u021ba Victoriei al sus\u021bin\u0103torilor lui C\u0103lin Georgescu: \u201eSunt persoane care \u00eendeamn\u0103 la violen\u021be \u00eempotriva for\u021belor de ordine\u201d \/ \u201eTr\u0103d\u0103torii\u201d, scandeaz\u0103 mul\u021bimea"},"content":{"rendered":"<div>\n<p><strong>Au avut loc ciocniri \u00eentre sus\u021bin\u0103torii lui C\u0103lin Georgescu \u0219i for\u021bele de ordine la manifesta\u021bia din Pia\u021ba Victoriei care a \u00eenceput la ora 11.00 \u0219i s-a \u00eencheiat dup\u0103 aproximativ opt ore. Jandarmeria Bucure\u0219tia a transmis c\u0103 a folosit gaze lacrimogene \u00eentruc\u00e2t cei prezen\u021bi au for\u021bat \u00een repetate r\u00e2nduri dispozitivul de jandarmi. For\u021bele de ordine au anun\u021bat c\u0103 printre cei c\u00e2teva sute d manifestan\u021bi s-au aflat persoane care au \u00eendemnat la violen\u021b\u0103 \u00eempotriva jandarmilor.<\/strong><\/p>\n<h2 class=\"wp-block-heading\">Principalele momente ale protestului sus\u021bin\u0103torilor lui C\u0103lin Georgescu:<\/h2>\n<p>Jandarmeria Capitalei a anun\u021bat luni sear\u0103 c\u0103 patru persoane s-au ales cu dosare penale pentru opt infrac\u021biuni la protestul neautorizat din Pia\u021ba Victoriei, la care au participat c\u00e2teva sute de persoane.<\/p>\n<div id=\"div-billboard2\" class=\"inserted-position billboard-2\" data-google-query-id=\"CPf2xceIuosDFZ5eQQIdZjwUEg\">\n<div id=\"google_ads_iframe_\/22264327084\/hotnews_art\/billboard2_0__container__\"><\/div>\n<\/div>\n<p>Conform unui comunicat de pres\u0103 transmis de Jandarmeria Capitalei, \u00een urma \u00eenc\u0103lc\u0103rii prevederilor legale \u00een vigoare au fost \u00eentocmite patru acte de sesizare a organelor de urm\u0103rire penal\u0103, pentru distrugere, tulburarea ordinii \u0219i lini\u0219tii publice, portul sau folosirea f\u0103r\u0103 drept de obiecte periculoase \u0219i ultraj.<\/p>\n<p>\u201eDe asemenea, au fost aplicate cinci sanc\u021biuni contraven\u021bionale, \u00een valoare total\u0103 de 6.000 de lei, pentru instigarea prin orice mijloace, ini\u021bierea sau recurgerea la ac\u021biuni violente sau alte manifest\u0103ri, cu inten\u021bia de z\u0103d\u0103rnicire ori tulburare, \u00een orice mod, a adun\u0103rilor publice\u201d, a mai transmis Jandarmeria Bucure\u0219ti.<\/p>\n<p>Potrivit Jandarmeriei, \u00een continuare se fac verific\u0103ri \u201epentru identificarea \u0219i sanc\u021bionarea altor persoane care au provocat for\u021bele de ordine, au exercitat presiuni asupra dispozitivului de jandarmi \u0219i au incitat la violen\u021b\u0103, \u00eenc\u0103lc\u00e2nd cadrul legal \u00een vigoare\u201d.<\/p>\n<div id=\"div-billboard3\" class=\"inserted-position billboard-3\" data-google-query-id=\"CPj2xceIuosDFZ5eQQIdZjwUEg\">\n<div id=\"google_ads_iframe_\/22264327084\/hotnews_art\/billboard3_0__container__\"><\/div>\n<\/div>\n<p>\u201eReiter\u0103m faptul c\u0103 manifesta\u021bia nu a urmat procedura prev\u0103zut\u0103 de Legea nr. 60 din 1991 (republicat\u0103) privind organizarea \u0219i desf\u0103\u0219urarea adun\u0103rilor publice, cu modific\u0103rile \u0219i complet\u0103rile ulterioare, pentru declararea prealabil\u0103 a adun\u0103rilor publice, astfel c\u0103 desf\u0103\u0219urarea acesteia s-a f\u0103cut \u00een afara cadrului legal \u00een vigoare, ceea ce este regretabil \u00een actualul context interna\u021bional de securitate. Nu \u00een ultimul r\u00e2nd, este de ne\u00een\u021beles cum unii cet\u0103\u021beni aleg s\u0103 se manifeste violent, \u00een ciuda riscului de a suporta rigorile legii, \u00een timp ce al\u021bi participan\u021bi nu se delimiteaz\u0103 de astfel de actiuni si nu-i indic\u0103 jandarmilor, din contr\u0103, exist\u00e2nd situa\u021bii punctuale c\u00e2nd \u00eencercau s\u0103-i protejezeze \u00een fa\u021ba for\u021belor de ordine\u201d, mai scrie \u00een comunicat.<\/p>\n<p>Ultimul mare protest al sus\u021bin\u0103torilor lui C\u0103lin Georgescu\u00a0a avut loc pe 24 ianuarie,\u00a0c\u00e2nd mii de sus\u021bin\u0103tori ai lui C\u0103lin Georgescu au protestat \u00een Pia\u021ba Victoriei, dup\u0103 ce ini\u021bial au participat la o manifesta\u021bie convocat\u0103 de fostul candidat \u00een Parcul Tineretului, cu ocazia celebr\u0103rii Unirii Principatelor.<\/p>\n<h2 class=\"wp-block-heading\">Avertismentul Jandarmeriei Bucure\u0219ti<\/h2>\n<p>Jandarmeria Bucure\u0219ti a avertizat \u00een weekend c\u0103 luni sunt a\u0219teptate proteste, concomitent, \u00een Pia\u021ba Victoriei \u0219i Pia\u021ba Universit\u0103\u021bii, organizate de sus\u021bin\u0103tori ai lui C\u0103lin Georgescu.<\/p>\n<p>\u201eInsist\u0103m ca participan\u021bii la aceste adun\u0103ri publice nedeclarate \u0219i neasumate s\u0103 colaboreze permanent cu for\u021bele de ordine prezente pe traseele de afluire\/defluire, respectiv cu cele de la locul desf\u0103\u0219ur\u0103rii, colaborarea propus\u0103 fiind o condi\u021bie de baz\u0103 pentru desf\u0103\u0219urarea manifesta\u021biilor f\u0103r\u0103 incidente\u201d, a transmis Jandarmeria Bucure\u0219ti.<\/p>\n<p>Jandarmeria Capitalei \u201erecomand\u0103 persoanelor care vor participa la aceste adun\u0103ri publice, dar \u015fi celorlal\u0163i cet\u0103\u0163eni, s\u0103 manifeste \u00een\u0163elegere fa\u0163\u0103 de m\u0103surile luate, s\u0103 adopte un comportament civilizat, s\u0103 respecte indica\u0163iile jandarmilor, s\u0103 evite conflictele de orice natur\u0103 \u0219i s\u0103 anun\u0163e cea mai apropiat\u0103 patrul\u0103 de jandarmi, dac\u0103 observ\u0103 persoane care au un comportament antisocial.\u201d<\/p>\n<h2 class=\"wp-block-heading\">C\u0103lin Georgescu, campanie de imagine la pia\u021b\u0103<\/h2>\n<p>De altfel, fostul candidat C\u0103lin Georgescu a fost luni de la primele ore \u00een Pia\u021ba 16 Februarie din Bucure\u0219ti, unde \u00eenso\u021bit de so\u021bia sa a f\u0103cut mai multe cump\u0103r\u0103turi de la tarabe. El a stat de vorb\u0103 cu mai multe v\u00e2nz\u0103toare \u0219i a oferit un interviu pentru Realitatea Plus \u00een care a vorbit despre produse rom\u00e2ne\u0219ti, potrivit unei film\u0103ri realizate de Inquam Photos.<\/p>\n<p>Ideea boicot\u0103rii supermarketurilor a fost lansat\u0103 de c\u0103tre C\u0103lin Georgescu care i-a \u00eendemnat pe rom\u00e2ni s\u0103 nu mai fac\u0103 cump\u0103r\u0103turi din marile lan\u021buri de retail \u00een ziua de luni, 10 februarie.<\/p>\n<p>\u201eV\u0103 rog, dragii mei rom\u00e2ni, ca luni, pe 10 februarie s\u0103 d\u0103m un semnal clar de demnitate \u015fi verticalitate c\u0103 poporul nu mai tolereaz\u0103 exploatarea \u015fi p\u0103c\u0103lirea noastr\u0103 ca neam \u015fi \u0163ar\u0103. Cu at\u00e2t mai mult cu c\u00e2t aceast\u0103 zi nu a fost aleas\u0103 \u00eent\u00e2mpl\u0103tor. Este ziua Sf\u00e2ntului Haralambie, sf\u00e2ntul rodului care ocrote\u015fte de lipsuri \u015fi de foamete, care aduce bel\u015fug \u00een familie \u015fi \u00een locuri unde este cinstit\u201d, a spus Georgescu \u00eentr-o postare pe Facebook.<\/p>\n<p>El a invocat faptul c\u0103 supermarketurile au introdus case de marcat f\u0103r\u0103 v\u00e2nz\u0103tori pentru a reduce num\u0103rul de angaja\u021bi \u0219i c\u0103 nu ar pl\u0103ti impozitul pe profit.<\/p>\n<p>\u201eA\u021bi venit \u00een Rom\u00e2nia s\u0103 face\u021bi afaceri? Atunci pl\u0103ti\u021bi corect impozitele! Nu mai juca\u021bi cifrele \u00een contabilitate, angaja\u021bi rom\u00e2ni pe care s\u0103-i pl\u0103ti\u021bi demn \u0219i s\u0103 le oferi\u021bi respect a\u0219a cum face\u021bi \u0219i \u00een Occident. Cump\u0103ra\u021bi \u0219i revinde\u021bi produse rom\u00e2ne\u0219ti la pre\u021buri corecte\u201d, a mai spus Georgescu.<\/p>\n<p>Boicotarea marilor retaileri este o idee inspirat\u0103 din Croa\u021bia,.unde\u00a0boicotarea comercian\u021bilor le-a redus substan\u021bial \u00eencas\u0103rile. Organizatorii protestului din Croa\u021bia acuz\u0103 comercian\u021bii c\u0103 sunt principalii responsabili pentru infla\u021bia care a ajuns la 4,5% \u00een decembrie, fa\u021b\u0103 de 2,4% c\u00e2t s-a \u00eenregistrat, \u00een medie, \u00een zona euro. \u00cens\u0103 mai mul\u021bi economi\u0219ti avertizeaz\u0103 c\u0103 impactul acestei ini\u021biative va fi redus \u0219i cred c\u0103 major\u0103rile de pre\u021buri nu sunt principalul factor al infla\u021biei.<\/p>\n<p><a href=\"https:\/\/hotnews.ro\/foto-video-protest-al-sustinatorilor-lui-calin-georgescu-in-piata-victoriei-in-ziua-in-care-fostul-candidat-a-indemnat-la-boicotarea-supermarketurilor-1898334\"><strong>hotnews.ro<\/strong><\/a><\/p>\n<\/div>\n","protected":false},"excerpt":{"rendered":"<div><img loading=\"lazy\" decoding=\"async\" width=\"696\" height=\"463\" src=\"https:\/\/canal5.md\/wp-content\/uploads\/2025\/02\/dsc_2543_1-1-optimized.webp\" class=\"attachment-large size-large wp-post-image\" alt=\"\" srcset=\"https:\/\/canal5.md\/wp-content\/uploads\/2025\/02\/dsc_2543_1-1-optimized.webp 1024w, https:\/\/canal5.md\/wp-content\/uploads\/2025\/02\/dsc_2543_1-1-300x200-optimized.webp 300w, https:\/\/canal5.md\/wp-content\/uploads\/2025\/02\/dsc_2543_1-1-768x511-optimized.webp 768w, https:\/\/canal5.md\/wp-content\/uploads\/2025\/02\/dsc_2543_1-1-696x463-optimized.webp 696w\">Au avut loc ciocniri \u00eentre sus\u021bin\u0103torii lui C\u0103lin Georgescu \u0219i for\u021bele de ordine la manifesta\u021bia din Pia\u021ba Victoriei care a \u00eenceput la ora 11.00 \u0219i s-a \u00eencheiat dup\u0103 aproximativ opt ore. Jandarmeria Bucure\u0219tia a transmis c\u0103 a folosit gaze lacrimogene \u00eentruc\u00e2t cei prezen\u021bi au for\u021bat \u00een repetate r\u00e2nduri dispozitivul de jandarmi. For\u021bele de ordine au [\u2026]<\/div>\n","protected":false},"author":1,"featured_media":66845,"comment_status":"closed","ping_status":"closed","sticky":false,"template":"","format":"standard","meta":{"jnews-multi-image_gallery":[],"jnews_single_post":[],"jnews_primary_category":[],"jnews_social_meta":[],"jnews_override_counter":[],"footnotes":""},"categories":[29],"tags":[],"class_list":["post-66844","post","type-post","status-publish","format-standard","has-post-thumbnail","hentry","category-externe_ro"],"_links":{"self":[{"href":"https:\/\/orheifm.live\/index.php\/wp-json\/wp\/v2\/posts\/66844","targetHints":{"allow":["GET"]}}],"collection":[{"href":"https:\/\/orheifm.live\/index.php\/wp-json\/wp\/v2\/posts"}],"about":[{"href":"https:\/\/orheifm.live\/index.php\/wp-json\/wp\/v2\/types\/post"}],"author":[{"embeddable":true,"href":"https:\/\/orheifm.live\/index.php\/wp-json\/wp\/v2\/users\/1"}],"replies":[{"embeddable":true,"href":"https:\/\/orheifm.live\/index.php\/wp-json\/wp\/v2\/comments?post=66844"}],"version-history":[{"count":0,"href":"https:\/\/orheifm.live\/index.php\/wp-json\/wp\/v2\/posts\/66844\/revisions"}],"wp:featuredmedia":[{"embeddable":true,"href":"https:\/\/orheifm.live\/index.php\/wp-json\/wp\/v2\/media\/66845"}],"wp:attachment":[{"href":"https:\/\/orheifm.live\/index.php\/wp-json\/wp\/v2\/media?parent=66844"}],"wp:term":[{"taxonomy":"category","embeddable":true,"href":"https:\/\/orheifm.live\/index.php\/wp-json\/wp\/v2\/categories?post=66844"},{"taxonomy":"post_tag","embeddable":true,"href":"https:\/\/orheifm.live\/index.php\/wp-json\/wp\/v2\/tags?post=66844"}],"curies":[{"name":"wp","href":"https:\/\/api.w.org\/{rel}","templated":true}]}}