{"id":66829,"date":"2025-02-10T21:58:12","date_gmt":"2025-02-10T19:58:12","guid":{"rendered":"https:\/\/orheifm.live\/index.php\/2025\/02\/10\/unirea-odip-acuza-guvernul-pas-de-noi-manevre-ce-se-afla-in-spatele-ideii-de-unire-a-aeroporturilor-din-chisinau-si-marculesti-video\/"},"modified":"2025-02-10T21:58:12","modified_gmt":"2025-02-10T19:58:12","slug":"unirea-odip-acuza-guvernul-pas-de-noi-manevre-ce-se-afla-in-spatele-ideii-de-unire-a-aeroporturilor-din-chisinau-si-marculesti-video","status":"publish","type":"post","link":"https:\/\/orheifm.live\/index.php\/2025\/02\/10\/unirea-odip-acuza-guvernul-pas-de-noi-manevre-ce-se-afla-in-spatele-ideii-de-unire-a-aeroporturilor-din-chisinau-si-marculesti-video\/","title":{"rendered":"Unirea-ODIP acuz\u0103 guvernul PAS de noi manevre. Ce se afl\u0103 \u00een spatele ideii de unire a aeroporturilor din Chi\u0219in\u0103u \u0219i M\u0103rcule\u0219ti |VIDEO"},"content":{"rendered":"<div>\n<p><strong>O nou\u0103 schem\u0103 de privatizare a activelor publice ar fi \u00een preg\u0103tire \u00een Republica Moldova. Pre\u0219edintele UNIREA-ODIP, Vlad Bile\u021bchi, a declarat c\u0103 proiectul de comasare a aeroporturilor din Chi\u0219in\u0103u \u0219i M\u0103rcule\u0219ti are ca scop reducerea valorii acestora, iar cifrele sc\u0103zute ar putea fi folosite pentru a justifica concesionarea obiectivelor c\u0103tre investitori priva\u021bi. <\/strong><br \/>\n<iframe loading=\"lazy\" title=\"YouTube video player\" src=\"https:\/\/www.youtube.com\/embed\/Ng-m5C2dRoc?si=4rg4M4DM9zS5qu0G\" width=\"560\" height=\"315\" frameborder=\"0\" allowfullscreen=\"allowfullscreen\"><\/iframe><br \/>\nAceste afirma\u021bii vin dup\u0103 ce deputatul PAS, Vasile Gr\u0103dinaru, a vorbit despre revitalizarea aeroportului M\u0103rcule\u0219ti, compar\u00e2nd \u00een mod injust lucrurile cu situa\u021bia din 2020, c\u00e2nd zborurile erau limitate de pandemia Covid.<\/p>\n<p>Potrivit lui Vlad Bile\u021bchi, inten\u021bia actualei guvern\u0103ri de a \u00eenf\u0103ptui fuziunea celor dou\u0103 aerog\u0103ri se face pentru a devaloriza aeroportul din Chi\u0219in\u0103u, ceea ce va duce ulterior concesiunea acestuia. Schema a fost elaborat\u0103 \u00eenc\u0103 de fostul ministru al infrastructurii Andrei Sp\u00e2nu, dup\u0103 ce acesta a realizat c\u0103 licita\u021bia pentru v\u00e2nzarea spa\u021biilor comerciale companiei Lagardere a e\u0219uat, sus\u021bine pre\u0219edintele UNIREA-ODIP.<\/p>\n<p>VLAD BILE\u021aCHI, pre\u0219edintele UNIREA-ODIP<\/p>\n<p>Din punct de vedere legal, aeroportul ar trebui s\u0103 aib\u0103 un master plan. Crede\u021bi c\u0103 l-au f\u0103cut? Nu. Ar trebui s\u0103 fac\u0103 ni\u0219te studii de fezabilitate, care s\u0103 arate c\u00e2t de fezabile sunt aceste investi\u021bii. Care sunt riscurile, avantajele, dezavantajele.<\/p>\n<p>Crede\u021bi c\u0103 l-au f\u0103cut? Nu. Din punct de vedere strategic, aeroportul din M\u0103rcule\u0219ti este amplasat \u00eentr-o zon\u0103 geografic\u0103, ce nu permite s\u0103 fie construit\u0103 o pist\u0103 mai lung\u0103, respectiv, avioanele de tip cargo nu pot ateriza acolo, dec\u00e2t cele de model rusesc, cum ar fi Antonov, Ruslan \u0219i altele. Nu este posibil pentru avioanele Airbus, folosite la ora actual\u0103 \u00een Uniunea European\u0103. M-am consultat cu speciali\u0219ti \u00een domeniu care au activat inclusive pe aeroportul M\u0103rcule\u0219ti \u0219i nu \u00een cele mai mici func\u021bii.<\/p>\n<p>Astfel, Bile\u021bchi afirm\u0103 ce guvernarea PAS a g\u0103sit o solu\u021bie pentru a-\u0219i pune \u00een aplicare planurile, adic\u0103 s\u0103 ob\u021bin\u0103 \u201eg\u0103ina care face ou\u0103 de aur\u201d prin alte metode.<\/p>\n<p>VLAD BILE\u021aCHI, pre\u0219edintele UNIREA-ODIP<\/p>\n<p>Care-i \u0219mecheria? Foarte simplu.<\/p>\n<p>Ei vor s\u0103 ia aeroportul M\u0103rcule\u0219ti, s\u0103-l combine cu Aeroportul Chi\u0219in\u0103u \u0219i s\u0103 fac\u0103 un tot \u00eentreg. Dar \u0219ti\u021bi de ce? Pentru c\u0103, dup\u0103 e\u0219uarea licita\u021biei de la AIC, \u201epartenerul strategic\u201d str\u0103in, care a pl\u0103tit deja bani \u00een avans este nemul\u021bumit de faptul c\u0103 n-a primit ce voia s\u0103 primeasc\u0103, respectiv, ai no\u0219tri fie trebuie s\u0103 \u00eentoarc\u0103 banii, fie s\u0103 ofere ceva mai mult.<\/p>\n<p>\u0218i atunci le-au promis c\u0103 vor combina aeroportul din Chi\u0219in\u0103u, care merge destul de bini\u0219or, cu cel din M\u0103rcule\u0219ti, care este practic \u00een faliment, astfel \u00eenc\u00e2t cifrele totale s\u0103 arate r\u0103u \u0219i s\u0103 poat\u0103 justifica mai u\u0219or de ce preg\u0103tesc ei concesionarea celor dou\u0103 aeropoarte, s\u0103 le dea la al\u021bii pentru c\u0103 ai no\u0219tri nu sunt buni de nimic, ai no\u0219tri pot gestiona doar chestiuni falimentare, iar ceea ce aduce bani, orice g\u0103in\u0103 care aduce ou\u0103 de aur, trebuie s\u0103 o d\u0103m la ceilal\u021bi.<\/p>\n<p>Totodat\u0103, Vlad Bile\u021bchi a atras aten\u021bia c\u0103 deputatul PAS, Vasile Gr\u0103dinaru a manipulat opinia public\u0103, atunci c\u00e2nd a spus c\u0103, de c\u00e2nd PAS a preluat controlul asupra Aeroportului, a crescut substan\u021bial num\u0103rul de pasageri, comparativ cu anul 2020.<\/p>\n<p>Bile\u021bchi a \u021binut s\u0103 precizeze \u00eens\u0103 c\u0103, \u00een acea perioad\u0103, zborurile au fost limitate la maximum din cauza pandemiei, ceea ce a \u0219i dus, de fapt, atunci, la reducerea num\u0103rului de c\u0103l\u0103tori.<\/p>\n<\/div>\n","protected":false},"excerpt":{"rendered":"<div><img loading=\"lazy\" decoding=\"async\" width=\"696\" height=\"466\" src=\"https:\/\/canal5.md\/wp-content\/uploads\/2025\/02\/biletchi-1024x685-optimized.webp\" class=\"attachment-large size-large wp-post-image\" alt=\"\" srcset=\"https:\/\/canal5.md\/wp-content\/uploads\/2025\/02\/biletchi-1024x685-optimized.webp 1024w, https:\/\/canal5.md\/wp-content\/uploads\/2025\/02\/biletchi-300x201-optimized.webp 300w, https:\/\/canal5.md\/wp-content\/uploads\/2025\/02\/biletchi-768x514-optimized.webp 768w, https:\/\/canal5.md\/wp-content\/uploads\/2025\/02\/biletchi-1536x1028-optimized.webp 1536w, https:\/\/canal5.md\/wp-content\/uploads\/2025\/02\/biletchi-696x466-optimized.webp 696w, https:\/\/canal5.md\/wp-content\/uploads\/2025\/02\/biletchi-1068x715-optimized.webp 1068w, https:\/\/canal5.md\/wp-content\/uploads\/2025\/02\/biletchi-1920x1285-optimized.webp 1920w, https:\/\/canal5.md\/wp-content\/uploads\/2025\/02\/biletchi-optimized.webp 2019w\">O nou\u0103 schem\u0103 de privatizare a activelor publice ar fi \u00een preg\u0103tire \u00een Republica Moldova. Pre\u0219edintele UNIREA-ODIP, Vlad Bile\u021bchi, a declarat c\u0103 proiectul de comasare a aeroporturilor din Chi\u0219in\u0103u \u0219i M\u0103rcule\u0219ti are ca scop reducerea valorii acestora, iar cifrele sc\u0103zute ar putea fi folosite pentru a justifica concesionarea obiectivelor c\u0103tre investitori priva\u021bi. Aceste afirma\u021bii vin [\u2026]<\/div>\n","protected":false},"author":1,"featured_media":0,"comment_status":"closed","ping_status":"closed","sticky":false,"template":"","format":"standard","meta":{"jnews-multi-image_gallery":[],"jnews_single_post":[],"jnews_primary_category":[],"jnews_social_meta":[],"jnews_override_counter":[],"footnotes":""},"categories":[23],"tags":[],"class_list":["post-66829","post","type-post","status-publish","format-standard","hentry","category-politica_ro"],"_links":{"self":[{"href":"https:\/\/orheifm.live\/index.php\/wp-json\/wp\/v2\/posts\/66829","targetHints":{"allow":["GET"]}}],"collection":[{"href":"https:\/\/orheifm.live\/index.php\/wp-json\/wp\/v2\/posts"}],"about":[{"href":"https:\/\/orheifm.live\/index.php\/wp-json\/wp\/v2\/types\/post"}],"author":[{"embeddable":true,"href":"https:\/\/orheifm.live\/index.php\/wp-json\/wp\/v2\/users\/1"}],"replies":[{"embeddable":true,"href":"https:\/\/orheifm.live\/index.php\/wp-json\/wp\/v2\/comments?post=66829"}],"version-history":[{"count":0,"href":"https:\/\/orheifm.live\/index.php\/wp-json\/wp\/v2\/posts\/66829\/revisions"}],"wp:attachment":[{"href":"https:\/\/orheifm.live\/index.php\/wp-json\/wp\/v2\/media?parent=66829"}],"wp:term":[{"taxonomy":"category","embeddable":true,"href":"https:\/\/orheifm.live\/index.php\/wp-json\/wp\/v2\/categories?post=66829"},{"taxonomy":"post_tag","embeddable":true,"href":"https:\/\/orheifm.live\/index.php\/wp-json\/wp\/v2\/tags?post=66829"}],"curies":[{"name":"wp","href":"https:\/\/api.w.org\/{rel}","templated":true}]}}