{"id":66825,"date":"2025-02-10T21:44:59","date_gmt":"2025-02-10T19:44:59","guid":{"rendered":"https:\/\/orheifm.live\/index.php\/2025\/02\/10\/bloomberg-europa-in-pragul-unei-noi-crize-energetice-ce-ar-putea-sa-declanseze-noi-probleme-economice\/"},"modified":"2025-02-10T21:44:59","modified_gmt":"2025-02-10T19:44:59","slug":"bloomberg-europa-in-pragul-unei-noi-crize-energetice-ce-ar-putea-sa-declanseze-noi-probleme-economice","status":"publish","type":"post","link":"https:\/\/orheifm.live\/index.php\/2025\/02\/10\/bloomberg-europa-in-pragul-unei-noi-crize-energetice-ce-ar-putea-sa-declanseze-noi-probleme-economice\/","title":{"rendered":"Bloomberg: Europa, \u00een pragul unei noi crize energetice ce ar putea s\u0103 declan\u0219eze noi probleme economice"},"content":{"rendered":"<div>\n<p><strong>Dup\u0103 o lupt\u0103 \u00eendelungat\u0103 cu facturile mari, cu infla\u021bia ridicat\u0103 \u0219i cu sc\u0103derea activit\u0103\u021bii industriale provocat\u0103 de criza energetic\u0103 din anul 2022, Europa este \u00een pragul unei noi crize energetice ce ar putea declan\u0219a noi probleme economice, a transmis Bloomberg.<\/strong><\/p>\n<p>Luni, pre\u021burile de referin\u021b\u0103 la gaze au crescut cu 5,4%, p\u00e2n\u0103 la 58,75 euro pentru un Megawat-or\u0103. Este vorba despre cel mai ridicat pre\u021b care s-a \u00eenregistrat dup\u0103 luna februarie 2023, \u00een condi\u021biile \u00een care cota\u021biile futures au crescut vreme de patru s\u0103pt\u0103m\u00e2ni la r\u00e2nd.<\/p>\n<p>Depozitele de gaze din Europa se golesc rapid \u00een aceast\u0103 iarn\u0103 \u0219i nu exist\u0103 stimulente economice pentru ca marile companii de utilit\u0103\u021bi, ca Uniper sau Eni, s\u0103 \u00ee\u0219i fac\u0103 rezerve de gaze la pre\u021burile actuale. \u00cen consecin\u021b\u0103, s-au \u00eenmul\u021bit \u00eengrijor\u0103rile \u00een ce prive\u0219te stocarea de gaze \u00een vara acestui an, precum \u0219i \u00een ce prive\u0219te aprovizionarea cu gaze \u00een iarna ce va veni.<\/p>\n<p>Datele despre gradul de umplere a depozitelor de gaze au devenit cifre esen\u021biale, iar deciden\u021bii sunt \u00eengrijora\u021bi pentru c\u0103 Europa a \u00eenceput s\u0103 se bazeze mai mult pe surse intermitente de energie, ca v\u00e2ntul. \u00cens\u0103 absen\u021ba v\u00e2ntului \u00een aceast\u0103 iarn\u0103, cumulat\u0103 cu vremea friguroas\u0103 \u0219i pierderea tranzitului gazelor ruse\u0219ti prin Ucraina la \u00eenceputul anului, au for\u021bat \u021b\u0103rile din Europa s\u0103 recurg\u0103 la gazele din depozite.<\/p>\n<p>La ora actual\u0103, gradul de umplere a depozitelor de gaze din Europa este la jum\u0103tate, \u00eensemn\u00e2nd cel mai redus nivel pentru acest moment al anului de dup\u0103 2022. Pre\u021bul gazelor cu livrare la var\u0103 este at\u00e2t de mare \u00eenc\u00e2t nu este profitabil s\u0103 reumpli depozitele, fapt care \u00eenseamn\u0103 c\u0103 guvernele vor trebui s\u0103 intervin\u0103.<\/p>\n<p>\u201eDepozitele care se golesc rapid scot \u00een eviden\u0163\u0103 fragilitatea aprovizion\u0103rii Europei\u201d, sus\u0163ine Patricio Alvarez, analist la Bloomberg Intelligence. Pierderea celei mai mari p\u0103r\u0163i din gazele ruse\u015fti \u00een ultimii trei ani \u201ea f\u0103cut pie\u0163ele de gaze europene mai vulnerabile la \u015focurile de pre\u0163uri ca r\u0103spuns la \u00eentreruperile pe termen scurt, cererea de gaze lichefiate din Asia \u015fi schimbarea vremii\u201d, a ad\u0103ugat Patricio Alvarez, potrivit stirileprotv.ro.<\/p>\n<p>De asemenea, un raport al ICIS estimeaz\u0103 c\u0103 \u00een luna februarie 2025, consumul de gaze al Europei ar urma s\u0103 fie cu 17% mai mare dec\u00e2t \u00een luna februarie 2024, ca urmare a cererii din sectoarele reziden\u021bial \u0219i comercial. Iar iarna \u00eenc\u0103 nu a trecut: Europa de Nord-Vest se preg\u0103te\u0219te pentru vremea geroas\u0103 din zilele urm\u0103toare, fapt care va majora \u0219i mai mult cererea de \u00eenc\u0103lzire, va goli \u0219i mai tare depozitele \u0219i va alimenta \u0219irul de major\u0103ri de pre\u021buri.<\/p>\n<p>\u201eRiscul ca Uniunea European\u0103 s\u0103 intre \u00een prim\u0103var\u0103 cu un grad redus de umplere a depozitelor a crescut \u00een ultimele s\u0103pt\u0103m\u00e2ni. Nu doar cota\u0163iile pentru luna urm\u0103toare au crescut dar au crescut \u015fi pre\u0163urile pentru calendarul 2026-2027\u201d, spune Arne Lohmann Rasmussen, analist \u015fef la Global Risk Management.<\/p>\n<p>Urm\u0103torul sezon de lucr\u0103ri de mentenan\u021b\u0103 la instala\u021biile de gaze din Norvegia ar putea reduce livr\u0103rile \u00eentr-un moment \u00een care pia\u021ba este deja tensionat\u0103. Traderii mai urm\u0103resc \u0219i impactul tarifelor americane \u0219i posibilele represalii, precum \u0219i discu\u021biile despre livrarea de gaze ruse\u0219ti, \u00een condi\u021biile \u00een care o serie de \u021b\u0103ri din Europa Central\u0103 solicit \u00een continuare reluarea tranzitului gazelor ruse\u0219ti via Ucraina.<\/p>\n<p>\u00a0<\/p>\n<\/div>\n","protected":false},"excerpt":{"rendered":"<div><img loading=\"lazy\" decoding=\"async\" width=\"696\" height=\"392\" src=\"https:\/\/canal5.md\/wp-content\/uploads\/2025\/02\/gas-stove-burner-2025-01-15-12-30-31-utc-1280x960-2-1024x576-optimized.webp\" class=\"attachment-large size-large wp-post-image\" alt=\"\" srcset=\"https:\/\/canal5.md\/wp-content\/uploads\/2025\/02\/gas-stove-burner-2025-01-15-12-30-31-utc-1280x960-2-1024x576-optimized.webp 1024w, https:\/\/canal5.md\/wp-content\/uploads\/2025\/02\/gas-stove-burner-2025-01-15-12-30-31-utc-1280x960-2-300x169-optimized.webp 300w, https:\/\/canal5.md\/wp-content\/uploads\/2025\/02\/gas-stove-burner-2025-01-15-12-30-31-utc-1280x960-2-768x432-optimized.webp 768w, https:\/\/canal5.md\/wp-content\/uploads\/2025\/02\/gas-stove-burner-2025-01-15-12-30-31-utc-1280x960-2-696x392-optimized.webp 696w, https:\/\/canal5.md\/wp-content\/uploads\/2025\/02\/gas-stove-burner-2025-01-15-12-30-31-utc-1280x960-2-1068x601-optimized.webp 1068w, https:\/\/canal5.md\/wp-content\/uploads\/2025\/02\/gas-stove-burner-2025-01-15-12-30-31-utc-1280x960-2-optimized.webp 1280w\">Dup\u0103 o lupt\u0103 \u00eendelungat\u0103 cu facturile mari, cu infla\u021bia ridicat\u0103 \u0219i cu sc\u0103derea activit\u0103\u021bii industriale provocat\u0103 de criza energetic\u0103 din anul 2022, Europa este \u00een pragul unei noi crize energetice ce ar putea declan\u0219a noi probleme economice, a transmis Bloomberg. Luni, pre\u021burile de referin\u021b\u0103 la gaze au crescut cu 5,4%, p\u00e2n\u0103 la 58,75 euro pentru [\u2026]<\/div>\n","protected":false},"author":1,"featured_media":66826,"comment_status":"closed","ping_status":"closed","sticky":false,"template":"","format":"standard","meta":{"jnews-multi-image_gallery":[],"jnews_single_post":[],"jnews_primary_category":[],"jnews_social_meta":[],"jnews_override_counter":[],"footnotes":""},"categories":[30],"tags":[],"class_list":["post-66825","post","type-post","status-publish","format-standard","has-post-thumbnail","hentry","category-social_ro"],"_links":{"self":[{"href":"https:\/\/orheifm.live\/index.php\/wp-json\/wp\/v2\/posts\/66825","targetHints":{"allow":["GET"]}}],"collection":[{"href":"https:\/\/orheifm.live\/index.php\/wp-json\/wp\/v2\/posts"}],"about":[{"href":"https:\/\/orheifm.live\/index.php\/wp-json\/wp\/v2\/types\/post"}],"author":[{"embeddable":true,"href":"https:\/\/orheifm.live\/index.php\/wp-json\/wp\/v2\/users\/1"}],"replies":[{"embeddable":true,"href":"https:\/\/orheifm.live\/index.php\/wp-json\/wp\/v2\/comments?post=66825"}],"version-history":[{"count":0,"href":"https:\/\/orheifm.live\/index.php\/wp-json\/wp\/v2\/posts\/66825\/revisions"}],"wp:featuredmedia":[{"embeddable":true,"href":"https:\/\/orheifm.live\/index.php\/wp-json\/wp\/v2\/media\/66826"}],"wp:attachment":[{"href":"https:\/\/orheifm.live\/index.php\/wp-json\/wp\/v2\/media?parent=66825"}],"wp:term":[{"taxonomy":"category","embeddable":true,"href":"https:\/\/orheifm.live\/index.php\/wp-json\/wp\/v2\/categories?post=66825"},{"taxonomy":"post_tag","embeddable":true,"href":"https:\/\/orheifm.live\/index.php\/wp-json\/wp\/v2\/tags?post=66825"}],"curies":[{"name":"wp","href":"https:\/\/api.w.org\/{rel}","templated":true}]}}