{"id":66821,"date":"2025-02-10T21:13:25","date_gmt":"2025-02-10T19:13:25","guid":{"rendered":"https:\/\/orheifm.live\/index.php\/2025\/02\/10\/se-anunta-noi-intreruperi-in-aprovizionarea-cu-apa\/"},"modified":"2025-02-10T21:13:25","modified_gmt":"2025-02-10T19:13:25","slug":"se-anunta-noi-intreruperi-in-aprovizionarea-cu-apa","status":"publish","type":"post","link":"https:\/\/orheifm.live\/index.php\/2025\/02\/10\/se-anunta-noi-intreruperi-in-aprovizionarea-cu-apa\/","title":{"rendered":"Se anun\u021b\u0103 noi \u00eentreruperi \u00een aprovizionarea cu ap\u0103"},"content":{"rendered":"<div>\n<p><strong>Prim\u0103ria Chi\u0219in\u0103u informeaz\u0103 c\u0103, \u00een leg\u0103tur\u0103 cu executarea lucr\u0103rilor planificate, S.A. \u201eAp\u0103-Canal Chi\u0219in\u0103u\u201d este nevoit\u0103 s\u0103 \u00eentrerup\u0103 furnizarea apei potabile mar\u021bi, 11 februarie 2025.<\/strong><\/p>\n<p>Astfel, \u00een intervalul orelor 09:00 \u2013 15:00, furnizarea apei va fi \u00eentrerupt\u0103 pentru consumatorii de pe str\u0103zile Maria Dr\u0103gan, 4\/1, 4\/2, Otovasca, 21 (inclusiv cu frac\u021bii) \u0219i bd. Mircea cel B\u0103tr\u00een, 28, 28\/1.<\/p>\n<p>\u201dNe cerem scuze pentru disconfortul cauzat de \u00eentreruperea temporar\u0103 a apei potabile. Echipele noastre vor pune maxim efort pentru remediere rapid\u0103 a problemei. T<\/p>\n<p>otodat\u0103, recomand\u0103m consumatorilor s\u0103-\u0219i asigure o rezerv\u0103 minim\u0103 de ap\u0103 pentru uz casnic. \u201dPentru informa\u021bii suplimentare agresa\u021bi-v\u0103 la Departamentul dispecerat tel. 022-25-66-66 sau 022-85-77-77\u201d, se arat\u0103 \u00een nota de pres\u0103.<\/p>\n<\/div>\n","protected":false},"excerpt":{"rendered":"<div><img loading=\"lazy\" decoding=\"async\" width=\"696\" height=\"458\" src=\"https:\/\/canal5.md\/wp-content\/uploads\/2025\/02\/796907-optimized.webp\" class=\"attachment-large size-large wp-post-image\" alt=\"\" srcset=\"https:\/\/canal5.md\/wp-content\/uploads\/2025\/02\/796907-optimized.webp 760w, https:\/\/canal5.md\/wp-content\/uploads\/2025\/02\/796907-300x197-optimized.webp 300w, https:\/\/canal5.md\/wp-content\/uploads\/2025\/02\/796907-696x458-optimized.webp 696w\">Prim\u0103ria Chi\u0219in\u0103u informeaz\u0103 c\u0103, \u00een leg\u0103tur\u0103 cu executarea lucr\u0103rilor planificate, S.A. \u201eAp\u0103-Canal Chi\u0219in\u0103u\u201d este nevoit\u0103 s\u0103 \u00eentrerup\u0103 furnizarea apei potabile mar\u021bi, 11 februarie 2025. Astfel, \u00een intervalul orelor 09:00 \u2013 15:00, furnizarea apei va fi \u00eentrerupt\u0103 pentru consumatorii de pe str\u0103zile Maria Dr\u0103gan, 4\/1, 4\/2, Otovasca, 21 (inclusiv cu frac\u021bii) \u0219i bd. Mircea cel B\u0103tr\u00een, [\u2026]<\/div>\n","protected":false},"author":1,"featured_media":66822,"comment_status":"closed","ping_status":"closed","sticky":false,"template":"","format":"standard","meta":{"jnews-multi-image_gallery":[],"jnews_single_post":[],"jnews_primary_category":[],"jnews_social_meta":[],"jnews_override_counter":[],"footnotes":""},"categories":[30],"tags":[],"class_list":["post-66821","post","type-post","status-publish","format-standard","has-post-thumbnail","hentry","category-social_ro"],"_links":{"self":[{"href":"https:\/\/orheifm.live\/index.php\/wp-json\/wp\/v2\/posts\/66821","targetHints":{"allow":["GET"]}}],"collection":[{"href":"https:\/\/orheifm.live\/index.php\/wp-json\/wp\/v2\/posts"}],"about":[{"href":"https:\/\/orheifm.live\/index.php\/wp-json\/wp\/v2\/types\/post"}],"author":[{"embeddable":true,"href":"https:\/\/orheifm.live\/index.php\/wp-json\/wp\/v2\/users\/1"}],"replies":[{"embeddable":true,"href":"https:\/\/orheifm.live\/index.php\/wp-json\/wp\/v2\/comments?post=66821"}],"version-history":[{"count":0,"href":"https:\/\/orheifm.live\/index.php\/wp-json\/wp\/v2\/posts\/66821\/revisions"}],"wp:featuredmedia":[{"embeddable":true,"href":"https:\/\/orheifm.live\/index.php\/wp-json\/wp\/v2\/media\/66822"}],"wp:attachment":[{"href":"https:\/\/orheifm.live\/index.php\/wp-json\/wp\/v2\/media?parent=66821"}],"wp:term":[{"taxonomy":"category","embeddable":true,"href":"https:\/\/orheifm.live\/index.php\/wp-json\/wp\/v2\/categories?post=66821"},{"taxonomy":"post_tag","embeddable":true,"href":"https:\/\/orheifm.live\/index.php\/wp-json\/wp\/v2\/tags?post=66821"}],"curies":[{"name":"wp","href":"https:\/\/api.w.org\/{rel}","templated":true}]}}